{"id":217597,"date":"2016-09-06T09:22:34","date_gmt":"2016-09-06T09:22:34","guid":{"rendered":"http:\/\/diariodominicano.ddns.net\/?p=217597"},"modified":"2016-09-06T09:22:34","modified_gmt":"2016-09-06T09:22:34","slug":"establecen-alianzas-estrategicas-para-promover-los-derechos-del-consumidor","status":"publish","type":"post","link":"https:\/\/diariodominicano.com\/?p=217597","title":{"rendered":"Establecen alianzas estrat\u00e9gicas para promover los derechos del consumidor"},"content":{"rendered":"<p><body><\/p>\n<p><img decoding=\"async\" src=\"img3\/proconsumidor 6-9.jpg\" \/>  <\/p>\n<p><span class=\"text1noticias\">Santo Domingo, R. D., 6 de septiembre.-  Pro Consumidor firm\u00f3 este lunes dos convenios con la Asociaci\u00f3n  de Abogados y la Asociaci\u00f3n de Mayoristas en Provisiones (AMAPROSAN) de la provincia de Santiago de los Caballeros,  con el fin de propiciar sinergias con entidades p\u00fablicas y privadas y promover los derechos de los consumidores y usuarios conforme a las disposiciones de las normativas vigentes.<\/span><\/p>\n<p><span class=\"text1noticias\"> <\/span><\/p>\n<p><span class=\"text1noticias\">Estos acuerdos est\u00e1n enmarcados en el programa de expansi\u00f3n de convenios interinstitucionales que realiza Pro Consumidor en toda la geograf\u00eda nacional, con el objetivo de que todos los ciudadanos conozcan de sus derechos a trav\u00e9s de nuestra Ley 358-05.<\/span><\/p>\n<p><span class=\"text1noticias\"> <\/span><\/p>\n<p><span class=\"text1noticias\">Las instituciones se comprometen a impulsar el Derecho de Consumo a trav\u00e9s de actividades conjuntas encaminadas a educar, integrar y fomentar los conocimientos de sus distintos miembros, en v\u00edas de fortalecer la defensa y protecci\u00f3n de los consumidores del pa\u00eds.<\/span><\/p>\n<p><span class=\"text1noticias\"> <\/span><\/p>\n<p><span class=\"text1noticias\">Mediante la firma con la Asociaci\u00f3n de Abogados, Pro Consumidor tiene como objetivo, ense\u00f1ar a los abogados las principales acciones derivadas del consumo y de c\u00f3mo proteger sus intereses y la de sus  clientes como consumidores de bienes y servicios.<\/span><\/p>\n<p><span class=\"text1noticias\"> <\/span><\/p>\n<p><span class=\"text1noticias\">Adem\u00e1s de incentivar la conciliaci\u00f3n en Derecho de Consumo, en procura de buscar alternativas m\u00e1s viables  en  los conflictos que presentan los consumidores en el mercado.<\/span><\/p>\n<p><span class=\"text1noticias\"> <\/span><\/p>\n<p><span class=\"text1noticias\">Mientras con AMAPROSAN se persigue promover las Buenas Pr\u00e1cticas Comerciales, para que este sector garantice la calidad de las provisiones distribuidas, as\u00ed como tambi\u00e9n que junto a sus afiliados garanticen que la cadena de distribuci\u00f3n no implique un incremento en los costos adicionales, que puedan perjudicar el precio final en que los consumidores reciben los productos alimenticios.<\/span><\/p>\n<p><span class=\"text1noticias\"> <\/span><\/p>\n<p><span class=\"text1noticias\">La directora de Pro Consumidor, Anina Del Castillo enfatiz\u00f3 que es importante orientar a los socios mayoristas que comercializan productos alimenticios en tema como el etiquetado, la inocuidad sanitaria, precios adecuados y eficientes canales de distribuci\u00f3n, donde los consumidores tengan acceso a mejores productos y a mejor bajo precio.<\/span><\/p>\n<p><span class=\"text1noticias\"> <\/span><\/p>\n<p><span class=\"text1noticias\"> \u00abEs relevante para la entidad estas acciones conjuntas para garantizar los derechos de los consumidores en todos los \u00e1mbitos de la sociedad y crear mecanismos que ayuden a la poblaci\u00f3n a sentirse portadores de derechos y que los reclamen\u00bb, agreg\u00f3 Del Castillo.<\/span><\/p>\n<p><span class=\"text1noticias\"> <\/span><\/p>\n<p><span class=\"text1noticias\">Resalt\u00f3 que la provincia de Santiago, es la segunda ciudad m\u00e1s importante por su incidencia econ\u00f3mica y comercial en toda la regi\u00f3n norte del pa\u00eds.<\/span><\/p>\n<p><span class=\"text1noticias\"> <\/span><\/p>\n<p><span class=\"text1noticias\">Rubricaron  por la Asociaci\u00f3n de Abogados de Santiago, Jos\u00e9 Dolores Jim\u00e9nez; por la Asociaci\u00f3n de Mayoristas en Provisiones (AMAPROSAN), Julio Cesar P\u00e9rez Mata y la directora de Pro Consumidor, Anina Del Castillo, en el marco del programa de actividades que tiene la entidad, a prop\u00f3sito de celebrarse este 9 de septiembre el d\u00e9cimo Aniversario de Pro Consumidor y el D\u00eda Nacional de los Derechos del Consumi<\/span>dor<\/p>\n<\/p>\n<h6> 2016-09-06 09:22:34 <\/h6>\n<p><!--\n<link rel=\"stylesheet\" href=\"css\/bootstrap.min.css\">\n\n\n<ul class=\"pagination\">\n\t    \n\t\n\n<li >\n\t<a href='?page_no=12101'>Previous<\/a>\n\t<\/li>\n\n\n       \n    \n\n<li><a href='?page_no=1'>1<\/a><\/li>\n\n\n\n<li><a href='?page_no=2'>2<\/a><\/li>\n\n\n\n<li><a>...<\/a><\/li>\n\n\n\n<li><a href='?page_no=12100'>12100<\/a><\/li>\n\n\n\n<li><a href='?page_no=12101'>12101<\/a><\/li>\n\n\n\n<li class='active'><a>12102<\/a><\/li>\n\n\n\n<li><a href='?page_no=12103'>12103<\/a><\/li>\n\n\n\n<li><a href='?page_no=12104'>12104<\/a><\/li>\n\n\n\n<li><a>...<\/a><\/li>\n\n\n\n<li><a href='?page_no=56169'>56169<\/a><\/li>\n\n\n\n<li><a href='?page_no=56170'>56170<\/a><\/li>\n\n    \n\t\n\n<li >\n\t<a href='?page_no=12103'>Next<\/a>\n\t<\/li>\n\n\n    \n\n<li><a href='?page_no=56170'>Last &rsaquo;&rsaquo;<\/a><\/li>\n\n<\/ul>\n\n\n--><br \/>\n<\/body><\/p>\n","protected":false},"excerpt":{"rendered":"<p>Santo Domingo, R. D., 6 de septiembre.- Pro Consumidor firm\u00f3 este lunes dos convenios con la Asociaci\u00f3n de Abogados y la Asociaci\u00f3n de Mayoristas en Provisiones (AMAPROSAN) de la provincia de Santiago de los Caballeros, con el fin de propiciar sinergias con entidades p\u00fablicas y privadas y promover los derechos de los consumidores y usuarios [&hellip;]<\/p>\n","protected":false},"author":3,"featured_media":0,"comment_status":"open","ping_status":"open","sticky":false,"template":"","format":"standard","meta":{"footnotes":""},"categories":[20],"tags":[],"class_list":["post-217597","post","type-post","status-publish","format-standard","hentry","category-dominicana-hoy"],"_links":{"self":[{"href":"https:\/\/diariodominicano.com\/index.php?rest_route=\/wp\/v2\/posts\/217597","targetHints":{"allow":["GET"]}}],"collection":[{"href":"https:\/\/diariodominicano.com\/index.php?rest_route=\/wp\/v2\/posts"}],"about":[{"href":"https:\/\/diariodominicano.com\/index.php?rest_route=\/wp\/v2\/types\/post"}],"author":[{"embeddable":true,"href":"https:\/\/diariodominicano.com\/index.php?rest_route=\/wp\/v2\/users\/3"}],"replies":[{"embeddable":true,"href":"https:\/\/diariodominicano.com\/index.php?rest_route=%2Fwp%2Fv2%2Fcomments&post=217597"}],"version-history":[{"count":0,"href":"https:\/\/diariodominicano.com\/index.php?rest_route=\/wp\/v2\/posts\/217597\/revisions"}],"wp:attachment":[{"href":"https:\/\/diariodominicano.com\/index.php?rest_route=%2Fwp%2Fv2%2Fmedia&parent=217597"}],"wp:term":[{"taxonomy":"category","embeddable":true,"href":"https:\/\/diariodominicano.com\/index.php?rest_route=%2Fwp%2Fv2%2Fcategories&post=217597"},{"taxonomy":"post_tag","embeddable":true,"href":"https:\/\/diariodominicano.com\/index.php?rest_route=%2Fwp%2Fv2%2Ftags&post=217597"}],"curies":[{"name":"wp","href":"https:\/\/api.w.org\/{rel}","templated":true}]}}