{"id":217596,"date":"2016-09-06T10:12:15","date_gmt":"2016-09-06T10:12:15","guid":{"rendered":"http:\/\/diariodominicano.ddns.net\/?p=217596"},"modified":"2016-09-06T10:12:15","modified_gmt":"2016-09-06T10:12:15","slug":"codue-considera-legisladores-deben-tomar-en-cuenta-aportes-de-sociedad-civil","status":"publish","type":"post","link":"https:\/\/diariodominicano.com\/?p=217596","title":{"rendered":"CODUE considera legisladores deben tomar en cuenta aportes de sociedad civil"},"content":{"rendered":"<p><body><\/p>\n<p><img decoding=\"async\" src=\"img3\/codue 6-9.jpg\" \/>  <\/p>\n<p><span class=\"text1noticias\">Santo Domingo, R. D., 6 de septiembre.- El presidente del Consejo Dominicano de Unidad Evang\u00e9lica (CODUE), Reverendo Fidel Lorenzo Mer\u00e1n consider\u00f3 como necesario e indispensable tomar en cuenta los aportes de la sociedad civil en los pactos pol\u00edticos, para la escogencia de los miembros de la Junta Central Electoral, la C\u00e1mara de Cuentas y las altas cortes para tener el mejor perfil posible de candidatos que puedan ocupar dichas instituciones.<\/span><\/p>\n<p><span class=\"text1noticias\"> <\/span><\/p>\n<p><span class=\"text1noticias\">El presidente de CODUE tambi\u00e9n dijo que un amplio consenso social es recomendable, ya que no ser\u00eda saludable que en la selecci\u00f3n de los candidatos a esas posiciones tan delicadas, sea una tarea nada m\u00e1s de los partidos. <\/span><\/p>\n<p><span class=\"text1noticias\"> <\/span><\/p>\n<p><span class=\"text1noticias\">\u00abEs vital que tengamos jueces y \u00e1rbitro probos, sin vinculaci\u00f3n pol\u00edtica o econ\u00f3mica con sectores particulares para evitar procesos traum\u00e1ticos y dolorosos como los que ha vivido la sociedad dominicana en los \u00faltimos a\u00f1os\u00bb, dijo Lorenzo Meran.<\/span><\/p>\n<p><span class=\"text1noticias\"> <\/span><\/p>\n<p><span class=\"text1noticias\">Destac\u00f3 que para un real ejercicio de un Estado de Derecho en Rep\u00fablica Dominicana, tener buenos jueces y \u00e1rbitros en la aplicaci\u00f3n, supervisi\u00f3n o control de la norma sustantiva o las leyes adjetivas es indispensable.<\/span><\/p>\n<p><span class=\"text1noticias\"> <\/span><\/p>\n<p><span class=\"text1noticias\">Se\u00f1al\u00f3 que sin buenos jueces la democracia es pr\u00e1cticamente disfuncional y las garant\u00edas y derechos pueden ser conculcados  sin que el ciudadano pueda tener respuesta a reclamos por falta de justicia social.<\/span><\/p>\n<p><span class=\"text1noticias\"> <\/span><\/p>\n<p><span class=\"text1noticias\">\u00abLo ideal es que el consenso sea extra partidario, que se tome en cuenta s\u00f3lo las condiciones morales  y de capacidad de las personas para ocupar los cargos de las altas cortes\u00bb, expres\u00f3 el presidente de CODUE.<\/span><\/p>\n<p><span class=\"text1noticias\"> <\/span><\/p>\n<p><span class=\"text1noticias\">En ese sentido signific\u00f3 los aportes de CODUE y otras instituciones  en la Iniciativa por la Institucionalidad Democr\u00e1tica y la Acci\u00f3n por la Justicia y la Seguridad, para la elaboraci\u00f3n de un perfil de candidatos para la Junta Central Electoral, C\u00e1mara de Cuentas e intercambiando propuestas con los l\u00edderes pol\u00edticos.<\/span><\/p>\n<p><span class=\"text1noticias\"> <\/span><\/p>\n<p><span class=\"text1noticias\">Advirti\u00f3 que la poblaci\u00f3n tiene sus expectativas centradas en lo que ocurrir\u00e1 en los pr\u00f3ximos meses respecto a la selecci\u00f3n de estos jueces, ya que de ah\u00ed depende el ejercicio de sus derechos y que CODUE estar\u00e1 vigilante  para que las mismas sean id\u00f3neas en la medida de lo posi<\/span>ble.<\/p>\n<\/p>\n<h6> 2016-09-06 10:12:15 <\/h6>\n<p><!--\n<link rel=\"stylesheet\" href=\"css\/bootstrap.min.css\">\n\n\n<ul class=\"pagination\">\n\t    \n\t\n\n<li >\n\t<a href='?page_no=12100'>Previous<\/a>\n\t<\/li>\n\n\n       \n    \n\n<li><a href='?page_no=1'>1<\/a><\/li>\n\n\n\n<li><a href='?page_no=2'>2<\/a><\/li>\n\n\n\n<li><a>...<\/a><\/li>\n\n\n\n<li><a href='?page_no=12099'>12099<\/a><\/li>\n\n\n\n<li><a href='?page_no=12100'>12100<\/a><\/li>\n\n\n\n<li class='active'><a>12101<\/a><\/li>\n\n\n\n<li><a href='?page_no=12102'>12102<\/a><\/li>\n\n\n\n<li><a href='?page_no=12103'>12103<\/a><\/li>\n\n\n\n<li><a>...<\/a><\/li>\n\n\n\n<li><a href='?page_no=56169'>56169<\/a><\/li>\n\n\n\n<li><a href='?page_no=56170'>56170<\/a><\/li>\n\n    \n\t\n\n<li >\n\t<a href='?page_no=12102'>Next<\/a>\n\t<\/li>\n\n\n    \n\n<li><a href='?page_no=56170'>Last &rsaquo;&rsaquo;<\/a><\/li>\n\n<\/ul>\n\n\n--><br \/>\n<\/body><\/p>\n","protected":false},"excerpt":{"rendered":"<p>Santo Domingo, R. D., 6 de septiembre.- El presidente del Consejo Dominicano de Unidad Evang\u00e9lica (CODUE), Reverendo Fidel Lorenzo Mer\u00e1n consider\u00f3 como necesario e indispensable tomar en cuenta los aportes de la sociedad civil en los pactos pol\u00edticos, para la escogencia de los miembros de la Junta Central Electoral, la C\u00e1mara de Cuentas y las [&hellip;]<\/p>\n","protected":false},"author":3,"featured_media":0,"comment_status":"open","ping_status":"open","sticky":false,"template":"","format":"standard","meta":{"footnotes":""},"categories":[20],"tags":[],"class_list":["post-217596","post","type-post","status-publish","format-standard","hentry","category-dominicana-hoy"],"_links":{"self":[{"href":"https:\/\/diariodominicano.com\/index.php?rest_route=\/wp\/v2\/posts\/217596","targetHints":{"allow":["GET"]}}],"collection":[{"href":"https:\/\/diariodominicano.com\/index.php?rest_route=\/wp\/v2\/posts"}],"about":[{"href":"https:\/\/diariodominicano.com\/index.php?rest_route=\/wp\/v2\/types\/post"}],"author":[{"embeddable":true,"href":"https:\/\/diariodominicano.com\/index.php?rest_route=\/wp\/v2\/users\/3"}],"replies":[{"embeddable":true,"href":"https:\/\/diariodominicano.com\/index.php?rest_route=%2Fwp%2Fv2%2Fcomments&post=217596"}],"version-history":[{"count":0,"href":"https:\/\/diariodominicano.com\/index.php?rest_route=\/wp\/v2\/posts\/217596\/revisions"}],"wp:attachment":[{"href":"https:\/\/diariodominicano.com\/index.php?rest_route=%2Fwp%2Fv2%2Fmedia&parent=217596"}],"wp:term":[{"taxonomy":"category","embeddable":true,"href":"https:\/\/diariodominicano.com\/index.php?rest_route=%2Fwp%2Fv2%2Fcategories&post=217596"},{"taxonomy":"post_tag","embeddable":true,"href":"https:\/\/diariodominicano.com\/index.php?rest_route=%2Fwp%2Fv2%2Ftags&post=217596"}],"curies":[{"name":"wp","href":"https:\/\/api.w.org\/{rel}","templated":true}]}}