{"id":217592,"date":"2016-09-06T13:03:32","date_gmt":"2016-09-06T13:03:32","guid":{"rendered":"http:\/\/diariodominicano.ddns.net\/?p=217592"},"modified":"2016-09-06T13:03:32","modified_gmt":"2016-09-06T13:03:32","slug":"david-collado-inicia-trabajos-de-limpieza-en-cementerios","status":"publish","type":"post","link":"https:\/\/diariodominicano.com\/?p=217592","title":{"rendered":"David Collado inicia trabajos de limpieza en cementerios"},"content":{"rendered":"<p><body><\/p>\n<p><img decoding=\"async\" src=\"img3\/david6-9.jpg\" \/>  <\/p>\n<p>Santo Domingo, R. D., 6 de septiembre.- El alcalde del Distrito Nacional, David Collado inici\u00f3 el rescate de los cementerios de la ciudad de Santo Domingo tras las denuncias de abandono e inseguridad en los camposantos.<\/p>\n<\/p>\n<p>El Collado visit\u00f3 el Cementerio Nacional de la M\u00e1ximo G\u00f3mez, en lo que defini\u00f3 como la continuaci\u00f3n de su administraci\u00f3n cercana a la poblaci\u00f3n, donde de inmediato se inici\u00f3 una labor de limpieza y acondicionamiento. Decenas de obreros del cabildo capitalino se integraron a la jornada de rescate del camposanto.<\/p>\n<\/p>\n<p>El ejecutivo municipal instruy\u00f3 al administrador del cementerio, Angel Brito, para que despliegue todos sus esfuerzos a fin de lograr que en pocos d\u00edas el lugar est\u00e9 totalmente limpio, pintado y cuidado. Collado tambi\u00e9n visit\u00f3 la iglesia ubicada en dicho cementerio y se comprometi\u00f3 con el cura a cargo, Alfredo V\u00e1squez, a que esta ser\u00e1 reconstruida y pintada en lo inmediato.<\/p>\n<\/p>\n<p>Tanto el administrador del cementerio como el sacerdote tuvieron palabras de elogio para el nuevo alcalde y agradecieron el r\u00e1pido cumplimiento de su promesa, de regresar al lugar para acondicionarlo.<\/p>\n<\/p>\n<p>Collado estuvo acompa\u00f1ado del director de Aseo Urbano, Jos\u00e9 Miguel Cabrera; el de Asuntos P\u00fablicos, Arsenio Borges, y el presidente de la sala capitular del Ayuntamiento del Distrito Nacional, V\u00edctor Ogando. En el lugar, Collado se reuni\u00f3 con los obreros, a quienes les garantiz\u00f3 que nadie que est\u00e9 haciendo su trabajo ser\u00e1 cancelado.<\/p>\n<\/p>\n<p>Adem\u00e1s, reiter\u00f3 el aumento salarial de un 20 por ciento para todos los brigadistas y empleados de la limpieza y el aseo urbano. Tambi\u00e9n les inform\u00f3 que habr\u00e1 un cambio de uniforme acorde al clima tropical de nuestro pa\u00eds.<\/p>\n<h6> 2016-09-06 13:03:32 <\/h6>\n<p><!--\n<link rel=\"stylesheet\" href=\"css\/bootstrap.min.css\">\n\n\n<ul class=\"pagination\">\n\t    \n\t\n\n<li >\n\t<a href='?page_no=12098'>Previous<\/a>\n\t<\/li>\n\n\n       \n    \n\n<li><a href='?page_no=1'>1<\/a><\/li>\n\n\n\n<li><a href='?page_no=2'>2<\/a><\/li>\n\n\n\n<li><a>...<\/a><\/li>\n\n\n\n<li><a href='?page_no=12097'>12097<\/a><\/li>\n\n\n\n<li><a href='?page_no=12098'>12098<\/a><\/li>\n\n\n\n<li class='active'><a>12099<\/a><\/li>\n\n\n\n<li><a href='?page_no=12100'>12100<\/a><\/li>\n\n\n\n<li><a href='?page_no=12101'>12101<\/a><\/li>\n\n\n\n<li><a>...<\/a><\/li>\n\n\n\n<li><a href='?page_no=56169'>56169<\/a><\/li>\n\n\n\n<li><a href='?page_no=56170'>56170<\/a><\/li>\n\n    \n\t\n\n<li >\n\t<a href='?page_no=12100'>Next<\/a>\n\t<\/li>\n\n\n    \n\n<li><a href='?page_no=56170'>Last &rsaquo;&rsaquo;<\/a><\/li>\n\n<\/ul>\n\n\n--><br \/>\n<\/body><\/p>\n","protected":false},"excerpt":{"rendered":"<p>Santo Domingo, R. D., 6 de septiembre.- El alcalde del Distrito Nacional, David Collado inici\u00f3 el rescate de los cementerios de la ciudad de Santo Domingo tras las denuncias de abandono e inseguridad en los camposantos. El Collado visit\u00f3 el Cementerio Nacional de la M\u00e1ximo G\u00f3mez, en lo que defini\u00f3 como la continuaci\u00f3n de su [&hellip;]<\/p>\n","protected":false},"author":3,"featured_media":0,"comment_status":"open","ping_status":"open","sticky":false,"template":"","format":"standard","meta":{"footnotes":""},"categories":[20],"tags":[],"class_list":["post-217592","post","type-post","status-publish","format-standard","hentry","category-dominicana-hoy"],"_links":{"self":[{"href":"https:\/\/diariodominicano.com\/index.php?rest_route=\/wp\/v2\/posts\/217592","targetHints":{"allow":["GET"]}}],"collection":[{"href":"https:\/\/diariodominicano.com\/index.php?rest_route=\/wp\/v2\/posts"}],"about":[{"href":"https:\/\/diariodominicano.com\/index.php?rest_route=\/wp\/v2\/types\/post"}],"author":[{"embeddable":true,"href":"https:\/\/diariodominicano.com\/index.php?rest_route=\/wp\/v2\/users\/3"}],"replies":[{"embeddable":true,"href":"https:\/\/diariodominicano.com\/index.php?rest_route=%2Fwp%2Fv2%2Fcomments&post=217592"}],"version-history":[{"count":0,"href":"https:\/\/diariodominicano.com\/index.php?rest_route=\/wp\/v2\/posts\/217592\/revisions"}],"wp:attachment":[{"href":"https:\/\/diariodominicano.com\/index.php?rest_route=%2Fwp%2Fv2%2Fmedia&parent=217592"}],"wp:term":[{"taxonomy":"category","embeddable":true,"href":"https:\/\/diariodominicano.com\/index.php?rest_route=%2Fwp%2Fv2%2Fcategories&post=217592"},{"taxonomy":"post_tag","embeddable":true,"href":"https:\/\/diariodominicano.com\/index.php?rest_route=%2Fwp%2Fv2%2Ftags&post=217592"}],"curies":[{"name":"wp","href":"https:\/\/api.w.org\/{rel}","templated":true}]}}