{"id":217589,"date":"2016-09-07T00:13:05","date_gmt":"2016-09-07T00:13:05","guid":{"rendered":"http:\/\/diariodominicano.ddns.net\/?p=217589"},"modified":"2016-09-07T00:13:05","modified_gmt":"2016-09-07T00:13:05","slug":"consejo-directivo-del-indotel-designa-a-katrina-naut-sencion-directora-ejecutiva","status":"publish","type":"post","link":"https:\/\/diariodominicano.com\/?p=217589","title":{"rendered":"Consejo Directivo del Indotel designa a Katrina Naut Senci\u00f3n directora ejecutiva"},"content":{"rendered":"<p><body><\/p>\n<p><img decoding=\"async\" src=\"img3\/chitaN0.jpg\" \/>  <\/p>\n<p><strong>El presidente del Indotel, Jos\u00e9 Del Castillo Savi\u00f1\u00f3n, posesion\u00f3 a la nueva directora ejecutiva del Indotel, Evelyn Katrina Naut Senci\u00f3n.<\/strong><\/p>\n<\/p>\n<p><strong>SANTO DOMINGO, RD, 6 de Septiembre de 2016.- <\/strong>El Consejo Directivo del Instituto Dominicano de las Telecomunicaciones (Indotel), design\u00f3 a Evelyn Katrina Naut Senci\u00f3n como nueva directora ejecutiva, en sustituci\u00f3n de Leonardo Alberty Canela Fern\u00e1ndez.<\/p>\n<p>La designaci\u00f3n est\u00e1 contenida en la resoluci\u00f3n n\u00famero 006-16 emitida por el \u00f3rgano regulador.<\/p>\n<\/p>\n<p>El Consejo Directivo del Indotel estableci\u00f3 que el nombramiento se realiz\u00f3 teniendo en cuenta la \u00abexperiencia y formaci\u00f3n acad\u00e9mica\u00bb  de Naut Senci\u00f3n, adem\u00e1s de que cumple con los requisitos establecidos para el desempe\u00f1o de esas funciones, en el art\u00edculo 82 de la Ley 153-98 que rige las telecomunicaciones en el pa\u00eds.<\/p>\n<\/p>\n<p>Al poner en posesi\u00f3n a la nueva incumbente, el presidente del Indotel, Jos\u00e9 Del Castillo Savi\u00f1\u00f3n, expres\u00f3 su \u00abespecial regocijo\u00bb de que  esta profesional desempe\u00f1e \u00abesta posici\u00f3n tan importante en la instituci\u00f3n desde el punto de vista administrativo, pero tambi\u00e9n desde el punto de vista procesal y regulatorio\u00bb.<\/p>\n<\/p>\n<p>Destac\u00f3 el desempe\u00f1o de Katrina  en la Direcci\u00f3n de Comercio Exterior (DICOEX), donde dijo su labor \u00abfue m\u00e1s que excelente\u00bb en los cuatro a\u00f1os de su gesti\u00f3n en Industria y Comercio. Se\u00f1al\u00f3 que el \u00e1rea de comercio exterior \u00abbrill\u00f3 gracias al esfuerzo, a las iniciativas, a la buena administraci\u00f3n que demostr\u00f3 al frente de la DICOEX\u00bb.<\/p>\n<\/p>\n<p>\u00abEstoy seguro que en el Indotel tambi\u00e9n brillar\u00e1 en esta gesti\u00f3n que ella est\u00e1 iniciando como directora ejecutiva\u00bb, enfatiz\u00f3 Del Castillo Savi\u00f1\u00f3n.<\/p>\n<p>En ese sentido, manifest\u00f3 conocer las capacidades, la formaci\u00f3n acad\u00e9mica, car\u00e1cter de la funcionaria que como dec\u00eda en la presentaci\u00f3n de sus credenciales, ha sido excelente en el desempe\u00f1o de las funciones p\u00fablicas que le ha tocado asumir. <\/p>\n<p><strong>Relanzar y renovar al Indotel<\/strong><\/p>\n<\/p>\n<p>Sostuvo que tanto \u00e9l como Naut Senci\u00f3n \u00abtenemos el objetivo de relanzar, renovar\u00bb al Indotel desde el punto de vista institucional.<\/p>\n<p>Adem\u00e1s,  se plantean la necesidad de que esta instituci\u00f3n \u00abasuma el rol regulatorio que est\u00e1 llamado a asumir, sobre todo ahora que el Gobierno ?del Presidente Danilo Medina- ha puesto especial \u00e9nfasis en el uso intensivo de la tecnolog\u00eda de la informaci\u00f3n y de las comunicaciones, al acceso universal de estas tecnolog\u00edas para la poblaci\u00f3n y que ha dise\u00f1ado todo un programa en ese sentido, denominado Republica Dominicana Digital\u00bb.<\/p>\n<\/p>\n<p>Por su lado, Naut Senci\u00f3n dio gracias a Dios y al presidente  del Indotel Del Castillo Savi\u00f1\u00f3n y al Consejo Directivo, \u00abpor la confianza y por creer una vez m\u00e1s en mi capacidad y darme la oportunidad de poder realizar una labor para aportar al sector de las telecomunicaciones, y espec\u00edficamente a la Rep\u00fablica Dominicana como servidores p\u00fablicos que somos\u00bb.<\/p>\n<\/p>\n<p>Entiende que al asumir el cargo \u00abtenemos un reto por delante que es el relanzamiento o realizar una reingenier\u00eda de lo que es la instituci\u00f3n\u00bb.<\/p>\n<p>\u00abEstamos firmemente convencidos de que lo vamos a lograr teniendo como eje primordial lo que es la responsabilidad de esta instituci\u00f3n, enmarcada en la Ley General de Telecomunicaciones  153-98 que es de ser un ente regulador, un ente que pueda promover una efectiva competencia en este sector de Rep\u00fablica Dominicana\u00bb, subray\u00f3.<\/p>\n<p><strong>Quejas de usuarios y monitoreo del espectro<\/strong><\/p>\n<\/p>\n<p>Explic\u00f3 que entre sus nuevos compromisos est\u00e1, \u00abque se puedan atender oportunamente las quejas de los usuarios, esas denuncias que son facultades del Indotel\u00bb.<\/p>\n<\/p>\n<p>Indic\u00f3 que, de igual manera procurar\u00e1 \u00abuna efectiva gesti\u00f3n y monitoreo del espectro que son de las funciones fundamentales que nosotros tenemos que fortalecer\u00bb, as\u00ed como fomentar un efectivo uso de las telecomunicaciones y de su infraestructura en la Rep\u00fablica Dominicana\u00bb.<\/p>\n<p>Naut Senci\u00f3n, experta en comercio internacional, se desempe\u00f1\u00f3 como directora general de Comercio Exterior y Administraci\u00f3n de Tratados  Comerciales  Internacionales (Dicoex), del Ministerio de Industria y Comercio, donde hab\u00eda sido designada en el pasado cuatrienio mediante decreto 536-12 del presidente Danilo Medina, cargo que ocup\u00f3 hasta su nombramiento en el Indotel.<\/p>\n<\/p>\n<\/p>\n<h6> 2016-09-07 00:13:05 <\/h6>\n<p><!--\n<link rel=\"stylesheet\" href=\"css\/bootstrap.min.css\">\n\n\n<ul class=\"pagination\">\n\t    \n\t\n\n<li >\n\t<a href='?page_no=12095'>Previous<\/a>\n\t<\/li>\n\n\n       \n    \n\n<li><a href='?page_no=1'>1<\/a><\/li>\n\n\n\n<li><a href='?page_no=2'>2<\/a><\/li>\n\n\n\n<li><a>...<\/a><\/li>\n\n\n\n<li><a href='?page_no=12094'>12094<\/a><\/li>\n\n\n\n<li><a href='?page_no=12095'>12095<\/a><\/li>\n\n\n\n<li class='active'><a>12096<\/a><\/li>\n\n\n\n<li><a href='?page_no=12097'>12097<\/a><\/li>\n\n\n\n<li><a href='?page_no=12098'>12098<\/a><\/li>\n\n\n\n<li><a>...<\/a><\/li>\n\n\n\n<li><a href='?page_no=56169'>56169<\/a><\/li>\n\n\n\n<li><a href='?page_no=56170'>56170<\/a><\/li>\n\n    \n\t\n\n<li >\n\t<a href='?page_no=12097'>Next<\/a>\n\t<\/li>\n\n\n    \n\n<li><a href='?page_no=56170'>Last &rsaquo;&rsaquo;<\/a><\/li>\n\n<\/ul>\n\n\n--><br \/>\n<\/body><\/p>\n","protected":false},"excerpt":{"rendered":"<p>El presidente del Indotel, Jos\u00e9 Del Castillo Savi\u00f1\u00f3n, posesion\u00f3 a la nueva directora ejecutiva del Indotel, Evelyn Katrina Naut Senci\u00f3n. SANTO DOMINGO, RD, 6 de Septiembre de 2016.- El Consejo Directivo del Instituto Dominicano de las Telecomunicaciones (Indotel), design\u00f3 a Evelyn Katrina Naut Senci\u00f3n como nueva directora ejecutiva, en sustituci\u00f3n de Leonardo Alberty Canela Fern\u00e1ndez. [&hellip;]<\/p>\n","protected":false},"author":3,"featured_media":0,"comment_status":"open","ping_status":"open","sticky":false,"template":"","format":"standard","meta":{"footnotes":""},"categories":[20],"tags":[],"class_list":["post-217589","post","type-post","status-publish","format-standard","hentry","category-dominicana-hoy"],"_links":{"self":[{"href":"https:\/\/diariodominicano.com\/index.php?rest_route=\/wp\/v2\/posts\/217589","targetHints":{"allow":["GET"]}}],"collection":[{"href":"https:\/\/diariodominicano.com\/index.php?rest_route=\/wp\/v2\/posts"}],"about":[{"href":"https:\/\/diariodominicano.com\/index.php?rest_route=\/wp\/v2\/types\/post"}],"author":[{"embeddable":true,"href":"https:\/\/diariodominicano.com\/index.php?rest_route=\/wp\/v2\/users\/3"}],"replies":[{"embeddable":true,"href":"https:\/\/diariodominicano.com\/index.php?rest_route=%2Fwp%2Fv2%2Fcomments&post=217589"}],"version-history":[{"count":0,"href":"https:\/\/diariodominicano.com\/index.php?rest_route=\/wp\/v2\/posts\/217589\/revisions"}],"wp:attachment":[{"href":"https:\/\/diariodominicano.com\/index.php?rest_route=%2Fwp%2Fv2%2Fmedia&parent=217589"}],"wp:term":[{"taxonomy":"category","embeddable":true,"href":"https:\/\/diariodominicano.com\/index.php?rest_route=%2Fwp%2Fv2%2Fcategories&post=217589"},{"taxonomy":"post_tag","embeddable":true,"href":"https:\/\/diariodominicano.com\/index.php?rest_route=%2Fwp%2Fv2%2Ftags&post=217589"}],"curies":[{"name":"wp","href":"https:\/\/api.w.org\/{rel}","templated":true}]}}