{"id":217588,"date":"2016-09-07T13:32:11","date_gmt":"2016-09-07T13:32:11","guid":{"rendered":"http:\/\/diariodominicano.ddns.net\/?p=217588"},"modified":"2016-09-07T13:32:11","modified_gmt":"2016-09-07T13:32:11","slug":"gobierno-continua-creando-alianzas-estrategicas-contra-violencia-de-genero","status":"publish","type":"post","link":"https:\/\/diariodominicano.com\/?p=217588","title":{"rendered":"&#13;Gobierno contin\u00faa creando alianzas estrat\u00e9gicas contra violencia de g\u00e9nero&#13;"},"content":{"rendered":"<p><body><\/p>\n<p><img decoding=\"async\" src=\"img3\/firma.jpg\" \/><br \/><img decoding=\"async\" src=\"http:\/\/10.0.0.82:8080\/img3\/%C3%82%C2%B4poevice.jpg\" \/>  <\/p>\n<\/p>\n<p>SANTO DOMINGO, 7 de septiembre de 2016.- La Vicepresidencia de la Rep\u00fablica y la Fundaci\u00f3n Nicol\u00e1s Guill\u00e9n conformaron una alianza estrat\u00e9gica para fomentar la prevenci\u00f3n y lucha contra la violencia de g\u00e9nero, con la cual se pretende romper patrones culturales y modelos sociales proclives al machismo y la desigualdad.<\/p>\n<\/p>\n<p>Las estrategias a ejecutar est\u00e1n contenidas en un acuerdo que firm\u00f3 la vicepresidenta de la Rep\u00fablica, doctora Margarita Cede\u00f1o; la presidenta de la Fundaci\u00f3n Nicol\u00e1s Guill\u00e9n, Graciela Morales; la directora de Prosoli, Altagracia Suriel; y el especialista en medicina legal y temas de violencia de g\u00e9nero, Miguel Lorente.<\/p>\n<\/p>\n<p>Entre las acciones que pondr\u00e1n en marcha ambas instituciones est\u00e1n fortalecer los protocolos de atenci\u00f3n a mujeres v\u00edctimas de violencia, conformar grupos de trabajo para construir masculinidades positivas, concienciar sobre el papel que juegan los medios de comunicaci\u00f3n en la disminuci\u00f3n de los casos, y compartir experiencias sobre cambios de conductas que ayuden a identificar el flagelo.<\/p>\n<\/p>\n<p>El plan incluye un trabajo conjunto de prevenci\u00f3n y erradicaci\u00f3n de la violencia de g\u00e9nero en las 803 mil familias pertenecientes al programa Progresando con Solidaridad (Prosoli), que dirige la Vicepresidencia.<\/p>\n<\/p>\n<p>Tambi\u00e9n, trabajar\u00e1n a trav\u00e9s de la cr\u00edtica del Postmachismo y micromachismos con grupos de beneficiarios de Prosoli y sectores aliados, para construir masculinidades positivas y  con herramientas orientadas a la prevenci\u00f3n de  la violencia contra  la mujer, la discriminaci\u00f3n y desigualdad.<\/p>\n<\/p>\n<p>Para la vicepresidenta Margarita Cede\u00f1o la violencia contra las mujeres es un mal indignante que requiere un abordaje profundo desde el hogar y la escuela; y considera que la sociedad debe levantar su voz ante la atrocidad de actos violentos contra las f\u00e9minas, condenarlos en\u00e9rgicamente y luchar contra las consecuencias que se derivan de los mismos, no solo para las familias v\u00edctimas, sino tambi\u00e9n para la colectividad.<\/p>\n<\/p>\n<p>El convenio se llev\u00f3 a cabo en el Sal\u00f3n Verde del Palacio Nacional, y particip\u00f3 la directora de Prosoli, quien recomend\u00f3 avanzar en la concreci\u00f3n de la igualdad entre hombres y mujeres.<\/p>\n<\/p>\n<p>Revel\u00f3 que la violencia contra la mujer creci\u00f3 un 6% en los \u00faltimos, y que en su mayor\u00eda han sido afectadas las de edades entre 15 a 49 a\u00f1os. <\/p>\n<\/p>\n<p>\u00abDebemos tambi\u00e9n prevenir desde las escuelas todo este drama del bulyin, detectando tambi\u00e9n conductas que son indicadores de ese drama de violencia que viven los ni\u00f1os en sus hogares, y lo m\u00e1s importante, no desmayar en el accionar institucional\u00bb, indic\u00f3 Suriel.<\/p>\n<\/p>\n<p>En tanto, Morales, de la fundaci\u00f3n, destac\u00f3 la importancia de lograr un abordaje serio, constante y comprometido de la violencia contra las f\u00e9minas, porque a su juicio el flagelo es la manifestaci\u00f3n extrema de la discriminaci\u00f3n y la desigualdad de g\u00e9nero, y constituye una violaci\u00f3n sist\u00e9mica y sistem\u00e1tica de los derechos humanos que obstaculiza el alcance de la justicia social.<\/p>\n<\/p>\n<p>\u00abSe conoce que al menos una de cada tres mujeres en el mundo resulta v\u00edctima de la violencia en alguna etapa de la vida, que cada 18 segundos una mujer es agredida y que todas, independiente de su pa\u00eds, edad, origen social, racial y \u00e9tnico somos vulnerables a padecerla\u00bb, sostuvo Morales.<\/p>\n<\/p>\n<p>Conferencia<\/p>\n<\/p>\n<p>Tras la r\u00fabrica, el doctor Miguel Lorente imparti\u00f3 la conferencia magistral \u00abRol de las Pol\u00edticas P\u00fablicas en la Prevenci\u00f3n de Feminicidios, en la que dio pautas para reducir la incidencia de casos como el acompa\u00f1amiento de las mujeres desde la perspectiva judicial y de salud; mejorar la capacidad de respuesta a las denuncias, fortalecer las campa\u00f1as de prevenci\u00f3n a trav\u00e9s de la educaci\u00f3n y concienciaci\u00f3n, y hacer \u00e9nfasis en el papel que juegan los medios de comunicaci\u00f3n en la promoci\u00f3n de la igualdad, entre otras.    <\/p>\n<\/p>\n<p>Lorente, de origen espa\u00f1ol, es doctor en medicina, especialista en cirug\u00eda y m\u00e9dico forense por oposici\u00f3n desde 1988. Es profesor titular habilitado de medicina legal de la Universidad de Granada. Tiene un m\u00e1ster en Bio\u00e9tica y Derecho M\u00e9dico. Fue director del Instituto de Medicina Legal de Granada y coordinador general de los Institutos de Medicina Legal de Andaluc\u00eda. De diciembre de 2006 a 2008 fue director general de asistencia jur\u00eddica a v\u00edctimas de violencia de la Consejer\u00eda de Justicia de la Junta de Andaluc\u00eda.<\/p>\n<\/p>\n<p>Fue nombrado delegado del Gobierno para la violencia de g\u00e9nero adscrito al Ministerio de Igualdad en abril de 2008, en la segunda legislatura del gobierno socialista de Jos\u00e9 Lu\u00eds Rodr\u00edguez Zapatero en sustituci\u00f3n de Encarnaci\u00f3n Orozco. Ocup\u00f3 el cargo hasta diciembre de 2011.<\/p>\n<h6> 2016-09-07 13:32:11 <\/h6>\n<p><!--\n<link rel=\"stylesheet\" href=\"css\/bootstrap.min.css\">\n\n\n<ul class=\"pagination\">\n\t    \n\t\n\n<li >\n\t<a href='?page_no=12094'>Previous<\/a>\n\t<\/li>\n\n\n       \n    \n\n<li><a href='?page_no=1'>1<\/a><\/li>\n\n\n\n<li><a href='?page_no=2'>2<\/a><\/li>\n\n\n\n<li><a>...<\/a><\/li>\n\n\n\n<li><a href='?page_no=12093'>12093<\/a><\/li>\n\n\n\n<li><a href='?page_no=12094'>12094<\/a><\/li>\n\n\n\n<li class='active'><a>12095<\/a><\/li>\n\n\n\n<li><a href='?page_no=12096'>12096<\/a><\/li>\n\n\n\n<li><a href='?page_no=12097'>12097<\/a><\/li>\n\n\n\n<li><a>...<\/a><\/li>\n\n\n\n<li><a href='?page_no=56169'>56169<\/a><\/li>\n\n\n\n<li><a href='?page_no=56170'>56170<\/a><\/li>\n\n    \n\t\n\n<li >\n\t<a href='?page_no=12096'>Next<\/a>\n\t<\/li>\n\n\n    \n\n<li><a href='?page_no=56170'>Last &rsaquo;&rsaquo;<\/a><\/li>\n\n<\/ul>\n\n\n--><br \/>\n<\/body><\/p>\n","protected":false},"excerpt":{"rendered":"<p>SANTO DOMINGO, 7 de septiembre de 2016.- La Vicepresidencia de la Rep\u00fablica y la Fundaci\u00f3n Nicol\u00e1s Guill\u00e9n conformaron una alianza estrat\u00e9gica para fomentar la prevenci\u00f3n y lucha contra la violencia de g\u00e9nero, con la cual se pretende romper patrones culturales y modelos sociales proclives al machismo y la desigualdad. Las estrategias a ejecutar est\u00e1n contenidas [&hellip;]<\/p>\n","protected":false},"author":3,"featured_media":0,"comment_status":"open","ping_status":"open","sticky":false,"template":"","format":"standard","meta":{"footnotes":""},"categories":[20],"tags":[],"class_list":["post-217588","post","type-post","status-publish","format-standard","hentry","category-dominicana-hoy"],"_links":{"self":[{"href":"https:\/\/diariodominicano.com\/index.php?rest_route=\/wp\/v2\/posts\/217588","targetHints":{"allow":["GET"]}}],"collection":[{"href":"https:\/\/diariodominicano.com\/index.php?rest_route=\/wp\/v2\/posts"}],"about":[{"href":"https:\/\/diariodominicano.com\/index.php?rest_route=\/wp\/v2\/types\/post"}],"author":[{"embeddable":true,"href":"https:\/\/diariodominicano.com\/index.php?rest_route=\/wp\/v2\/users\/3"}],"replies":[{"embeddable":true,"href":"https:\/\/diariodominicano.com\/index.php?rest_route=%2Fwp%2Fv2%2Fcomments&post=217588"}],"version-history":[{"count":0,"href":"https:\/\/diariodominicano.com\/index.php?rest_route=\/wp\/v2\/posts\/217588\/revisions"}],"wp:attachment":[{"href":"https:\/\/diariodominicano.com\/index.php?rest_route=%2Fwp%2Fv2%2Fmedia&parent=217588"}],"wp:term":[{"taxonomy":"category","embeddable":true,"href":"https:\/\/diariodominicano.com\/index.php?rest_route=%2Fwp%2Fv2%2Fcategories&post=217588"},{"taxonomy":"post_tag","embeddable":true,"href":"https:\/\/diariodominicano.com\/index.php?rest_route=%2Fwp%2Fv2%2Ftags&post=217588"}],"curies":[{"name":"wp","href":"https:\/\/api.w.org\/{rel}","templated":true}]}}