{"id":217586,"date":"2016-09-07T16:22:21","date_gmt":"2016-09-07T16:22:21","guid":{"rendered":"http:\/\/diariodominicano.ddns.net\/?p=217586"},"modified":"2016-09-07T16:22:21","modified_gmt":"2016-09-07T16:22:21","slug":"servicio-nacional-de-salud-y-cmd-acuerdan-mesa-de-trabajo","status":"publish","type":"post","link":"https:\/\/diariodominicano.com\/?p=217586","title":{"rendered":"Servicio Nacional de Salud y CMD acuerdan mesa de trabajo"},"content":{"rendered":"<p><body><\/p>\n<p><img decoding=\"async\" src=\"img3\/medicos7-9.jpg\" \/>  <\/p>\n<p><strong><span class=\"text1noticias\">Santo Domingo, R. D., 7 de septiembre.- <\/span><\/strong><span class=\"text1noticias\">El director del Servicio Nacional de Salud, Nelson Rodr\u00edguez  y el presidente del Colegio M\u00e9dico Dominicano, Waldo Ariel Suero, hablaron sobre la atenci\u00f3n m\u00e9dica en los hospitales. El funcionario  recibi\u00f3 hoy al dirigente gremial. Hablaron sobre la atenci\u00f3n m\u00e9dica en los hospitales del Estado.<\/span><\/p>\n<p><span class=\"text1noticias\"> <\/span><\/p>\n<p><span class=\"text1noticias\">Durante el encuentro, tambi\u00e9n abordaron las pensiones y los nombramientos a trabajadores del sector salud.<\/span><\/p>\n<p><span class=\"text1noticias\"> <\/span><\/p>\n<p><span class=\"text1noticias\">Rodr\u00edguez Monegro dijo que ambas entidades trabajan en la parte operativa del sistema. En ese contexto, calific\u00f3 la parte asistencial de la Red Hospitalaria como sumamente importante.<\/span><\/p>\n<p><span class=\"text1noticias\"> <\/span><\/p>\n<p><span class=\"text1noticias\">Waldo Ariel Suero: \u00abEl encuentro fue positivo\u00bb<\/span><\/p>\n<p><span class=\"text1noticias\"> <\/span><\/p>\n<p><span class=\"text1noticias\">De su lado, el presidente del Colegio M\u00e9dico Dominicano, valor\u00f3 el encuentro como positivo. Como resultado de las conversaciones, se estableci\u00f3 conformar una mesa de trabajo que se reunir\u00e1 mensualmente.<\/span><\/p>\n<p><span class=\"text1noticias\"> <\/span><\/p>\n<p><span class=\"text1noticias\">La mesa de trabajo tendr\u00e1 el objetivo de dar respuesta a los problemas que afectan al sistema sanitario nacional.<\/span><\/p>\n<p><span class=\"text1noticias\"> <\/span><\/p>\n<p><span class=\"text1noticias\">El encuentro realizado en un ambiente de cordialidad, tuvo lugar en la sede central del Servicio Nacional de Salud. Participaron, adem\u00e1s, el vicepresidente  y la secretaria general del Colegio M\u00e9dico, Wilson Roa y Mery Hern\u00e1ndez.<\/span><\/p>\n<p><span class=\"text1noticias\"> <\/span><\/p>\n<p><span class=\"text1noticias\">Asimismo, los presidentes de las regionales Distrito Nacional, Emigdio Liria; y Este, Pedro Claxton.<\/span><\/p>\n<p><span class=\"text1noticias\"> <\/span><\/p>\n<p><span class=\"text1noticias\">Preacuerdo sobre jornada laboral y pol\u00edtica salarial<\/span><\/p>\n<p><span class=\"text1noticias\"> <\/span><\/p>\n<p><span class=\"text1noticias\">La semana pasada, el Gobierno y el CMD arribaron a un preacuerdo sobre la jornada laboral en los centros de salud. Igualmente, sobre la pol\u00edtica salarial. En esa ocasi\u00f3n, estuvieron presentes, la ministra de Salud P\u00fablica, Altagracia Guzm\u00e1n y el titular del SNS.<\/span><\/p>\n<p><span class=\"text1noticias\"> <\/span><\/p>\n<p><span class=\"text1noticias\">De la misma manera, el director del Instituto Dominicano de Seguro Social, C\u00e9sar Mella, entre otras autoridades.<\/span><\/p>\n<p><span class=\"text1noticias\"> <\/span><\/p>\n<p><span class=\"text1noticias\">El encuentro fue coordinado por el padre Jes\u00fas Castro, mediador del di\u00e1logo para transformar el sist<\/span>ema de salud.<\/p>\n<h6> 2016-09-07 16:22:21 <\/h6>\n<p><!--\n<link rel=\"stylesheet\" href=\"css\/bootstrap.min.css\">\n\n\n<ul class=\"pagination\">\n\t    \n\t\n\n<li >\n\t<a href='?page_no=12092'>Previous<\/a>\n\t<\/li>\n\n\n       \n    \n\n<li><a href='?page_no=1'>1<\/a><\/li>\n\n\n\n<li><a href='?page_no=2'>2<\/a><\/li>\n\n\n\n<li><a>...<\/a><\/li>\n\n\n\n<li><a href='?page_no=12091'>12091<\/a><\/li>\n\n\n\n<li><a href='?page_no=12092'>12092<\/a><\/li>\n\n\n\n<li class='active'><a>12093<\/a><\/li>\n\n\n\n<li><a href='?page_no=12094'>12094<\/a><\/li>\n\n\n\n<li><a href='?page_no=12095'>12095<\/a><\/li>\n\n\n\n<li><a>...<\/a><\/li>\n\n\n\n<li><a href='?page_no=56169'>56169<\/a><\/li>\n\n\n\n<li><a href='?page_no=56170'>56170<\/a><\/li>\n\n    \n\t\n\n<li >\n\t<a href='?page_no=12094'>Next<\/a>\n\t<\/li>\n\n\n    \n\n<li><a href='?page_no=56170'>Last &rsaquo;&rsaquo;<\/a><\/li>\n\n<\/ul>\n\n\n--><br \/>\n<\/body><\/p>\n","protected":false},"excerpt":{"rendered":"<p>Santo Domingo, R. D., 7 de septiembre.- El director del Servicio Nacional de Salud, Nelson Rodr\u00edguez y el presidente del Colegio M\u00e9dico Dominicano, Waldo Ariel Suero, hablaron sobre la atenci\u00f3n m\u00e9dica en los hospitales. El funcionario recibi\u00f3 hoy al dirigente gremial. Hablaron sobre la atenci\u00f3n m\u00e9dica en los hospitales del Estado. Durante el encuentro, tambi\u00e9n [&hellip;]<\/p>\n","protected":false},"author":3,"featured_media":0,"comment_status":"open","ping_status":"open","sticky":false,"template":"","format":"standard","meta":{"footnotes":""},"categories":[20],"tags":[],"class_list":["post-217586","post","type-post","status-publish","format-standard","hentry","category-dominicana-hoy"],"_links":{"self":[{"href":"https:\/\/diariodominicano.com\/index.php?rest_route=\/wp\/v2\/posts\/217586","targetHints":{"allow":["GET"]}}],"collection":[{"href":"https:\/\/diariodominicano.com\/index.php?rest_route=\/wp\/v2\/posts"}],"about":[{"href":"https:\/\/diariodominicano.com\/index.php?rest_route=\/wp\/v2\/types\/post"}],"author":[{"embeddable":true,"href":"https:\/\/diariodominicano.com\/index.php?rest_route=\/wp\/v2\/users\/3"}],"replies":[{"embeddable":true,"href":"https:\/\/diariodominicano.com\/index.php?rest_route=%2Fwp%2Fv2%2Fcomments&post=217586"}],"version-history":[{"count":0,"href":"https:\/\/diariodominicano.com\/index.php?rest_route=\/wp\/v2\/posts\/217586\/revisions"}],"wp:attachment":[{"href":"https:\/\/diariodominicano.com\/index.php?rest_route=%2Fwp%2Fv2%2Fmedia&parent=217586"}],"wp:term":[{"taxonomy":"category","embeddable":true,"href":"https:\/\/diariodominicano.com\/index.php?rest_route=%2Fwp%2Fv2%2Fcategories&post=217586"},{"taxonomy":"post_tag","embeddable":true,"href":"https:\/\/diariodominicano.com\/index.php?rest_route=%2Fwp%2Fv2%2Ftags&post=217586"}],"curies":[{"name":"wp","href":"https:\/\/api.w.org\/{rel}","templated":true}]}}