{"id":217585,"date":"2016-09-07T16:51:08","date_gmt":"2016-09-07T16:51:08","guid":{"rendered":"http:\/\/diariodominicano.ddns.net\/?p=217585"},"modified":"2016-09-07T16:51:08","modified_gmt":"2016-09-07T16:51:08","slug":"director-del-indrhi-afirma-gobierno-garantiza-recurso-agua","status":"publish","type":"post","link":"https:\/\/diariodominicano.com\/?p=217585","title":{"rendered":"Director del INDRHI afirma Gobierno garantiza recurso agua"},"content":{"rendered":"<p><body><\/p>\n<p><img decoding=\"async\" src=\"img3\/Indhri7-9.jpg\" \/>  <\/p>\n<p><strong><span class=\"text1noticias\">Santo Domingo, R. D., 7 de septiebre.- <\/span><\/strong><span class=\"text1noticias\">El director ejecutivo del Instituto Nacional de Recursos Hidr\u00e1ulicos (INDRHI), ingeniero Olgo Fern\u00e1ndez, destac\u00f3 el apoyo del presidente Danilo Medina en la realizaci\u00f3n de peque\u00f1os y grandes proyectos en el sector h\u00eddrico  garantizando  agua para el consumo humano, el riego agr\u00edcola y la producci\u00f3n de energ\u00eda limpia.<\/span><\/p>\n<p><span class=\"text1noticias\"> <\/span><\/p>\n<p><span class=\"text1noticias\">    Precis\u00f3 que la pol\u00edtica de construcci\u00f3n de presas (medianas y peque\u00f1as), reservorios, lagunas,  diques y canales, as\u00ed como la rehabilitaci\u00f3n y recrecimiento de algunos de los principales  embalses del pa\u00eds ha sido clave en el almacenamiento de agua para los diferentes usos.<\/span><\/p>\n<p><span class=\"text1noticias\"> <\/span><\/p>\n<p><span class=\"text1noticias\">   Fern\u00e1ndez record\u00f3 que no obstante la sequ\u00eda que afect\u00f3 al pa\u00eds, por casi tres a\u00f1os,  los acueductos  permanecieron abastecidos, no se perdieron cosechas por  falta del vital l\u00edquido y que se mantuvo la generaci\u00f3n de energ\u00eda. <\/span><\/p>\n<p><span class=\"text1noticias\"> <\/span><\/p>\n<p><span class=\"text1noticias\">    Signific\u00f3 que esto fue posible gracias al desarrollo de los citados proyectos y a la puesta en marcha de la campa\u00f1a de concienciar a todos los sectores de la sociedad para hacer un uso adecuado del agua.<\/span><\/p>\n<p><span class=\"text1noticias\"> <\/span><\/p>\n<p><span class=\"text1noticias\">    El director del INDRHI expres\u00f3 sus consideraciones al exponer en la apertura del  seminario \u00a8Perspectiva y Soluciones del sector H\u00eddrico en la Rep\u00fablica Dominicana\u00a8, que se desarrolla en uno de los salones de conferencias de la Canciller\u00eda.<\/span><\/p>\n<p><span class=\"text1noticias\"> <\/span><\/p>\n<p><span class=\"text1noticias\">    En la actividad participan los directores  de las instituciones del sector agua del pa\u00eds, as\u00ed como invitados especiales.<\/span><\/p>\n<p><span class=\"text1noticias\"> <\/span><\/p>\n<p><span class=\"text1noticias\">    Fern\u00e1ndez manifest\u00f3  que el trabajo de rehabilitaci\u00f3n y limpieza de canales, drenajes y diques a nivel nacional fueron piezas claves para el riego agr\u00edcola.<\/span><\/p>\n<p><span class=\"text1noticias\"> <\/span><\/p>\n<p><span class=\"text1noticias\">    Indic\u00f3 que esos logros han sido posible por el respaldo que recibe el INDRHI del jefe del Estado, quien est\u00e1 consciente de que sin el recurso agua no es posible producir los alimentos que demanda la poblaci\u00f3n dominicana.<\/span><\/p>\n<p><span class=\"text1noticias\"> <\/span><\/p>\n<p><span class=\"text1noticias\">   Mostr\u00f3 preocupaci\u00f3n por la deforestaci\u00f3n en las cuencas de los principales r\u00edos del pa\u00eds y dijo que es una obligaci\u00f3n de proteger los acu\u00edferos \u00a8porque sin agua no hay vida\u00a8.<\/span><\/p>\n<p><span class=\"text1noticias\"> <\/span><\/p>\n<p><span class=\"text1noticias\">    En tanto que la presidente del Colegio Dominicano de Ingenieros, Arquitectos y Agrimensores (CODIA), Edita Vizca\u00edno Correa, quien pronunci\u00f3 un discurso en el inicio de la actividad, dijo que se impone la unidad de todos los sectores de la sociedad para hacer frente a la tala indiscriminada de \u00e1rboles en las cuencas de los r\u00edos.<\/span><\/p>\n<p><span class=\"text1noticias\"> <\/span><\/p>\n<p><span class=\"text1noticias\"> Observ\u00f3 que producto de esa situaci\u00f3n han desaparecido m\u00e1s de 400 r\u00edos en la Rep\u00fablica D<\/span>ominicana.<\/p>\n<h6> 2016-09-07 16:51:08 <\/h6>\n<p><!--\n<link rel=\"stylesheet\" href=\"css\/bootstrap.min.css\">\n\n\n<ul class=\"pagination\">\n\t    \n\t\n\n<li >\n\t<a href='?page_no=12091'>Previous<\/a>\n\t<\/li>\n\n\n       \n    \n\n<li><a href='?page_no=1'>1<\/a><\/li>\n\n\n\n<li><a href='?page_no=2'>2<\/a><\/li>\n\n\n\n<li><a>...<\/a><\/li>\n\n\n\n<li><a href='?page_no=12090'>12090<\/a><\/li>\n\n\n\n<li><a href='?page_no=12091'>12091<\/a><\/li>\n\n\n\n<li class='active'><a>12092<\/a><\/li>\n\n\n\n<li><a href='?page_no=12093'>12093<\/a><\/li>\n\n\n\n<li><a href='?page_no=12094'>12094<\/a><\/li>\n\n\n\n<li><a>...<\/a><\/li>\n\n\n\n<li><a href='?page_no=56169'>56169<\/a><\/li>\n\n\n\n<li><a href='?page_no=56170'>56170<\/a><\/li>\n\n    \n\t\n\n<li >\n\t<a href='?page_no=12093'>Next<\/a>\n\t<\/li>\n\n\n    \n\n<li><a href='?page_no=56170'>Last &rsaquo;&rsaquo;<\/a><\/li>\n\n<\/ul>\n\n\n--><br \/>\n<\/body><\/p>\n","protected":false},"excerpt":{"rendered":"<p>Santo Domingo, R. D., 7 de septiebre.- El director ejecutivo del Instituto Nacional de Recursos Hidr\u00e1ulicos (INDRHI), ingeniero Olgo Fern\u00e1ndez, destac\u00f3 el apoyo del presidente Danilo Medina en la realizaci\u00f3n de peque\u00f1os y grandes proyectos en el sector h\u00eddrico garantizando agua para el consumo humano, el riego agr\u00edcola y la producci\u00f3n de energ\u00eda limpia. Precis\u00f3 [&hellip;]<\/p>\n","protected":false},"author":3,"featured_media":0,"comment_status":"open","ping_status":"open","sticky":false,"template":"","format":"standard","meta":{"footnotes":""},"categories":[20],"tags":[],"class_list":["post-217585","post","type-post","status-publish","format-standard","hentry","category-dominicana-hoy"],"_links":{"self":[{"href":"https:\/\/diariodominicano.com\/index.php?rest_route=\/wp\/v2\/posts\/217585","targetHints":{"allow":["GET"]}}],"collection":[{"href":"https:\/\/diariodominicano.com\/index.php?rest_route=\/wp\/v2\/posts"}],"about":[{"href":"https:\/\/diariodominicano.com\/index.php?rest_route=\/wp\/v2\/types\/post"}],"author":[{"embeddable":true,"href":"https:\/\/diariodominicano.com\/index.php?rest_route=\/wp\/v2\/users\/3"}],"replies":[{"embeddable":true,"href":"https:\/\/diariodominicano.com\/index.php?rest_route=%2Fwp%2Fv2%2Fcomments&post=217585"}],"version-history":[{"count":0,"href":"https:\/\/diariodominicano.com\/index.php?rest_route=\/wp\/v2\/posts\/217585\/revisions"}],"wp:attachment":[{"href":"https:\/\/diariodominicano.com\/index.php?rest_route=%2Fwp%2Fv2%2Fmedia&parent=217585"}],"wp:term":[{"taxonomy":"category","embeddable":true,"href":"https:\/\/diariodominicano.com\/index.php?rest_route=%2Fwp%2Fv2%2Fcategories&post=217585"},{"taxonomy":"post_tag","embeddable":true,"href":"https:\/\/diariodominicano.com\/index.php?rest_route=%2Fwp%2Fv2%2Ftags&post=217585"}],"curies":[{"name":"wp","href":"https:\/\/api.w.org\/{rel}","templated":true}]}}