{"id":217583,"date":"2016-09-07T20:04:47","date_gmt":"2016-09-07T20:04:47","guid":{"rendered":"http:\/\/diariodominicano.ddns.net\/?p=217583"},"modified":"2016-09-07T20:04:47","modified_gmt":"2016-09-07T20:04:47","slug":"experto-de-la-universidad-de-granada-afirma-detras-de-la-violencia-hay-un-contexto-social","status":"publish","type":"post","link":"https:\/\/diariodominicano.com\/?p=217583","title":{"rendered":"Experto de la Universidad de Granada afirma detr\u00e1s de la violencia hay un contexto social"},"content":{"rendered":"<p><body><\/p>\n<p><img decoding=\"async\" src=\"img3\/miguel02.jpg\" \/><br \/><img decoding=\"async\" src=\"img3\/miguel01.jpg\" \/><br \/><img decoding=\"async\" src=\"img3\/miguel03.jpg\" \/>  <\/p>\n<\/p>\n<p><strong><span class=\"text1noticias\">Al impartir la conferencia \u00abRol de las pol\u00edticas p\u00fablicas en la prevenci\u00f3n de los femicidios\u00bb, Lorente consider\u00f3 que la sociedad tiene el poder para acabar con la violencia de g\u00e9nero<\/span><\/strong><\/p>\n<\/p>\n<p><strong><span class=\"text1noticias\">SANTO DOMINGO, 7 de septiembre de 2016.-<\/span><\/strong><span class=\"text1noticias\">Un experto de la Universidad de Granada concluy\u00f3 que detr\u00e1s de la violencia de g\u00e9nero hay un contexto social que debe ser trasformado a trav\u00e9s de pol\u00edticas integrales que act\u00faen desde la prevenci\u00f3n hasta la sanci\u00f3n de los agresores, pasando por la atenci\u00f3n y la protecci\u00f3n de las mujeres que la sufren.<\/span><\/p>\n<\/p>\n<p><strong><span class=\"text1noticias\">El m\u00e9dico forense Miguel Lorente explic\u00f3 que los feminicidios son consecuencia de la violencia de g\u00e9nero,la desigualdad existente en la sociedad y en una cultura construida sobre mitos y estereotipos que toma lo masculino como universal.<\/span><\/strong><\/p>\n<\/p>\n<p><span class=\"text1noticias\">\u00abSe est\u00e1 produciendo un incremento de la violencia porque el cambio hacia la igualdad protagonizado por las mujeres est\u00e1 dando lugar a un retroceso en muchos hombres, y parte de la situaci\u00f3n de violencia, incluso, el incremento de los feminicidios puede estar motivado por esa percepci\u00f3n de que las mujeres les est\u00e1n arrebatando un espacio o un protagonismo que ellos (los hombres) interpretan como un ataque, al que responden con violencia\u00bb, sostuvo.  <\/span><\/p>\n<\/p>\n<p><span class=\"text1noticias\">Al impartir la conferencia \u00abRol de las pol\u00edticas p\u00fablicas en la prevenci\u00f3n de los femicidios\u00bb,Lorente consider\u00f3 que la sociedad tiene en sus manos el poder para acabar con la violencia de g\u00e9nero, y que el Gobierno y las instituciones deben enfocarse en identificar las se\u00f1ales y abordarlas para prevenir muertes. <\/span><\/p>\n<\/p>\n<p><span class=\"text1noticias\">La conferencia se realiz\u00f3 en el Sal\u00f3n Verde del Palacio Nacional, y estuvo encabezada por la vicepresidenta de la Rep\u00fablica, doctora Margarita Cede\u00f1o, quien considera que la sociedad debe levantar su voz ante la atrocidad de actos violentos contra las f\u00e9minas, condenarlos en\u00e9rgicamente y luchar contra las consecuencias que se derivan de los mismos.<\/span><\/p>\n<\/p>\n<p><span class=\"text1noticias\">El especialista sostuvo que \u00abNo se puede ser neutral ante la violencia de g\u00e9nero; o se act\u00faa contra ella, o la pasividad har\u00e1 que esta contin\u00fae y aumente\u00bb.Dijo que los feminicidios se deben responder con contundencia por parte de las autoridades.  <\/span><\/p>\n<\/p>\n<p><span class=\"text1noticias\">Lorente, quien se encuentra en el pa\u00eds invitado por la Vicepresidencia de la Rep\u00fablica, se\u00f1al\u00f3 que solo desde esta doble interacci\u00f3n entre las instituciones y la sociedad se conseguir\u00e1 ser eficaces contra la violencia de g\u00e9nero y los feminicidios.<\/span><\/p>\n<p><span class=\"text1noticias\"><strong>Recomendaciones <\/strong><\/span><\/p>\n<\/p>\n<p><span class=\"text1noticias\">La Organizaci\u00f3n de las Naciones Unidas (ONU) estima que una mujer es asesinada cada diez minutos por su pareja o expareja en alg\u00fan lugar del mundo; solo en Latinoam\u00e9rica y el Caribe, cada d\u00eda los feminicidios cobran 19  v\u00edctimas, es decir, unas 6,900 al a\u00f1o.  <\/span><\/p>\n<\/p>\n<p><span class=\"text1noticias\">Para prevenir el flagelo, seg\u00fan el experto, se debe dar respuesta contundente y eficaz a los casos de violencia existentes, que incluyen acompa\u00f1amiento a la mujer a trav\u00e9s de los servicios sociales y sanitarios. En ese sentido, propone desarrollar un protocolo de detecci\u00f3n y respuesta a la violencia desde el \u00e1mbito de salud enfocado en las v\u00edctimas.  <\/span><\/p>\n<\/p>\n<p><span class=\"text1noticias\">En el \u00e1mbito judicial, considera que se debe mejorar la capacidad de respuesta del sistema para sancionar a los agresores y hacerlo de manera proporcional a la gravedad de la violencia, y cit\u00f3 como ejemplo \u00abacabar con la impunidad\u00bb.  <\/span><\/p>\n<\/p>\n<p><span class=\"text1noticias\">En la parte de prevenci\u00f3n se debe trabajar en campa\u00f1as sensibilizaci\u00f3n a nivel social, concienciaci\u00f3n y educaci\u00f3n, en las que se divulguen las consecuencias de la violencia a fin de que la sociedad cuestione el flagelo desde su concepci\u00f3n y no solo cuando se produce un hecho lamentable. <\/span><\/p>\n<\/p>\n<p><span class=\"text1noticias\">\u00abLos medios de comunicaci\u00f3n son los que transmiten la realidad, y en un estudio que hemos hecho en Europa, el 95 por ciento de la sociedad conoce la violencia a trav\u00e9s de los medios de comunicaci\u00f3n\u00bb, afirm\u00f3. <\/span><\/p>\n<\/p>\n<p><span class=\"text1noticias\">Previo a la conferencia, se firm\u00f3 una alianza estrat\u00e9gica entre la Vicepresidencia de la Rep\u00fablica y la Fundaci\u00f3n Nicol\u00e1s Guill\u00e9n para fomentar la prevenci\u00f3n y lucha contra la violencia de g\u00e9nero, con la cual se pretende romper patrones culturales y modelos sociales proclives al machismo y la desigualdad en contra de las mujeres. <\/span><\/p>\n<\/p>\n<p><span class=\"text1noticias\">Las estrategias a ejecutar est\u00e1n contenidas en un acuerdo que firm\u00f3 la vicepresidenta de la Rep\u00fablica, doctora Margarita Cede\u00f1o; la presidenta de la Fundaci\u00f3n Nicol\u00e1s Guill\u00e9n, Graciela Morales; la directora de Prosoli, Altagracia Suriel; y el especialista en medicina legal y temas de violencia de g\u00e9nero, Miguel Lorente.<\/span><\/p>\n<\/p>\n<p><span class=\"text1noticias\">En la actividad participaron el procurador General de la Rep\u00fablica, Jean Alain Rodr\u00edguez; la procuradora adjunta para Asuntos de la Mujer, Rosanna Reyes; y la representante en el pa\u00eds de la Organizaci\u00f3n de Estados Americanos, Araceli Azuara. <\/span><\/p>\n<p><span class=\"text1noticias\"><strong>Perfil del conferencista<\/strong><\/span><\/p>\n<\/p>\n<p><span class=\"text1noticias\">Lorente, de origen espa\u00f1ol, es doctor en medicina, especialista en cirug\u00eda y m\u00e9dico forense por oposici\u00f3n desde 1988. Es profesor titular habilitado de medicina legal de la Universidad de Granada. Tiene un m\u00e1ster en Bio\u00e9tica y Derecho M\u00e9dico. <\/span><\/p>\n<\/p>\n<p><span class=\"text1noticias\">Fue director del Instituto de Medicina Legal de Granada y coordinador general de los Institutos de Medicina Legal de Andaluc\u00eda. De diciembre de 2006 a 2008 fue director general de asistencia jur\u00eddica a v\u00edctimas de violencia de la Consejer\u00eda de Justicia de la Junta de Andaluc\u00eda.<\/span><\/p>\n<\/p>\n<p><span class=\"text1noticias\">Fue nombrado delegado del Gobierno para la violencia de g\u00e9nero adscrito al Ministerio de Igualdad en abril de 2008, en la segunda legislatura del gobierno socialista de Jos\u00e9 Lu\u00eds Rodr\u00edguez Zapatero en sustituci\u00f3n de Encarnaci\u00f3n Orozco. Ocup\u00f3 el cargo hasta diciembre de 2011.<\/span><\/p>\n<\/p>\n<\/p>\n<\/p>\n<h6> 2016-09-07 20:04:47 <\/h6>\n<p><!--\n<link rel=\"stylesheet\" href=\"css\/bootstrap.min.css\">\n\n\n<ul class=\"pagination\">\n\t    \n\t\n\n<li >\n\t<a href='?page_no=12089'>Previous<\/a>\n\t<\/li>\n\n\n       \n    \n\n<li><a href='?page_no=1'>1<\/a><\/li>\n\n\n\n<li><a href='?page_no=2'>2<\/a><\/li>\n\n\n\n<li><a>...<\/a><\/li>\n\n\n\n<li><a href='?page_no=12088'>12088<\/a><\/li>\n\n\n\n<li><a href='?page_no=12089'>12089<\/a><\/li>\n\n\n\n<li class='active'><a>12090<\/a><\/li>\n\n\n\n<li><a href='?page_no=12091'>12091<\/a><\/li>\n\n\n\n<li><a href='?page_no=12092'>12092<\/a><\/li>\n\n\n\n<li><a>...<\/a><\/li>\n\n\n\n<li><a href='?page_no=56169'>56169<\/a><\/li>\n\n\n\n<li><a href='?page_no=56170'>56170<\/a><\/li>\n\n    \n\t\n\n<li >\n\t<a href='?page_no=12091'>Next<\/a>\n\t<\/li>\n\n\n    \n\n<li><a href='?page_no=56170'>Last &rsaquo;&rsaquo;<\/a><\/li>\n\n<\/ul>\n\n\n--><br \/>\n<\/body><\/p>\n","protected":false},"excerpt":{"rendered":"<p>Al impartir la conferencia \u00abRol de las pol\u00edticas p\u00fablicas en la prevenci\u00f3n de los femicidios\u00bb, Lorente consider\u00f3 que la sociedad tiene el poder para acabar con la violencia de g\u00e9nero SANTO DOMINGO, 7 de septiembre de 2016.-Un experto de la Universidad de Granada concluy\u00f3 que detr\u00e1s de la violencia de g\u00e9nero hay un contexto social [&hellip;]<\/p>\n","protected":false},"author":3,"featured_media":0,"comment_status":"open","ping_status":"open","sticky":false,"template":"","format":"standard","meta":{"footnotes":""},"categories":[20],"tags":[],"class_list":["post-217583","post","type-post","status-publish","format-standard","hentry","category-dominicana-hoy"],"_links":{"self":[{"href":"https:\/\/diariodominicano.com\/index.php?rest_route=\/wp\/v2\/posts\/217583","targetHints":{"allow":["GET"]}}],"collection":[{"href":"https:\/\/diariodominicano.com\/index.php?rest_route=\/wp\/v2\/posts"}],"about":[{"href":"https:\/\/diariodominicano.com\/index.php?rest_route=\/wp\/v2\/types\/post"}],"author":[{"embeddable":true,"href":"https:\/\/diariodominicano.com\/index.php?rest_route=\/wp\/v2\/users\/3"}],"replies":[{"embeddable":true,"href":"https:\/\/diariodominicano.com\/index.php?rest_route=%2Fwp%2Fv2%2Fcomments&post=217583"}],"version-history":[{"count":0,"href":"https:\/\/diariodominicano.com\/index.php?rest_route=\/wp\/v2\/posts\/217583\/revisions"}],"wp:attachment":[{"href":"https:\/\/diariodominicano.com\/index.php?rest_route=%2Fwp%2Fv2%2Fmedia&parent=217583"}],"wp:term":[{"taxonomy":"category","embeddable":true,"href":"https:\/\/diariodominicano.com\/index.php?rest_route=%2Fwp%2Fv2%2Fcategories&post=217583"},{"taxonomy":"post_tag","embeddable":true,"href":"https:\/\/diariodominicano.com\/index.php?rest_route=%2Fwp%2Fv2%2Ftags&post=217583"}],"curies":[{"name":"wp","href":"https:\/\/api.w.org\/{rel}","templated":true}]}}