{"id":217581,"date":"2016-09-08T10:22:40","date_gmt":"2016-09-08T10:22:40","guid":{"rendered":"http:\/\/diariodominicano.ddns.net\/?p=217581"},"modified":"2016-09-08T10:22:40","modified_gmt":"2016-09-08T10:22:40","slug":"cedimat-presenta-unidad-de-emergencia-especializada-en-cardiologia","status":"publish","type":"post","link":"https:\/\/diariodominicano.com\/?p=217581","title":{"rendered":"CEDIMAT presenta Unidad de Emergencia especializada en cardiolog\u00eda"},"content":{"rendered":"<p><body><\/p>\n<p><img decoding=\"async\" src=\"img3\/Cedimaemergencia8-9.jpg\" \/><br \/><img decoding=\"async\" src=\"img3\/Cedimafachaqda8-9.jpg\" \/>  <\/p>\n<p><span class=\"text1noticias\">Santo Domingo, R. D., 8 de septiembre.- Los Centros de Diagn\u00f3stico y Medicina Avanzada y de Conferencias M\u00e9dicas y Teleconferencia (CEDIMAT) presentaron su nuevo concepto de servicios en su \u00e1rea de Emergencia, con un sistema polivalente para atenci\u00f3n de diferentes  patolog\u00edas, con \u00e9nfasis en cuidados de dolor de pecho, y atenci\u00f3n especializada en accidentes cerebro vasculares, las cuales son \u00fanicas en el pa\u00eds. <\/span><\/p>\n<\/p>\n<p><span class=\"text1noticias\">Los detalles fueron ofrecidos en una rueda prensa en la que sirvi\u00f3 como vocero el doctor Pablo Smester, emergenci\u00f3logo y director de la Unidad de Emergencia de este centro de salud, quien estuvo acompa\u00f1ado de los doctores, Luis Betances, director m\u00e9dico; C\u00e9sar Herrera, director del Centro Cardiovascular; Jorge Marte, director de Medicina; y Mauricio Pi\u00f1a, encargado de Calidad de CEDIMAT.<\/span><\/p>\n<\/p>\n<p><span class=\"text1noticias\">Se trata de una Unidad que funcionar\u00e1 con el sistema de triage, el cual consiste en seleccionar y clasificar a los pacientes, en base a una evaluaci\u00f3n de prioridades de atenci\u00f3n.<\/span><\/p>\n<\/p>\n<p><span class=\"text1noticias\">Smester  explic\u00f3 que este concepto beneficiar\u00e1 a los pacientes en ser atendidos en tiempos de espera menores, de acuerdo a la prioridad  que requiera la raz\u00f3n de salud por lo que fue llevado a los servicios de Emergencia.<\/span><\/p>\n<\/p>\n<p><span class=\"text1noticias\">El \u00e1rea cuenta con 18 camas, un personal especializado en Emergencia y Medicina Cr\u00edtica, as\u00ed como equipos  con  tecnolog\u00eda de punta para atender a los pacientes con situaciones de alta complejidad. Asimismo, la Unidad dispone de equipos de diferentes especialidades que estar\u00e1n prestos a servir en caso de que se requiera.<\/span><\/p>\n<\/p>\n<p><span class=\"text1noticias\">Afirm\u00f3 que en el \u00e1rea se establecer\u00e1 un servicio centrado en el paciente con una organizaci\u00f3n que permite un r\u00e1pido diagn\u00f3stico y el uso de protocolos cl\u00ednicos, en cumplimiento fiel a las disposiciones sanitarias nacionales e internacionales.<\/span><\/p>\n<\/p>\n<p><span class=\"text1noticias\">    En la nueva Emergencia, los pacientes al recibir el alta m\u00e9dica, se les entrega una carpeta con el diagn\u00f3stico, las atenciones recibidas, medicamentos suministrados y procedimientos realizados, as\u00ed como resumen con los resultados de laboratorios o im\u00e1genes practicados.<\/span><\/p>\n<\/p>\n<p><span class=\"text1noticias\">     Los pacientes que est\u00e9n categorizados en el triage por patolog\u00edas de menor grado que no necesiten la atenci\u00f3n de Emergencia pero s\u00ed evaluaci\u00f3n medica, ser\u00e1n enviados a una consulta inmediata denominada Walk in Clinic,  donde podr\u00e1n tratar su afecci\u00f3n de salud sin necesidad de entrar a la sala de urgencias.<\/span><\/p>\n<\/p>\n<p><span class=\"text1noticias\">Una novedad que tiene el servicio, es que se dar\u00e1 seguimiento al paciente una vez haya sido dado de alta, mediante una llamada, lo cual implica un nivel de responsabilidad y compromiso del centro con la salud de sus pacientes, m\u00e1s all\u00e1 de sus estructuras.<\/span><\/p>\n<\/p>\n<p><span class=\"text1noticias\">  \u00abPara mejor atenci\u00f3n al paciente y trato a los familiares acompa\u00f1antes, el \u00e1rea de Emergencia dispone de sala de espera y facilidades para acompa\u00f1amientos en los casos de pacientes pedi\u00e1tricos y los que no pueden valerse por s\u00ed\u00bb, indic\u00f3 el doctor Smester.<\/span><\/p>\n<\/p>\n<p><span class=\"text1noticias\">      Se trata de un nuevo modelo que permitir\u00e1 un servicio centrado en el paciente, el cual tendr\u00e1 un diagn\u00f3stico m\u00e1s r\u00e1pido y altamente protocolizado.<\/span><\/p>\n<h6> 2016-09-08 10:22:40 <\/h6>\n<p><!--\n<link rel=\"stylesheet\" href=\"css\/bootstrap.min.css\">\n\n\n<ul class=\"pagination\">\n\t    \n\t\n\n<li >\n\t<a href='?page_no=12088'>Previous<\/a>\n\t<\/li>\n\n\n       \n    \n\n<li><a href='?page_no=1'>1<\/a><\/li>\n\n\n\n<li><a href='?page_no=2'>2<\/a><\/li>\n\n\n\n<li><a>...<\/a><\/li>\n\n\n\n<li><a href='?page_no=12087'>12087<\/a><\/li>\n\n\n\n<li><a href='?page_no=12088'>12088<\/a><\/li>\n\n\n\n<li class='active'><a>12089<\/a><\/li>\n\n\n\n<li><a href='?page_no=12090'>12090<\/a><\/li>\n\n\n\n<li><a href='?page_no=12091'>12091<\/a><\/li>\n\n\n\n<li><a>...<\/a><\/li>\n\n\n\n<li><a href='?page_no=56169'>56169<\/a><\/li>\n\n\n\n<li><a href='?page_no=56170'>56170<\/a><\/li>\n\n    \n\t\n\n<li >\n\t<a href='?page_no=12090'>Next<\/a>\n\t<\/li>\n\n\n    \n\n<li><a href='?page_no=56170'>Last &rsaquo;&rsaquo;<\/a><\/li>\n\n<\/ul>\n\n\n--><br \/>\n<\/body><\/p>\n","protected":false},"excerpt":{"rendered":"<p>Santo Domingo, R. D., 8 de septiembre.- Los Centros de Diagn\u00f3stico y Medicina Avanzada y de Conferencias M\u00e9dicas y Teleconferencia (CEDIMAT) presentaron su nuevo concepto de servicios en su \u00e1rea de Emergencia, con un sistema polivalente para atenci\u00f3n de diferentes patolog\u00edas, con \u00e9nfasis en cuidados de dolor de pecho, y atenci\u00f3n especializada en accidentes cerebro [&hellip;]<\/p>\n","protected":false},"author":3,"featured_media":0,"comment_status":"open","ping_status":"open","sticky":false,"template":"","format":"standard","meta":{"footnotes":""},"categories":[20],"tags":[],"class_list":["post-217581","post","type-post","status-publish","format-standard","hentry","category-dominicana-hoy"],"_links":{"self":[{"href":"https:\/\/diariodominicano.com\/index.php?rest_route=\/wp\/v2\/posts\/217581","targetHints":{"allow":["GET"]}}],"collection":[{"href":"https:\/\/diariodominicano.com\/index.php?rest_route=\/wp\/v2\/posts"}],"about":[{"href":"https:\/\/diariodominicano.com\/index.php?rest_route=\/wp\/v2\/types\/post"}],"author":[{"embeddable":true,"href":"https:\/\/diariodominicano.com\/index.php?rest_route=\/wp\/v2\/users\/3"}],"replies":[{"embeddable":true,"href":"https:\/\/diariodominicano.com\/index.php?rest_route=%2Fwp%2Fv2%2Fcomments&post=217581"}],"version-history":[{"count":0,"href":"https:\/\/diariodominicano.com\/index.php?rest_route=\/wp\/v2\/posts\/217581\/revisions"}],"wp:attachment":[{"href":"https:\/\/diariodominicano.com\/index.php?rest_route=%2Fwp%2Fv2%2Fmedia&parent=217581"}],"wp:term":[{"taxonomy":"category","embeddable":true,"href":"https:\/\/diariodominicano.com\/index.php?rest_route=%2Fwp%2Fv2%2Fcategories&post=217581"},{"taxonomy":"post_tag","embeddable":true,"href":"https:\/\/diariodominicano.com\/index.php?rest_route=%2Fwp%2Fv2%2Ftags&post=217581"}],"curies":[{"name":"wp","href":"https:\/\/api.w.org\/{rel}","templated":true}]}}