{"id":217580,"date":"2016-09-08T10:58:20","date_gmt":"2016-09-08T10:58:20","guid":{"rendered":"http:\/\/diariodominicano.ddns.net\/?p=217580"},"modified":"2016-09-08T10:58:20","modified_gmt":"2016-09-08T10:58:20","slug":"experto-cita-factor-cultural-como-causa-feminicidios","status":"publish","type":"post","link":"https:\/\/diariodominicano.com\/?p=217580","title":{"rendered":"Experto cita factor cultural como causa feminicidios"},"content":{"rendered":"<p><body><\/p>\n<p><img decoding=\"async\" src=\"img3\/femnicidiosexper8-9.jpg\" \/><br \/><img decoding=\"async\" src=\"img3\/publicovice8-9.jpg\" \/>  <\/p>\n<p>Santo Domingo, R. D., 8 de septiembre.- <span class=\"text1noticias\">Conocer la incidencia de factores como la cultura, es fundamental para que los actores judiciales puedan valorar en su verdadera dimensi\u00f3n las acciones de los agresores e imponer las sanciones adecuada, como forma de combatir con efectividad la violencia de genero.<\/span><\/p>\n<p><span class=\"text1noticias\"> <\/span><\/p>\n<p><span class=\"text1noticias\">As\u00ed opin\u00f3 el experto forense  y profesor titular de medicina legal de la Universidad de Granada, Espa\u00f1a, doctor Miguel Lorente, al participar en el seminario \u00abBuenas pr\u00e1cticas en el abordaje de situaciones de violencia de g\u00e9nero\u00bb, efectuado en la Suprema Corte de Justicia, bajo la organizaci\u00f3n de la Vicepresidencia de la Rep\u00fablica.<\/span><\/p>\n<p><span class=\"text1noticias\"> <\/span><\/p>\n<p><span class=\"text1noticias\"> \u00abNo es lo mismo ser hombre en Arabia Saud\u00ed, en Espa\u00f1a o Santo Domingo\u00bb,  dice Lorente, al se\u00f1alar que en cada uno de esos lugares las exigencias culturales son diferentes para los individuos, y lo que se pide para ser hombre o mujer es diferente en cada sitio.<\/span><\/p>\n<p><span class=\"text1noticias\"> <\/span><\/p>\n<p><span class=\"text1noticias\">Agrega que la violencia de g\u00e9nero trata de una triple relaci\u00f3n que viene determinada por lo que la cultura determina qu\u00e9 es el g\u00e9nero, qu\u00e9 es ser hombre o mujer en cada lugar y c\u00f3mo en esa categorizaci\u00f3n, la violencia surge para mantener el \u00aborden\u00bb que se ha considerado adecuado.<\/span><\/p>\n<p><span class=\"text1noticias\"> <\/span><\/p>\n<p><span class=\"text1noticias\">El acad\u00e9mico dijo que cuando el hombre ve que la mujer asume roles o hace cosas que \u00e9l entiende no debe hacer, usa la violencia para evitar que ella lo haga.<\/span><\/p>\n<p><span class=\"text1noticias\"> <\/span><\/p>\n<p><span class=\"text1noticias\">Se\u00f1al\u00f3 que este factor cultural hace que en muchos casos, la violencia de g\u00e9nero se vea socialmente normal, y cit\u00f3 el caso de la Uni\u00f3n Europea, donde el dos por ciento de la poblaci\u00f3n considera que es aceptable la violencia de g\u00e9nero \u00aben determinadas circunstancias\u00bb; mientras que el uno por ciento dice que es aceptable \u00aben toda circunstancia\u00bb.<\/span><\/p>\n<p><span class=\"text1noticias\"> <\/span><\/p>\n<p><span class=\"text1noticias\">\u00abEsa construcci\u00f3n de genero que establece la cultura, lo que dice es que, al final, hay razones para conseguir objetivos a trav\u00e9s de la conducta violenta, y eso es lo que vamos a ver en los juzgados, eso es lo que vamos a ver cuando llegan los casos, una construcci\u00f3n fundada sobre la coherencia, la l\u00f3gica de una sociedad, una cultura injusta y desigual\u00bb, enfatiz\u00f3.<\/span><\/p>\n<p><span class=\"text1noticias\"> <\/span><\/p>\n<p><span class=\"text1noticias\">Al dirigirse a jueces, abogados, funcionarios judiciales, polic\u00edas y representantes de diversas instituciones que trabajan el tema, Lorente dijo que los operadores jur\u00eddicos encargados de aplicar las sanciones, est\u00e1n formados con los mismos factores culturales de los agresores, por lo que les alert\u00f3 a romper con los mitos, estereotipos y creencias mediante el conocimiento t\u00e9cnico, cient\u00edfico y profesional, para evitar que estos influyan en sus decisiones a la hora de aplicar justicia.<\/span><\/p>\n<p><span class=\"text1noticias\"> <\/span><\/p>\n<p><span class=\"text1noticias\">La actividad<\/span><\/p>\n<p><span class=\"text1noticias\"> <\/span><\/p>\n<p><span class=\"text1noticias\">En el evento, habl\u00f3 tambi\u00e9n la directora general de Progresando con Solidaridad (Prosoli), Altagracia Suriel, quien, al representar a la vicepresidenta de la Rep\u00fablica, doctora Margarita Cede\u00f1o, destac\u00f3 el esfuerzo que desde la Vicepresidencia se hace para reducir la violencia entre las familias intervenidas por ese programa gubernamental.<\/span><\/p>\n<p><span class=\"text1noticias\"> <\/span><\/p>\n<p><span class=\"text1noticias\">\u00abDesde la Vicepresidencia estamos trabajando en la creaci\u00f3n de una cultura de paz con un proyecto que denominamos Familias en Paz, con el que llegamos a unas 803 mil familias trabajando en el cambio de comportamiento, de actitud y pr\u00e1cticas favorables a la prevenci\u00f3n de la violencia a trav\u00e9s de educaci\u00f3n positiva de los hijos, sin maltratos y sin abusos\u00bb, a\u00f1adi\u00f3.<\/span><\/p>\n<p><span class=\"text1noticias\"> <\/span><\/p>\n<p><span class=\"text1noticias\">Asimismo, hablaron la magistrada Martha Olga Garc\u00eda, coordinadora de la Comisi\u00f3n de G\u00e9nero del Poder Judicial; la ministra de la Mujer, Yanet Camilo; y la procuradora adjunta para Asuntos de la Mujer, Rosanna Reyes; y estuvo presente el presidente de la Suprema Corte de Justicia, Mariano Germ\u00e1n Mej\u00eda.<\/span><\/p>\n<p><span class=\"text1noticias\"> <\/span><\/p>\n<p><span class=\"text1noticias\">La actividad es parte de las iniciativas que impulsa la vicepresidenta de la Rep\u00fablica, doctora Margarita Cede\u00f1o, para contribuir con la reducci\u00f3n de la violencia de g\u00e9nero en el pa\u00eds, sobre todo entre las familias participantes de Prosoli.<\/span><\/p>\n<h6> 2016-09-08 10:58:20 <\/h6>\n<p><!--\n<link rel=\"stylesheet\" href=\"css\/bootstrap.min.css\">\n\n\n<ul class=\"pagination\">\n\t    \n\t\n\n<li >\n\t<a href='?page_no=12087'>Previous<\/a>\n\t<\/li>\n\n\n       \n    \n\n<li><a href='?page_no=1'>1<\/a><\/li>\n\n\n\n<li><a href='?page_no=2'>2<\/a><\/li>\n\n\n\n<li><a>...<\/a><\/li>\n\n\n\n<li><a href='?page_no=12086'>12086<\/a><\/li>\n\n\n\n<li><a href='?page_no=12087'>12087<\/a><\/li>\n\n\n\n<li class='active'><a>12088<\/a><\/li>\n\n\n\n<li><a href='?page_no=12089'>12089<\/a><\/li>\n\n\n\n<li><a href='?page_no=12090'>12090<\/a><\/li>\n\n\n\n<li><a>...<\/a><\/li>\n\n\n\n<li><a href='?page_no=56169'>56169<\/a><\/li>\n\n\n\n<li><a href='?page_no=56170'>56170<\/a><\/li>\n\n    \n\t\n\n<li >\n\t<a href='?page_no=12089'>Next<\/a>\n\t<\/li>\n\n\n    \n\n<li><a href='?page_no=56170'>Last &rsaquo;&rsaquo;<\/a><\/li>\n\n<\/ul>\n\n\n--><br \/>\n<\/body><\/p>\n","protected":false},"excerpt":{"rendered":"<p>Santo Domingo, R. D., 8 de septiembre.- Conocer la incidencia de factores como la cultura, es fundamental para que los actores judiciales puedan valorar en su verdadera dimensi\u00f3n las acciones de los agresores e imponer las sanciones adecuada, como forma de combatir con efectividad la violencia de genero. As\u00ed opin\u00f3 el experto forense y profesor [&hellip;]<\/p>\n","protected":false},"author":3,"featured_media":0,"comment_status":"open","ping_status":"open","sticky":false,"template":"","format":"standard","meta":{"footnotes":""},"categories":[20],"tags":[],"class_list":["post-217580","post","type-post","status-publish","format-standard","hentry","category-dominicana-hoy"],"_links":{"self":[{"href":"https:\/\/diariodominicano.com\/index.php?rest_route=\/wp\/v2\/posts\/217580","targetHints":{"allow":["GET"]}}],"collection":[{"href":"https:\/\/diariodominicano.com\/index.php?rest_route=\/wp\/v2\/posts"}],"about":[{"href":"https:\/\/diariodominicano.com\/index.php?rest_route=\/wp\/v2\/types\/post"}],"author":[{"embeddable":true,"href":"https:\/\/diariodominicano.com\/index.php?rest_route=\/wp\/v2\/users\/3"}],"replies":[{"embeddable":true,"href":"https:\/\/diariodominicano.com\/index.php?rest_route=%2Fwp%2Fv2%2Fcomments&post=217580"}],"version-history":[{"count":0,"href":"https:\/\/diariodominicano.com\/index.php?rest_route=\/wp\/v2\/posts\/217580\/revisions"}],"wp:attachment":[{"href":"https:\/\/diariodominicano.com\/index.php?rest_route=%2Fwp%2Fv2%2Fmedia&parent=217580"}],"wp:term":[{"taxonomy":"category","embeddable":true,"href":"https:\/\/diariodominicano.com\/index.php?rest_route=%2Fwp%2Fv2%2Fcategories&post=217580"},{"taxonomy":"post_tag","embeddable":true,"href":"https:\/\/diariodominicano.com\/index.php?rest_route=%2Fwp%2Fv2%2Ftags&post=217580"}],"curies":[{"name":"wp","href":"https:\/\/api.w.org\/{rel}","templated":true}]}}