{"id":217579,"date":"2016-09-08T11:14:47","date_gmt":"2016-09-08T11:14:47","guid":{"rendered":"http:\/\/diariodominicano.ddns.net\/?p=217579"},"modified":"2016-09-08T11:14:47","modified_gmt":"2016-09-08T11:14:47","slug":"especialista-dominicano-sera-conferencista-en-congreso-de-gastroenterologia","status":"publish","type":"post","link":"https:\/\/diariodominicano.com\/?p=217579","title":{"rendered":"Especialista dominicano ser\u00e1 conferencista en Congreso de Gastroenterolog\u00eda"},"content":{"rendered":"<p><body><\/p>\n<p><img decoding=\"async\" src=\"img3\/doctor8-9.jpg\" \/>  <\/p>\n<p><span class=\"text1noticias\">Santo Domingo, R. D., 8 de septiembre.- El gastroenter\u00f3logo Sidney Espinosa, pasado presidente de la Sociedad Dominicana de Gastroenterolog\u00eda, participar\u00e1 como conferencista en el Congreso Panamericano de Gastroenterolog\u00eda, que se realizar\u00e1 en Cartagena de Indias, en Colombia.<\/span><\/p>\n<\/p>\n<p><span class=\"text1noticias\">El especialista dominicano tratar\u00e1 la insuficiencia pancre\u00e1tica exocrina, que es una patolog\u00eda sub diagnosticada y de dif\u00edcil manejo no muy frecuente, pero de alta morbi mortalidad por la desnutrici\u00f3n que produce.<\/span><\/p>\n<\/p>\n<p><span class=\"text1noticias\">El evento es organizado por la Asociaci\u00f3n Latinoamericana de Gastroenterolog\u00eda y la Sociedad Latinoamericana de Endoscop\u00eda y se realizada cada dos a\u00f1os con gastroenter\u00f3logos de toda Latinoam\u00e9rica.<\/span><\/p>\n<\/p>\n<p><span class=\"text1noticias\"> \u00abEs un privilegio ser conferencista y representar el pa\u00eds por los alto nivel de calidad y exigencia de los expositores\u00bb, expres\u00f3 el gastroenter\u00f3logo endoscopista dominicano, quien ofrece sus servicios en el Centro M\u00e9dico UCE, Cl\u00ednica Corazones Unidos, el INCART y es director del Centro Endosc\u00f3pico Digestivo.<\/span><\/p>\n<\/p>\n<p><span class=\"text1noticias\">El evento cient\u00edfico incluir\u00e1 sesiones plenarias, simposios, conferencias magistrales y cursos de gastro-oncolog\u00eda, endoscopia digestiva y presentaci\u00f3n de casos cl\u00ednicos.<\/span><\/p>\n<h6> 2016-09-08 11:14:47 <\/h6>\n<p><!--\n<link rel=\"stylesheet\" href=\"css\/bootstrap.min.css\">\n\n\n<ul class=\"pagination\">\n\t    \n\t\n\n<li >\n\t<a href='?page_no=12086'>Previous<\/a>\n\t<\/li>\n\n\n       \n    \n\n<li><a href='?page_no=1'>1<\/a><\/li>\n\n\n\n<li><a href='?page_no=2'>2<\/a><\/li>\n\n\n\n<li><a>...<\/a><\/li>\n\n\n\n<li><a href='?page_no=12085'>12085<\/a><\/li>\n\n\n\n<li><a href='?page_no=12086'>12086<\/a><\/li>\n\n\n\n<li class='active'><a>12087<\/a><\/li>\n\n\n\n<li><a href='?page_no=12088'>12088<\/a><\/li>\n\n\n\n<li><a href='?page_no=12089'>12089<\/a><\/li>\n\n\n\n<li><a>...<\/a><\/li>\n\n\n\n<li><a href='?page_no=56169'>56169<\/a><\/li>\n\n\n\n<li><a href='?page_no=56170'>56170<\/a><\/li>\n\n    \n\t\n\n<li >\n\t<a href='?page_no=12088'>Next<\/a>\n\t<\/li>\n\n\n    \n\n<li><a href='?page_no=56170'>Last &rsaquo;&rsaquo;<\/a><\/li>\n\n<\/ul>\n\n\n--><br \/>\n<\/body><\/p>\n","protected":false},"excerpt":{"rendered":"<p>Santo Domingo, R. D., 8 de septiembre.- El gastroenter\u00f3logo Sidney Espinosa, pasado presidente de la Sociedad Dominicana de Gastroenterolog\u00eda, participar\u00e1 como conferencista en el Congreso Panamericano de Gastroenterolog\u00eda, que se realizar\u00e1 en Cartagena de Indias, en Colombia. El especialista dominicano tratar\u00e1 la insuficiencia pancre\u00e1tica exocrina, que es una patolog\u00eda sub diagnosticada y de dif\u00edcil manejo [&hellip;]<\/p>\n","protected":false},"author":3,"featured_media":0,"comment_status":"open","ping_status":"open","sticky":false,"template":"","format":"standard","meta":{"footnotes":""},"categories":[20],"tags":[],"class_list":["post-217579","post","type-post","status-publish","format-standard","hentry","category-dominicana-hoy"],"_links":{"self":[{"href":"https:\/\/diariodominicano.com\/index.php?rest_route=\/wp\/v2\/posts\/217579","targetHints":{"allow":["GET"]}}],"collection":[{"href":"https:\/\/diariodominicano.com\/index.php?rest_route=\/wp\/v2\/posts"}],"about":[{"href":"https:\/\/diariodominicano.com\/index.php?rest_route=\/wp\/v2\/types\/post"}],"author":[{"embeddable":true,"href":"https:\/\/diariodominicano.com\/index.php?rest_route=\/wp\/v2\/users\/3"}],"replies":[{"embeddable":true,"href":"https:\/\/diariodominicano.com\/index.php?rest_route=%2Fwp%2Fv2%2Fcomments&post=217579"}],"version-history":[{"count":0,"href":"https:\/\/diariodominicano.com\/index.php?rest_route=\/wp\/v2\/posts\/217579\/revisions"}],"wp:attachment":[{"href":"https:\/\/diariodominicano.com\/index.php?rest_route=%2Fwp%2Fv2%2Fmedia&parent=217579"}],"wp:term":[{"taxonomy":"category","embeddable":true,"href":"https:\/\/diariodominicano.com\/index.php?rest_route=%2Fwp%2Fv2%2Fcategories&post=217579"},{"taxonomy":"post_tag","embeddable":true,"href":"https:\/\/diariodominicano.com\/index.php?rest_route=%2Fwp%2Fv2%2Ftags&post=217579"}],"curies":[{"name":"wp","href":"https:\/\/api.w.org\/{rel}","templated":true}]}}