{"id":217578,"date":"2016-09-08T11:38:43","date_gmt":"2016-09-08T11:38:43","guid":{"rendered":"http:\/\/diariodominicano.ddns.net\/?p=217578"},"modified":"2016-09-08T11:38:43","modified_gmt":"2016-09-08T11:38:43","slug":"alcaldia-invertira-2-millones-de-pesos-en-financiamiento-de-trimotores","status":"publish","type":"post","link":"https:\/\/diariodominicano.com\/?p=217578","title":{"rendered":"Alcald\u00eda invertir\u00e1 2 millones de pesos en financiamiento de trimotores"},"content":{"rendered":"<p><body><\/p>\n<p><img decoding=\"async\" src=\"img3\/Trimotores8-9.jpg\" \/>  <\/p>\n<p><span class=\"text1noticias\">San Crist\u00f3bal, R. D., 8 de septiembre.- EL alcalde de San Crist\u00f3bal, Nelson Guill\u00e9n, anunci\u00f3 que invertir\u00e1 alrededor de 2 millones de pesos en el financiamiento de trimotores, con el prop\u00f3sito de que los carreteros dejen de usar caballos para movilizar sus carretas. <\/span><\/p>\n<p><span class=\"text1noticias\"> <\/span><\/p>\n<p><span class=\"text1noticias\">El jefe del gobierno local ofreci\u00f3 la informaci\u00f3n durante un encuentro con m\u00e1s de 100 carreteros donde le explic\u00f3 la importancia que tiene para el cabildo eliminar esa pr\u00e1ctica, en detrimento de estos animales.<\/span><\/p>\n<p><span class=\"text1noticias\"> <\/span><\/p>\n<p><span class=\"text1noticias\">La ley 248-12 es clara y precisa con respecto a la protecci\u00f3n animal y sanciona el maltrato a los animales con prisi\u00f3n de hasta 3 meses. El alcalde  design\u00f3 una comisi\u00f3n integrada por Alex S\u00e1nchez, Santa Amador y Jos\u00e9 Luis Sena para coordinar con el presidente de la Asociaci\u00f3n de Carreteros de San Crist\u00f3bal, Aneuris Mej\u00eda, y dem\u00e1s directivos, una reuni\u00f3n en lo relativo al financiamiento de los trimotores. <\/span><\/p>\n<p><span class=\"text1noticias\"> <\/span><\/p>\n<p><span class=\"text1noticias\">En la actividad estuvieron presentes Marilyn Lois Liranzo, encargada de la Unidad de Protecci\u00f3n Animal del Ministerio P\u00fablico, y Ana Yira Ram\u00edrez, presidenta de la Fundaci\u00f3n Protectora de Animales de San Crist\u00f3bal, Pilar Mart\u00ednez, fiscal adjunto, Yanet C\u00e9spedes, Sila Faxas, entre otras autoridades local<\/span>es.<\/p>\n<h6> 2016-09-08 11:38:43 <\/h6>\n<p><!--\n<link rel=\"stylesheet\" href=\"css\/bootstrap.min.css\">\n\n\n<ul class=\"pagination\">\n\t    \n\t\n\n<li >\n\t<a href='?page_no=12085'>Previous<\/a>\n\t<\/li>\n\n\n       \n    \n\n<li><a href='?page_no=1'>1<\/a><\/li>\n\n\n\n<li><a href='?page_no=2'>2<\/a><\/li>\n\n\n\n<li><a>...<\/a><\/li>\n\n\n\n<li><a href='?page_no=12084'>12084<\/a><\/li>\n\n\n\n<li><a href='?page_no=12085'>12085<\/a><\/li>\n\n\n\n<li class='active'><a>12086<\/a><\/li>\n\n\n\n<li><a href='?page_no=12087'>12087<\/a><\/li>\n\n\n\n<li><a href='?page_no=12088'>12088<\/a><\/li>\n\n\n\n<li><a>...<\/a><\/li>\n\n\n\n<li><a href='?page_no=56169'>56169<\/a><\/li>\n\n\n\n<li><a href='?page_no=56170'>56170<\/a><\/li>\n\n    \n\t\n\n<li >\n\t<a href='?page_no=12087'>Next<\/a>\n\t<\/li>\n\n\n    \n\n<li><a href='?page_no=56170'>Last &rsaquo;&rsaquo;<\/a><\/li>\n\n<\/ul>\n\n\n--><br \/>\n<\/body><\/p>\n","protected":false},"excerpt":{"rendered":"<p>San Crist\u00f3bal, R. D., 8 de septiembre.- EL alcalde de San Crist\u00f3bal, Nelson Guill\u00e9n, anunci\u00f3 que invertir\u00e1 alrededor de 2 millones de pesos en el financiamiento de trimotores, con el prop\u00f3sito de que los carreteros dejen de usar caballos para movilizar sus carretas. El jefe del gobierno local ofreci\u00f3 la informaci\u00f3n durante un encuentro con [&hellip;]<\/p>\n","protected":false},"author":3,"featured_media":0,"comment_status":"open","ping_status":"open","sticky":false,"template":"","format":"standard","meta":{"footnotes":""},"categories":[20],"tags":[],"class_list":["post-217578","post","type-post","status-publish","format-standard","hentry","category-dominicana-hoy"],"_links":{"self":[{"href":"https:\/\/diariodominicano.com\/index.php?rest_route=\/wp\/v2\/posts\/217578","targetHints":{"allow":["GET"]}}],"collection":[{"href":"https:\/\/diariodominicano.com\/index.php?rest_route=\/wp\/v2\/posts"}],"about":[{"href":"https:\/\/diariodominicano.com\/index.php?rest_route=\/wp\/v2\/types\/post"}],"author":[{"embeddable":true,"href":"https:\/\/diariodominicano.com\/index.php?rest_route=\/wp\/v2\/users\/3"}],"replies":[{"embeddable":true,"href":"https:\/\/diariodominicano.com\/index.php?rest_route=%2Fwp%2Fv2%2Fcomments&post=217578"}],"version-history":[{"count":0,"href":"https:\/\/diariodominicano.com\/index.php?rest_route=\/wp\/v2\/posts\/217578\/revisions"}],"wp:attachment":[{"href":"https:\/\/diariodominicano.com\/index.php?rest_route=%2Fwp%2Fv2%2Fmedia&parent=217578"}],"wp:term":[{"taxonomy":"category","embeddable":true,"href":"https:\/\/diariodominicano.com\/index.php?rest_route=%2Fwp%2Fv2%2Fcategories&post=217578"},{"taxonomy":"post_tag","embeddable":true,"href":"https:\/\/diariodominicano.com\/index.php?rest_route=%2Fwp%2Fv2%2Ftags&post=217578"}],"curies":[{"name":"wp","href":"https:\/\/api.w.org\/{rel}","templated":true}]}}