{"id":217577,"date":"2016-09-08T21:55:52","date_gmt":"2016-09-08T21:55:52","guid":{"rendered":"http:\/\/diariodominicano.ddns.net\/?p=217577"},"modified":"2016-09-08T21:55:52","modified_gmt":"2016-09-08T21:55:52","slug":"presidente-danilo-medina-inaugura-dos-centros-educativos-en-san-jose-de-ocoa","status":"publish","type":"post","link":"https:\/\/diariodominicano.com\/?p=217577","title":{"rendered":"Presidente Danilo Medina inaugura dos centros educativos en San Jos\u00e9 de Ocoa"},"content":{"rendered":"<p><body><\/p>\n<p><img decoding=\"async\" src=\"img3\/PRESIDENTE IANUGURA DOS NUEVAS ESCUELAS EN OCOA (1).JPG\" \/>  <\/p>\n<p> <strong><span class=\"text1noticias\"> Los centros educativos inaugurados por el presidente Medina, acompa\u00f1ado del ministro de Educaci\u00f3n, Andr\u00e9s Navarro, y  el ministro de Obras P\u00fablicas, Gonzalo Castillo, son la Escuela B\u00e1sica Profesora Ramona Liriano Hern\u00e1ndez, de 20 aulas,  en el sector de San Antonio, La Mata de Mango, y la Escuela \u00c1ngel Emilio Casado, de 20 aulas, en Sabana Larga, San Jos\u00e9 de Ocoa.<\/span><\/strong><\/p>\n<p><strong> <span class=\"text1noticias\">Las nuevas edificaciones escolares fueron construidas por el Ministerio de Obras P\u00fablicas y ser\u00e1n beneficiados 1,260 estudiantes <\/span><\/strong><\/p>\n<\/p>\n<p><strong><span class=\"text1noticias\">SAN JOS\u00c9 DE OCOA, RD, 8 de Septiembre de 2016.-<\/span><\/strong><span class=\"text1noticias\">  El  presidente Danilo Medina entreg\u00f3 este jueves dos nuevos centros educativos de nivel b\u00e1sico en esta provincia, que en conjunto suman 40 aulas al sistema educativo para beneficiar a una matr\u00edcula de mil 260 estudiantes en Jornada de Tanda Extendida.<\/span><\/p>\n<\/p>\n<p><span class=\"text1noticias\"> Los centros educativos inaugurados por el presidente Medina, acompa\u00f1ado del ministro de Educaci\u00f3n, Andr\u00e9s Navarro, y  el ministro de Obras P\u00fablicas, Gonzalo Castillo, son la Escuela B\u00e1sica Profesora Ramona Liriano Hern\u00e1ndez, de 20 aulas,  en el sector de San Antonio, La Mata de Mango, y la Escuela \u00c1ngel Emilio Casado, de 20 aulas, en Sabana Larga, San Jos\u00e9 de Ocoa.<\/span><\/p>\n<\/p>\n<p><span class=\"text1noticias\">Las dos edificaciones escolares cuentan con rincones tecnol\u00f3gicos, \u00e1rea administrativa, cancha mixta, salones de orientaci\u00f3n y para profesores, comedor-cocina, biblioteca, laboratorio de ciencias y de inform\u00e1tica.<\/span><\/p>\n<\/p>\n<p><span class=\"text1noticias\">Las nuevas edificaciones escolares fueron construidas por el Ministerio de Obras P\u00fablicas, con una inversi\u00f3n superior a los 106 millones 330 mil 711 pesos provenientes del Ministerio de Educaci\u00f3n.<\/span><\/p>\n<p><span class=\"text1noticias\">La Escuela B\u00e1sica Profesora Ramona Liriano Hern\u00e1ndez fue levantada  con una inversi\u00f3n de 48 millones 512 mil 860 pesos con 75 centavos, mientras que el centro escolar \u00c1ngel Emilio Casado tuvo un costo de 57 millones 817 mil 850 pesos con 83 centavos.<\/span><\/p>\n<\/p>\n<p><span class=\"text1noticias\">El acto inaugural se realiz\u00f3 en la Escuela Profesora Ramona Liriano Hern\u00e1ndez, con la bendici\u00f3n del sacerdote  Daniel L\u00f3pez, p\u00e1rroco de Parroquia San Jos\u00e9, en tanto que las palabras de bienvenida estuvieron a cargo del profesor Miguel Beltr\u00e9, director del nuevo plantel escolar. El estudiante de octavo grado, Elio Arias, agradeci\u00f3 en nombre de toda la comunidad estudiantil, mientras que el ministro de Obras P\u00fablicas, Gonzalo Castillo, explic\u00f3 en detalle las caracter\u00edsticas de la infraestructura escolar.<\/span><\/p>\n<p><span class=\"text1noticias\">El ministro de Educaci\u00f3n, arquitecto Andr\u00e9s Navarro, pronunci\u00f3 el discurso central del acto de inauguraci\u00f3n de los nuevos planteles escolares.  <\/span><\/p>\n<\/p>\n<p><span class=\"text1noticias\">Tras el acto el presidente Medina y el ministro Navarro se trasladaron al municipio de Sabana Larga para entregar la Escuela \u00c1ngel Emilio Casado de 20 nuevas aulas, donde el Padre Pascual Reinoso Ruiz, de la Parroquia San Francisco de As\u00eds, bendijo las instalaciones escolares. Las palabras de bienvenida fueron pronunciadas por el director de la nueva escuela, profesor Miguel Antonio Soto, y el estudiante Frailyn B\u00e1ez, de 8vo grado, agradeci\u00f3 la obra en nombre de la comunidad estudiantil.<\/span><\/p>\n<p><span class=\"text1noticias\"> <\/span><\/p>\n<p><span class=\"text1noticias\">A la inauguraci\u00f3n de los dos planteles asistieron, adem\u00e1s, Jos\u00e9 Ram\u00f3n Peralta, ministro Administrativo de la Presidencia; Abraham de la Cruz, gobernador provincial; el senador Pedro Alegr\u00eda; los alcaldes Juan Antonio Castillo y  Aneudys Ortiz; Rafaela Nova, directora de la Regional 3 de Educaci\u00f3n, y los diputados Francis Mancebo y C\u00e9sar G\u00f3mez, entre otras autoridades civiles y militares.<\/span><\/p>\n<\/p>\n<p><strong><span class=\"text1noticias\">Estad\u00edsticas<\/span><\/strong><\/p>\n<\/p>\n<p><span class=\"text1noticias\">La provincia de San Jos\u00e9 de Ocoa posee 116 centros educativos que benefician a 14,570 estudiantes. El  municipio cabecera de San Jos\u00e9 de Ocoa dispone de 73, con una matr\u00edcula de 10,022 alumnos, mientras que Sabana Larga cuenta con 17 centros que benefician a 2,235 estudiantes.<\/span><\/p>\n<\/p>\n<p><span class=\"text1noticias\">En Jornada Escolar Extendida dispone de 21 centros escolares que benefician 6,839 estudiantes. De esa cantidad, 13 pertenecen al municipio cabecera, favoreciendo a 4,332 alumnos; y tres planteles pertenecen al municipio Sabana Larga, con una poblaci\u00f3n de 1,236 estudiantes.<\/span><\/p>\n<\/p>\n<\/p>\n<h6> 2016-09-08 21:55:52 <\/h6>\n<p><!--\n<link rel=\"stylesheet\" href=\"css\/bootstrap.min.css\">\n\n\n<ul class=\"pagination\">\n\t    \n\t\n\n<li >\n\t<a href='?page_no=12084'>Previous<\/a>\n\t<\/li>\n\n\n       \n    \n\n<li><a href='?page_no=1'>1<\/a><\/li>\n\n\n\n<li><a href='?page_no=2'>2<\/a><\/li>\n\n\n\n<li><a>...<\/a><\/li>\n\n\n\n<li><a href='?page_no=12083'>12083<\/a><\/li>\n\n\n\n<li><a href='?page_no=12084'>12084<\/a><\/li>\n\n\n\n<li class='active'><a>12085<\/a><\/li>\n\n\n\n<li><a href='?page_no=12086'>12086<\/a><\/li>\n\n\n\n<li><a href='?page_no=12087'>12087<\/a><\/li>\n\n\n\n<li><a>...<\/a><\/li>\n\n\n\n<li><a href='?page_no=56169'>56169<\/a><\/li>\n\n\n\n<li><a href='?page_no=56170'>56170<\/a><\/li>\n\n    \n\t\n\n<li >\n\t<a href='?page_no=12086'>Next<\/a>\n\t<\/li>\n\n\n    \n\n<li><a href='?page_no=56170'>Last &rsaquo;&rsaquo;<\/a><\/li>\n\n<\/ul>\n\n\n--><br \/>\n<\/body><\/p>\n","protected":false},"excerpt":{"rendered":"<p>Los centros educativos inaugurados por el presidente Medina, acompa\u00f1ado del ministro de Educaci\u00f3n, Andr\u00e9s Navarro, y el ministro de Obras P\u00fablicas, Gonzalo Castillo, son la Escuela B\u00e1sica Profesora Ramona Liriano Hern\u00e1ndez, de 20 aulas, en el sector de San Antonio, La Mata de Mango, y la Escuela \u00c1ngel Emilio Casado, de 20 aulas, en Sabana [&hellip;]<\/p>\n","protected":false},"author":3,"featured_media":0,"comment_status":"open","ping_status":"open","sticky":false,"template":"","format":"standard","meta":{"footnotes":""},"categories":[20],"tags":[],"class_list":["post-217577","post","type-post","status-publish","format-standard","hentry","category-dominicana-hoy"],"_links":{"self":[{"href":"https:\/\/diariodominicano.com\/index.php?rest_route=\/wp\/v2\/posts\/217577","targetHints":{"allow":["GET"]}}],"collection":[{"href":"https:\/\/diariodominicano.com\/index.php?rest_route=\/wp\/v2\/posts"}],"about":[{"href":"https:\/\/diariodominicano.com\/index.php?rest_route=\/wp\/v2\/types\/post"}],"author":[{"embeddable":true,"href":"https:\/\/diariodominicano.com\/index.php?rest_route=\/wp\/v2\/users\/3"}],"replies":[{"embeddable":true,"href":"https:\/\/diariodominicano.com\/index.php?rest_route=%2Fwp%2Fv2%2Fcomments&post=217577"}],"version-history":[{"count":0,"href":"https:\/\/diariodominicano.com\/index.php?rest_route=\/wp\/v2\/posts\/217577\/revisions"}],"wp:attachment":[{"href":"https:\/\/diariodominicano.com\/index.php?rest_route=%2Fwp%2Fv2%2Fmedia&parent=217577"}],"wp:term":[{"taxonomy":"category","embeddable":true,"href":"https:\/\/diariodominicano.com\/index.php?rest_route=%2Fwp%2Fv2%2Fcategories&post=217577"},{"taxonomy":"post_tag","embeddable":true,"href":"https:\/\/diariodominicano.com\/index.php?rest_route=%2Fwp%2Fv2%2Ftags&post=217577"}],"curies":[{"name":"wp","href":"https:\/\/api.w.org\/{rel}","templated":true}]}}