{"id":217575,"date":"2016-09-09T00:44:51","date_gmt":"2016-09-09T00:44:51","guid":{"rendered":"http:\/\/diariodominicano.ddns.net\/?p=217575"},"modified":"2016-09-09T00:44:51","modified_gmt":"2016-09-09T00:44:51","slug":"el-doctor-frank-soto-asume-direccion-del-hospital-de-herrera","status":"publish","type":"post","link":"https:\/\/diariodominicano.com\/?p=217575","title":{"rendered":"El doctor Frank Soto asume Direcci\u00f3n del hospital de Herrera"},"content":{"rendered":"<p><body><\/p>\n<p><img decoding=\"async\" src=\"img3\/DSC_1690.JPG\" \/>  <\/p>\n<p><strong>El doctor F\u00e9lix Hern\u00e1ndez pone en posesi\u00f3n al doctor Frank Soto, como nuevo director del hospital Marcelino V\u00e9lez Santana. Observa el doctor Luis Danilo Pichardo Matos, director saliente.<\/strong><\/p>\n<p><strong> <\/strong><\/p>\n<\/p>\n<p><strong> <\/strong><\/p>\n<p><strong>Santo Domingo Oeste, RD, 8 de Septiembre de 2016.-<\/strong>  El ex diputado y dirigente del Partido de la Liberaci\u00f3n Dominicana (PLD), doctor Frank Soto, asumi\u00f3 este jueves como nuevo director general del hospital Marcelino V\u00e9lez Santana, y se comprometi\u00f3 a trabajar con responsabilidad para superar las actuales condiciones de este emblem\u00e1tico centro de salud.<\/p>\n<\/p>\n<p>El galeno, primer civil que asume la direcci\u00f3n de este hospital, desde que abri\u00f3 sus puertas en el a\u00f1o 2003, fue juramentado por el director del Servicio Regional de Salud Metropolitano, en sustituci\u00f3n del general de brigada (ERD) m\u00e9dico neur\u00f3logo, doctor Luis Danilo Pichardo Matos, quien ocupaba el cargo desde el 28 de noviembre del 2013.<\/p>\n<\/p>\n<p>\u00abCuente doctor conque yo voy a continuar su legado, con la responsabilidad con que usted asumi\u00f3 este hospital. A mi esposa y mis hijos les digo que no les voy a fallar. Seguir\u00e9 trabajando como hasta ahora lo he hecho, con responsabilidad y con honestidad\u00bb, expres\u00f3 el doctor Soto.<\/p>\n<\/p>\n<p> \u00abA mi partido le digo que seguir\u00e9 siendo su compa\u00f1ero, y que vamos entre todos a que este hospital emblem\u00e1tico supere las condiciones que tiene. S\u00f3lo con la ayuda de ustedes, la solidaridad y su apoyo, podr\u00e9 lograrlo, porque yo dependo de ustedes, como partido\u00bb, apunt\u00f3.<\/p>\n<\/p>\n<p>Indic\u00f3 que jam\u00e1s podr\u00e1 auspiciar que por primera vez, despu\u00e9s de la construcci\u00f3n de este hospital, que este centro sea dirigido por un civil y pelede\u00edsta, \u00abentre todos no logremos levantar la imagen de este hospital, porque levantando la imagen de este hospital levantaremos la imagen y la dignidad del PLD\u00bb.<\/p>\n<\/p>\n<p>Al dirigirse al personal m\u00e9dico y administrativo, el nuevo director expres\u00f3 que a casi todos los conoce, porque siempre ha estado en contacto permanente con ellos, por lo que \u00abyo seguir\u00e9 siendo el doctor Frank Soto para ustedes, su amigo y su colega\u00bb.<\/p>\n<\/p>\n<p>Por su lado, el doctor Pichardo Matos, al entregar el cargo y desear \u00e9xitos al nuevo incumbente, record\u00f3 la expresi\u00f3n del presidente Danilo Medina, \u00abManos a la Obra\u00bb, al pedirle que arregle el hospital y trabaje con la comunidad.<\/p>\n<\/p>\n<p>\u00abCreo, por los logros y las estad\u00edsticas que tiene este hospital, que hemos cumplido con el mandato del Presidente, y me alegra sobremanera que de las pocas casas donde jugu\u00e9 domin\u00f3, compart\u00ed con su familia y compart\u00ed con un amigo, que es el doctor Frank Soto, hoy viene a dirigir los destinos del hospital Marcelino V\u00e9lez Santana\u00bb, expres\u00f3.<\/p>\n<\/p>\n<p>En la ceremonia estuvieron presentes la defensora del pueblo, doctora Zoila Mart\u00ednez; el presidente del PLD en el municipio Santo Domingo Oeste, ingeniero Manuel Rivas, la diputada Ana Mar\u00eda Pe\u00f1a,  as\u00ed como una gran cantidad de personas de diferentes sectores de Herrera, incluyendo dirigentes comunitarios y representantes de diferentes medios de comunicaci\u00f3n local, que acudieron a brindarle apoyo al doctor Soto.<\/p>\n<\/p>\n<\/p>\n<h6> 2016-09-09 00:44:51 <\/h6>\n<p><!--\n<link rel=\"stylesheet\" href=\"css\/bootstrap.min.css\">\n\n\n<ul class=\"pagination\">\n\t    \n\t\n\n<li >\n\t<a href='?page_no=12082'>Previous<\/a>\n\t<\/li>\n\n\n       \n    \n\n<li><a href='?page_no=1'>1<\/a><\/li>\n\n\n\n<li><a href='?page_no=2'>2<\/a><\/li>\n\n\n\n<li><a>...<\/a><\/li>\n\n\n\n<li><a href='?page_no=12081'>12081<\/a><\/li>\n\n\n\n<li><a href='?page_no=12082'>12082<\/a><\/li>\n\n\n\n<li class='active'><a>12083<\/a><\/li>\n\n\n\n<li><a href='?page_no=12084'>12084<\/a><\/li>\n\n\n\n<li><a href='?page_no=12085'>12085<\/a><\/li>\n\n\n\n<li><a>...<\/a><\/li>\n\n\n\n<li><a href='?page_no=56169'>56169<\/a><\/li>\n\n\n\n<li><a href='?page_no=56170'>56170<\/a><\/li>\n\n    \n\t\n\n<li >\n\t<a href='?page_no=12084'>Next<\/a>\n\t<\/li>\n\n\n    \n\n<li><a href='?page_no=56170'>Last &rsaquo;&rsaquo;<\/a><\/li>\n\n<\/ul>\n\n\n--><br \/>\n<\/body><\/p>\n","protected":false},"excerpt":{"rendered":"<p>El doctor F\u00e9lix Hern\u00e1ndez pone en posesi\u00f3n al doctor Frank Soto, como nuevo director del hospital Marcelino V\u00e9lez Santana. Observa el doctor Luis Danilo Pichardo Matos, director saliente. Santo Domingo Oeste, RD, 8 de Septiembre de 2016.- El ex diputado y dirigente del Partido de la Liberaci\u00f3n Dominicana (PLD), doctor Frank Soto, asumi\u00f3 este jueves [&hellip;]<\/p>\n","protected":false},"author":3,"featured_media":0,"comment_status":"open","ping_status":"open","sticky":false,"template":"","format":"standard","meta":{"footnotes":""},"categories":[20],"tags":[],"class_list":["post-217575","post","type-post","status-publish","format-standard","hentry","category-dominicana-hoy"],"_links":{"self":[{"href":"https:\/\/diariodominicano.com\/index.php?rest_route=\/wp\/v2\/posts\/217575","targetHints":{"allow":["GET"]}}],"collection":[{"href":"https:\/\/diariodominicano.com\/index.php?rest_route=\/wp\/v2\/posts"}],"about":[{"href":"https:\/\/diariodominicano.com\/index.php?rest_route=\/wp\/v2\/types\/post"}],"author":[{"embeddable":true,"href":"https:\/\/diariodominicano.com\/index.php?rest_route=\/wp\/v2\/users\/3"}],"replies":[{"embeddable":true,"href":"https:\/\/diariodominicano.com\/index.php?rest_route=%2Fwp%2Fv2%2Fcomments&post=217575"}],"version-history":[{"count":0,"href":"https:\/\/diariodominicano.com\/index.php?rest_route=\/wp\/v2\/posts\/217575\/revisions"}],"wp:attachment":[{"href":"https:\/\/diariodominicano.com\/index.php?rest_route=%2Fwp%2Fv2%2Fmedia&parent=217575"}],"wp:term":[{"taxonomy":"category","embeddable":true,"href":"https:\/\/diariodominicano.com\/index.php?rest_route=%2Fwp%2Fv2%2Fcategories&post=217575"},{"taxonomy":"post_tag","embeddable":true,"href":"https:\/\/diariodominicano.com\/index.php?rest_route=%2Fwp%2Fv2%2Ftags&post=217575"}],"curies":[{"name":"wp","href":"https:\/\/api.w.org\/{rel}","templated":true}]}}