{"id":217574,"date":"2016-09-09T01:02:00","date_gmt":"2016-09-09T01:02:00","guid":{"rendered":"http:\/\/diariodominicano.ddns.net\/?p=217574"},"modified":"2016-09-09T01:02:00","modified_gmt":"2016-09-09T01:02:00","slug":"muere-el-profesor-ildefonso-guemez-naut","status":"publish","type":"post","link":"https:\/\/diariodominicano.com\/?p=217574","title":{"rendered":"Muere el profesor Ildefonso G\u00fcemez Naut"},"content":{"rendered":"<p><body><\/p>\n<p><img decoding=\"async\" src=\"img3\/Foto Ildefonso Guemez Naut.JPG\" \/>  <\/p>\n<p><strong>Estudi\u00f3 varias carreras en la Universidad Complutense de Madrid, alcanzando el grado de licenciado, en las siguientes profesiones: licenciado en Ciencias Pol\u00edticas, en Ciencias Sociales y en Diplomacia,  regresando al pa\u00eds despu\u00e9s de la ca\u00edda de la dictadura de Trujillo.<\/strong><\/p>\n<p><strong> <\/strong><\/p>\n<p><strong>SANTO DOMINGO, RD, 8 de Septiembre de 2016.- <\/strong>Falleci\u00f3 este jueves el Profesor Merit\u00edsimo de la Facultad de Ciencias Jur\u00eddicas y Pol\u00edticas de la UASD, Ildefonso Rafael G\u00fcemes Naut, a los 75 a\u00f1os de edad. Hab\u00eda nacido el 26 de noviembre de 1941, en la provincia San Juan de la Maguana.<\/p>\n<p>A temprana edad, Ildefonso se vincul\u00f3 a las actividades conspirativas en contra de la dictadura de Rafael Le\u00f3nidas Trujillo.  Durante su adolescencia cre\u00f3 la organizaci\u00f3n juvenil llamada \u00abLos Doce\u00bb o \u00abNueva Trinitaria\u00bb. En noviembre de 1959 el grupo de los doce trat\u00f3 de incendiar con bombas Molotov a las oficinas de las zonas francas de la direcci\u00f3n de Aduanas, siendo apresados por este hecho y llevados en calidad de detenidos a la c\u00e1rcel de la Victoria. Fue Exiliado a Espa\u00f1a. <\/p>\n<\/p>\n<p>Estudi\u00f3 varias carreras en la Universidad Complutense de Madrid, alcanzando el grado de licenciado, en las siguientes profesiones: licenciado en Ciencias Pol\u00edticas, en Ciencias Sociales y en Diplomacia,  regresando al pa\u00eds despu\u00e9s de la ca\u00edda de la dictadura de Trujillo.<\/p>\n<\/p>\n<p>Ingres\u00f3 a la Universidad Aut\u00f3noma de Santo Domingo (UASD) como docente en 1969, siendo profesor de varias facultades, en las escuelas de Letras, Ciencias Pol\u00edticas, Econom\u00eda, y Sociolog\u00eda.<\/p>\n<\/p>\n<p> Fue Director de la Escuela de Ciencias Pol\u00edticas,  miembro del Consejo Directivo de esa Facultad y encargado de la Unidad Curricular de la Direcci\u00f3n de Planificaci\u00f3n.<\/p>\n<\/p>\n<p>Ocup\u00f3 las posiciones de Jefe de la Divisi\u00f3n Administrativa del Instituto Tecnol\u00f3gico de Santo Domingo (INTEC), Embajador encargado del departamento de Asuntos Culturales del Ministerio de Relaciones Exteriores. <\/p>\n<\/p>\n<p>Fue Director Curricular de la Escuela Nacional Penitenciaria, desde donde cre\u00f3 el primer plan de estudio para la formaci\u00f3n de los agentes de Vigilancia y Tratamiento Penitenciario, conocidos como los VTP.<\/p>\n<\/p>\n<p>Profesor Titular  de la Escuela de Ciencias Pol\u00edticas de la UASD,  Profesor Merit\u00edsimo de esa instancia universitaria.<\/p>\n<\/p>\n<p>A partir de este viernes, a las nueve de la ma\u00f1ana las autoridades universitarias  estar\u00e1n  realizando a los restos del extinto acad\u00e9mico honras f\u00fanebres en la funeraria Blandino de la Abraham Lincoln.<\/p>\n<\/p>\n<h6> 2016-09-09 01:02:00 <\/h6>\n<p><!--\n<link rel=\"stylesheet\" href=\"css\/bootstrap.min.css\">\n\n\n<ul class=\"pagination\">\n\t    \n\t\n\n<li >\n\t<a href='?page_no=12081'>Previous<\/a>\n\t<\/li>\n\n\n       \n    \n\n<li><a href='?page_no=1'>1<\/a><\/li>\n\n\n\n<li><a href='?page_no=2'>2<\/a><\/li>\n\n\n\n<li><a>...<\/a><\/li>\n\n\n\n<li><a href='?page_no=12080'>12080<\/a><\/li>\n\n\n\n<li><a href='?page_no=12081'>12081<\/a><\/li>\n\n\n\n<li class='active'><a>12082<\/a><\/li>\n\n\n\n<li><a href='?page_no=12083'>12083<\/a><\/li>\n\n\n\n<li><a href='?page_no=12084'>12084<\/a><\/li>\n\n\n\n<li><a>...<\/a><\/li>\n\n\n\n<li><a href='?page_no=56169'>56169<\/a><\/li>\n\n\n\n<li><a href='?page_no=56170'>56170<\/a><\/li>\n\n    \n\t\n\n<li >\n\t<a href='?page_no=12083'>Next<\/a>\n\t<\/li>\n\n\n    \n\n<li><a href='?page_no=56170'>Last &rsaquo;&rsaquo;<\/a><\/li>\n\n<\/ul>\n\n\n--><br \/>\n<\/body><\/p>\n","protected":false},"excerpt":{"rendered":"<p>Estudi\u00f3 varias carreras en la Universidad Complutense de Madrid, alcanzando el grado de licenciado, en las siguientes profesiones: licenciado en Ciencias Pol\u00edticas, en Ciencias Sociales y en Diplomacia, regresando al pa\u00eds despu\u00e9s de la ca\u00edda de la dictadura de Trujillo. SANTO DOMINGO, RD, 8 de Septiembre de 2016.- Falleci\u00f3 este jueves el Profesor Merit\u00edsimo de [&hellip;]<\/p>\n","protected":false},"author":3,"featured_media":0,"comment_status":"open","ping_status":"open","sticky":false,"template":"","format":"standard","meta":{"footnotes":""},"categories":[20],"tags":[],"class_list":["post-217574","post","type-post","status-publish","format-standard","hentry","category-dominicana-hoy"],"_links":{"self":[{"href":"https:\/\/diariodominicano.com\/index.php?rest_route=\/wp\/v2\/posts\/217574","targetHints":{"allow":["GET"]}}],"collection":[{"href":"https:\/\/diariodominicano.com\/index.php?rest_route=\/wp\/v2\/posts"}],"about":[{"href":"https:\/\/diariodominicano.com\/index.php?rest_route=\/wp\/v2\/types\/post"}],"author":[{"embeddable":true,"href":"https:\/\/diariodominicano.com\/index.php?rest_route=\/wp\/v2\/users\/3"}],"replies":[{"embeddable":true,"href":"https:\/\/diariodominicano.com\/index.php?rest_route=%2Fwp%2Fv2%2Fcomments&post=217574"}],"version-history":[{"count":0,"href":"https:\/\/diariodominicano.com\/index.php?rest_route=\/wp\/v2\/posts\/217574\/revisions"}],"wp:attachment":[{"href":"https:\/\/diariodominicano.com\/index.php?rest_route=%2Fwp%2Fv2%2Fmedia&parent=217574"}],"wp:term":[{"taxonomy":"category","embeddable":true,"href":"https:\/\/diariodominicano.com\/index.php?rest_route=%2Fwp%2Fv2%2Fcategories&post=217574"},{"taxonomy":"post_tag","embeddable":true,"href":"https:\/\/diariodominicano.com\/index.php?rest_route=%2Fwp%2Fv2%2Ftags&post=217574"}],"curies":[{"name":"wp","href":"https:\/\/api.w.org\/{rel}","templated":true}]}}