{"id":217573,"date":"2016-09-09T13:19:49","date_gmt":"2016-09-09T13:19:49","guid":{"rendered":"http:\/\/diariodominicano.ddns.net\/?p=217573"},"modified":"2016-09-09T13:19:49","modified_gmt":"2016-09-09T13:19:49","slug":"comision-especial-continua-recibiendo-aspirantes-a-miembros-jce","status":"publish","type":"post","link":"https:\/\/diariodominicano.com\/?p=217573","title":{"rendered":"Comisi\u00f3n Especial contin\u00faa recibiendo aspirantes a miembros JCE"},"content":{"rendered":"<p><body><\/p>\n<p><img decoding=\"async\" src=\"img3\/SenadoJCE9-9.jpg\" \/>  <\/p>\n<p><span class=\"text1noticias\">Santo Domingo, R. D., 9 de septiembre.- La Comisi\u00f3n Especial del Senado, designada para estudiar la elecci\u00f3n de los miembros y suplentes de la Junta Central Electoral (JCE), para el per\u00edodo 2016-2020, que preside el senador Dionis S\u00e1nchez, anunci\u00f3 que hasta este viernes ha recibido 13 propuestas.<\/span><\/p>\n<p><span class=\"text1noticias\"> <\/span><\/p>\n<p><span class=\"text1noticias\">Los aspirantes, por orden de recibidos, son, Ys\u00f3crates Andr\u00e9s Pe\u00f1a Reyes, propuesto por el Consejo Regional de Desarrollo; Ram\u00f3n Osiris Morla Corniell, personal; Jaime Mart\u00ednez Dur\u00e1n, personal; Jos\u00e9 Alejandro Ayuso, personal; \u00c1ngel M. Mar\u00eda, propuesto por el Movimiento Integridad Popular (PORM); Olga Hach\u00e9 Rodr\u00edguez, propuesta por el Foro Nacional de Mujeres de Partidos. Inc. Rep\u00fablica Dominicana; Rom\u00e1n Andr\u00e9s J\u00e1quez Liranzo, propuesto por la Fundaci\u00f3n Institucionalidad y Justicia (FINJUS) y John Newton Guilliani Valenzuela, personal.<\/span><\/p>\n<p><span class=\"text1noticias\"> <\/span><\/p>\n<p><span class=\"text1noticias\">Adem\u00e1s, Raquel Dolores Popote Vilorio, personal; Marcos de Jes\u00fas Col\u00f3n Arache, propuesto por la Iglesia Evang\u00e9lica y Misionera Jehov\u00e1 Kadosh; Alejandro Bonifacio Torres, propuesto por la Fundaci\u00f3n Desarrollo y Medio Ambiente La Puya (FUNDEMAPU); Ram\u00f3n Antonio Lantigua Laureano, personal y Rosa P\u00e9rez de Garc\u00eda, propuesta por, Iniciativa Verde Sostenible Isidor Ymseng y Asociados (Abogados Notarios).<\/span><\/p>\n<p><span class=\"text1noticias\"> <\/span><\/p>\n<p><span class=\"text1noticias\">La Comisi\u00f3n tambi\u00e9n inform\u00f3 que ha recibido otras solicitudes incompletas, por lo que ha requerido de los proponentes la documentaci\u00f3n faltante para completar el perfil.<\/span><\/p>\n<p><span class=\"text1noticias\"> <\/span><\/p>\n<p><span class=\"text1noticias\">Dionis S\u00e1nchez, presidente de la Comisi\u00f3n Especial, inform\u00f3 que ten\u00edan previsto iniciar las entrevistas de los candidatos a esos cargos el pr\u00f3ximo lunes, pero que para estudiar las propuestas presentadas esta semana por la sociedad civil, se  postergar\u00e1 ese proceso.<\/span><\/p>\n<p><span class=\"text1noticias\"> <\/span><\/p>\n<p><span class=\"text1noticias\">La Comisi\u00f3n continuar\u00e1 recibiendo propuestas de aspirantes hasta el pr\u00f3ximo 19 de septi<\/span>embre.<\/p>\n<h6> 2016-09-09 13:19:49 <\/h6>\n<p><!--\n<link rel=\"stylesheet\" href=\"css\/bootstrap.min.css\">\n\n\n<ul class=\"pagination\">\n\t    \n\t\n\n<li >\n\t<a href='?page_no=12080'>Previous<\/a>\n\t<\/li>\n\n\n       \n    \n\n<li><a href='?page_no=1'>1<\/a><\/li>\n\n\n\n<li><a href='?page_no=2'>2<\/a><\/li>\n\n\n\n<li><a>...<\/a><\/li>\n\n\n\n<li><a href='?page_no=12079'>12079<\/a><\/li>\n\n\n\n<li><a href='?page_no=12080'>12080<\/a><\/li>\n\n\n\n<li class='active'><a>12081<\/a><\/li>\n\n\n\n<li><a href='?page_no=12082'>12082<\/a><\/li>\n\n\n\n<li><a href='?page_no=12083'>12083<\/a><\/li>\n\n\n\n<li><a>...<\/a><\/li>\n\n\n\n<li><a href='?page_no=56169'>56169<\/a><\/li>\n\n\n\n<li><a href='?page_no=56170'>56170<\/a><\/li>\n\n    \n\t\n\n<li >\n\t<a href='?page_no=12082'>Next<\/a>\n\t<\/li>\n\n\n    \n\n<li><a href='?page_no=56170'>Last &rsaquo;&rsaquo;<\/a><\/li>\n\n<\/ul>\n\n\n--><br \/>\n<\/body><\/p>\n","protected":false},"excerpt":{"rendered":"<p>Santo Domingo, R. D., 9 de septiembre.- La Comisi\u00f3n Especial del Senado, designada para estudiar la elecci\u00f3n de los miembros y suplentes de la Junta Central Electoral (JCE), para el per\u00edodo 2016-2020, que preside el senador Dionis S\u00e1nchez, anunci\u00f3 que hasta este viernes ha recibido 13 propuestas. Los aspirantes, por orden de recibidos, son, Ys\u00f3crates [&hellip;]<\/p>\n","protected":false},"author":3,"featured_media":0,"comment_status":"open","ping_status":"open","sticky":false,"template":"","format":"standard","meta":{"footnotes":""},"categories":[20],"tags":[],"class_list":["post-217573","post","type-post","status-publish","format-standard","hentry","category-dominicana-hoy"],"_links":{"self":[{"href":"https:\/\/diariodominicano.com\/index.php?rest_route=\/wp\/v2\/posts\/217573","targetHints":{"allow":["GET"]}}],"collection":[{"href":"https:\/\/diariodominicano.com\/index.php?rest_route=\/wp\/v2\/posts"}],"about":[{"href":"https:\/\/diariodominicano.com\/index.php?rest_route=\/wp\/v2\/types\/post"}],"author":[{"embeddable":true,"href":"https:\/\/diariodominicano.com\/index.php?rest_route=\/wp\/v2\/users\/3"}],"replies":[{"embeddable":true,"href":"https:\/\/diariodominicano.com\/index.php?rest_route=%2Fwp%2Fv2%2Fcomments&post=217573"}],"version-history":[{"count":0,"href":"https:\/\/diariodominicano.com\/index.php?rest_route=\/wp\/v2\/posts\/217573\/revisions"}],"wp:attachment":[{"href":"https:\/\/diariodominicano.com\/index.php?rest_route=%2Fwp%2Fv2%2Fmedia&parent=217573"}],"wp:term":[{"taxonomy":"category","embeddable":true,"href":"https:\/\/diariodominicano.com\/index.php?rest_route=%2Fwp%2Fv2%2Fcategories&post=217573"},{"taxonomy":"post_tag","embeddable":true,"href":"https:\/\/diariodominicano.com\/index.php?rest_route=%2Fwp%2Fv2%2Ftags&post=217573"}],"curies":[{"name":"wp","href":"https:\/\/api.w.org\/{rel}","templated":true}]}}