{"id":217570,"date":"2016-09-09T15:39:26","date_gmt":"2016-09-09T15:39:26","guid":{"rendered":"http:\/\/diariodominicano.ddns.net\/?p=217570"},"modified":"2016-09-09T15:39:26","modified_gmt":"2016-09-09T15:39:26","slug":"parqueos-improvisados-mantienen-en-zozobra-en-la-calle-duverge-de-san-carlos","status":"publish","type":"post","link":"https:\/\/diariodominicano.com\/?p=217570","title":{"rendered":"Parqueos improvisados mantienen en zozobra en la calle Duverg\u00e9 de San Carlos"},"content":{"rendered":"<p><body><\/p>\n<p><img decoding=\"async\" src=\"img3\/vehiculo-jpg.jpg\" \/>  <\/p>\n<\/p>\n<p><strong> <\/strong><\/p>\n<p><strong> <\/strong><\/p>\n<p><strong>Santo Domingo, RD, 09 de septiembre.-<\/strong> Moradores del Sector San Carlos en la capital, pr\u00f3xima al Palacio Nacional, se quejan del caos que se produce en la zona por el mal estacionamiento del personal que labora en las Oficinas Gubernamentales a los que se suman los  visitantes de estos centros p\u00fablicos que cierran calles y aceras<\/p>\n<\/p>\n<p>En ese sentido, llaman a la Autoridad Metropolitana de Transporte AMET, a observar personalmente esa zona donde im\u00e1genes en foto dan cuenta de la mala situaci\u00f3n que se da  all\u00ed con los parqueos desde las 7 de la ma\u00f1ana y durante todo el d\u00eda.<\/p>\n<\/p>\n<p>Denuncian que en la intercepciones de la Calle Duverg\u00e9 y la esquina 30 de marzo se hace dif\u00edcil identificar  la calle y eso ha generado contratiempo en choferes que usan esa v\u00eda y tambi\u00e9n a residentes con veh\u00edculo<\/p>\n<\/p>\n<p>Los moradores claman por una soluci\u00f3n a la  AMET que como entidad encargada de regular el tr\u00e1nsito vehicular en la zona metropolitana es la llamada a dar una salida al problema y evitar el caos  producido por estos parqueos improvisados.<\/p>\n<\/p>\n<p>\u00abEso sucede a diario en el sector, as\u00ed como usted lo ve hoy, venga ma\u00f1ana y lo vera igual\u00bb, expreso unos de los vecinos que no revel\u00f3 su nombre.<\/p>\n<h6> 2016-09-09 15:39:26 <\/h6>\n<p><!--\n<link rel=\"stylesheet\" href=\"css\/bootstrap.min.css\">\n\n\n<ul class=\"pagination\">\n\t    \n\t\n\n<li >\n\t<a href='?page_no=12078'>Previous<\/a>\n\t<\/li>\n\n\n       \n    \n\n<li><a href='?page_no=1'>1<\/a><\/li>\n\n\n\n<li><a href='?page_no=2'>2<\/a><\/li>\n\n\n\n<li><a>...<\/a><\/li>\n\n\n\n<li><a href='?page_no=12077'>12077<\/a><\/li>\n\n\n\n<li><a href='?page_no=12078'>12078<\/a><\/li>\n\n\n\n<li class='active'><a>12079<\/a><\/li>\n\n\n\n<li><a href='?page_no=12080'>12080<\/a><\/li>\n\n\n\n<li><a href='?page_no=12081'>12081<\/a><\/li>\n\n\n\n<li><a>...<\/a><\/li>\n\n\n\n<li><a href='?page_no=56169'>56169<\/a><\/li>\n\n\n\n<li><a href='?page_no=56170'>56170<\/a><\/li>\n\n    \n\t\n\n<li >\n\t<a href='?page_no=12080'>Next<\/a>\n\t<\/li>\n\n\n    \n\n<li><a href='?page_no=56170'>Last &rsaquo;&rsaquo;<\/a><\/li>\n\n<\/ul>\n\n\n--><br \/>\n<\/body><\/p>\n","protected":false},"excerpt":{"rendered":"<p>Santo Domingo, RD, 09 de septiembre.- Moradores del Sector San Carlos en la capital, pr\u00f3xima al Palacio Nacional, se quejan del caos que se produce en la zona por el mal estacionamiento del personal que labora en las Oficinas Gubernamentales a los que se suman los visitantes de estos centros p\u00fablicos que cierran calles y [&hellip;]<\/p>\n","protected":false},"author":3,"featured_media":0,"comment_status":"open","ping_status":"open","sticky":false,"template":"","format":"standard","meta":{"footnotes":""},"categories":[20],"tags":[],"class_list":["post-217570","post","type-post","status-publish","format-standard","hentry","category-dominicana-hoy"],"_links":{"self":[{"href":"https:\/\/diariodominicano.com\/index.php?rest_route=\/wp\/v2\/posts\/217570","targetHints":{"allow":["GET"]}}],"collection":[{"href":"https:\/\/diariodominicano.com\/index.php?rest_route=\/wp\/v2\/posts"}],"about":[{"href":"https:\/\/diariodominicano.com\/index.php?rest_route=\/wp\/v2\/types\/post"}],"author":[{"embeddable":true,"href":"https:\/\/diariodominicano.com\/index.php?rest_route=\/wp\/v2\/users\/3"}],"replies":[{"embeddable":true,"href":"https:\/\/diariodominicano.com\/index.php?rest_route=%2Fwp%2Fv2%2Fcomments&post=217570"}],"version-history":[{"count":0,"href":"https:\/\/diariodominicano.com\/index.php?rest_route=\/wp\/v2\/posts\/217570\/revisions"}],"wp:attachment":[{"href":"https:\/\/diariodominicano.com\/index.php?rest_route=%2Fwp%2Fv2%2Fmedia&parent=217570"}],"wp:term":[{"taxonomy":"category","embeddable":true,"href":"https:\/\/diariodominicano.com\/index.php?rest_route=%2Fwp%2Fv2%2Fcategories&post=217570"},{"taxonomy":"post_tag","embeddable":true,"href":"https:\/\/diariodominicano.com\/index.php?rest_route=%2Fwp%2Fv2%2Ftags&post=217570"}],"curies":[{"name":"wp","href":"https:\/\/api.w.org\/{rel}","templated":true}]}}