{"id":217568,"date":"2016-09-09T16:24:40","date_gmt":"2016-09-09T16:24:40","guid":{"rendered":"http:\/\/diariodominicano.ddns.net\/?p=217568"},"modified":"2016-09-09T16:24:40","modified_gmt":"2016-09-09T16:24:40","slug":"presidente-de-indotel-aboga-por-inversiones-como-la-del-nap-del-caribe-en-el-pais","status":"publish","type":"post","link":"https:\/\/diariodominicano.com\/?p=217568","title":{"rendered":"&#13;Presidente de Indotel aboga por inversiones como la del NAP del Caribe en el pa\u00eds"},"content":{"rendered":"<p><body><\/p>\n<p><img decoding=\"async\" src=\"img3\/delcastillo.jpg\" \/><br \/><img decoding=\"async\" src=\"img3\/delcastilo.jpg\" \/>  <\/p>\n<\/p>\n<p><strong><span class=\"text1noticias\">Santo Domingo, RD, 09 de septiembre.- <\/span><\/strong><span class=\"text1noticias\">La Rep\u00fablica Dominicana tiene que fomentar inversiones y emprendimientos como el NAP del Caribe (Network Access Point) que seg\u00fan afirm\u00f3 el presidente del Instituto Dominicano de las Telecomunicaciones (Indotel), Jos\u00e9 Del Castillo Savi\u00f1\u00f3n, no solo pone al pa\u00eds a la vanguardia de la conectividad en el Caribe, sino que tambi\u00e9n garantiza neutralidad, seguridad y el acceso a servicios tecnol\u00f3gicos en el pa\u00eds.<\/span><\/p>\n<\/p>\n<p><span class=\"text1noticias\">Del Castillo hizo el se\u00f1alamiento durante una visita que realiz\u00f3 a las instalaciones del Hub Tecnol\u00f3gico, ubicado en el Parque Cibern\u00e9tico de Las Am\u00e9ricas, en el municipio de Boca Chica.<\/span><\/p>\n<\/p>\n<p><span class=\"text1noticias\">Estuvo acompa\u00f1ado de la directora ejecutiva del Indotel, Evelyn Katrina Naut Senci\u00f3n, del gerente de Tecnolog\u00eda, Ram\u00f3n Aref Henr\u00edquez Risk, y el asistente especial del presidente del \u00f3rgano regulador, Juan Ilianov M\u00e9ndez Cuevas.<\/span><\/p>\n<\/p>\n<p><span class=\"text1noticias\">Los funcionarios fueron recibidos por la presidenta ejecutiva del NAP del Caribe, Mar\u00eda Waleska \u00c1lvarez, y Manuel Tavares, miembro del consejo de directores de la instituci\u00f3n tecnol\u00f3gica.<\/span><\/p>\n<\/p>\n<p><span class=\"text1noticias\">El titular del INDOTEL consider\u00f3 el NAP del Caribe como \u00abunas de las instalaciones de tecnolog\u00eda de punta, que est\u00e1 en crecimiento y que trabaja en su ampliaci\u00f3n para expandir sus servicios\u00bb.<\/span><\/p>\n<\/p>\n<p><span class=\"text1noticias\">\u00abCreo, desde el punto de vista nuestro, que debemos fomentar que inversiones de esta naturaleza vengan a la Rep\u00fablica Dominicana y fomentar que iniciativas y emprendimiento como el NAP sean exitosos\u00bb, enfatiz\u00f3.<\/span><\/p>\n<\/p>\n<p><span class=\"text1noticias\">En tanto, la presidenta ejecutiva del NAP, Mar\u00eda Waleska \u00c1lvarez, manifest\u00f3 sentirse complacida y privilegiada con la visita del nuevo presidente del Indotel a las instalaciones de este centro tecnol\u00f3gico. \u00abHemos celebrado su designaci\u00f3n y el entusiasmo con que ha asumido el liderazgo de promover las telecomunicaciones como una de las herramientas transversales para el desarrollo de la Rep\u00fablica Dominicana\u00bb, apunt\u00f3.<\/span><\/p>\n<\/p>\n<p><span class=\"text1noticias\">Dijo que en el NAP del Caribe \u00abestamos convencidos que el uso intensivo de tecnolog\u00edas de telecomunicaciones es una gran herramienta de inclusi\u00f3n social y de conectividad\u00bb.<\/span><\/p>\n<\/p>\n<p><span class=\"text1noticias\">En tal sentido, invit\u00f3  al presidente del Indotel \u00abseguir fortaleciendo esa alianza p\u00fablico privada con la que en realidad podemos catapultar a la Republica Dominicana en el desarrollo de la industria de telecomunicaciones de nuestro pa\u00eds\u00bb.<\/span><\/p>\n<\/p>\n<p><span class=\"text1noticias\">\u00c1lvarez se\u00f1al\u00f3 que puso a disposici\u00f3n del Indotel y de las empresas de telecomunicaciones de la Rep\u00fablica Dominicana, \u00abla \u00fanica plataforma de peering que existe en el pa\u00eds y con la cual podemos convertirnos en uno de los principales centros de conectividad de toda la regi\u00f3n del Caribe\u00bb. <\/span><\/p>\n<\/p>\n<p><span class=\"text1noticias\">En su exposici\u00f3n ante los funcionarios del Indotel, \u00c1lvarez destac\u00f3 el proceso de expansi\u00f3n que realiza el NAP del Caribe que dijo a\u00f1adir\u00e1 una mayor cantidad de clientes del centro, indicando que se trata del m\u00e1s seguro y mejor interconectado de la regi\u00f3n, dotado de los m\u00e1s altos niveles seguridad f\u00edsica y digital, confiabilidad y conectividad.<\/span><\/p>\n<\/p>\n<p><span class=\"text1noticias\">\u00c1lvarez, tambi\u00e9n presidenta del Comit\u00e9 TIC de la C\u00e1mara Americana de Comercio (AMCHAMD), manifest\u00f3 que el dise\u00f1o de este centro permite adem\u00e1s evitar puntos de falla \u00fanicos y garantizar la continuidad de la operaci\u00f3n de los sistemas inform\u00e1ticos, tiene un entorno altamente seguro para el alojamiento de sus sistemas inform\u00e1ticos de misi\u00f3n cr\u00edtica y redundancia, seguridad y resilencia con m\u00faltiples opciones de acceso y conectividad.<\/span><\/p>\n<p><span class=\"text1noticias\"> <\/span><\/p>\n<p><span class=\"text1noticias\">\u00c1lvarez, Del Castillo Savi\u00f1\u00f3n y Tavares encabezaron un recorrido en las instalaciones sensibles y las \u00e1reas en expansi\u00f3n del NAP del Caribe, acompa\u00f1ados de los dem\u00e1s ejecutivos del INDOTEL.<\/span><\/p>\n<\/p>\n<h6> 2016-09-09 16:24:40 <\/h6>\n<p><!--\n<link rel=\"stylesheet\" href=\"css\/bootstrap.min.css\">\n\n\n<ul class=\"pagination\">\n\t    \n\t\n\n<li >\n\t<a href='?page_no=12076'>Previous<\/a>\n\t<\/li>\n\n\n       \n    \n\n<li><a href='?page_no=1'>1<\/a><\/li>\n\n\n\n<li><a href='?page_no=2'>2<\/a><\/li>\n\n\n\n<li><a>...<\/a><\/li>\n\n\n\n<li><a href='?page_no=12075'>12075<\/a><\/li>\n\n\n\n<li><a href='?page_no=12076'>12076<\/a><\/li>\n\n\n\n<li class='active'><a>12077<\/a><\/li>\n\n\n\n<li><a href='?page_no=12078'>12078<\/a><\/li>\n\n\n\n<li><a href='?page_no=12079'>12079<\/a><\/li>\n\n\n\n<li><a>...<\/a><\/li>\n\n\n\n<li><a href='?page_no=56169'>56169<\/a><\/li>\n\n\n\n<li><a href='?page_no=56170'>56170<\/a><\/li>\n\n    \n\t\n\n<li >\n\t<a href='?page_no=12078'>Next<\/a>\n\t<\/li>\n\n\n    \n\n<li><a href='?page_no=56170'>Last &rsaquo;&rsaquo;<\/a><\/li>\n\n<\/ul>\n\n\n--><br \/>\n<\/body><\/p>\n","protected":false},"excerpt":{"rendered":"<p>Santo Domingo, RD, 09 de septiembre.- La Rep\u00fablica Dominicana tiene que fomentar inversiones y emprendimientos como el NAP del Caribe (Network Access Point) que seg\u00fan afirm\u00f3 el presidente del Instituto Dominicano de las Telecomunicaciones (Indotel), Jos\u00e9 Del Castillo Savi\u00f1\u00f3n, no solo pone al pa\u00eds a la vanguardia de la conectividad en el Caribe, sino que [&hellip;]<\/p>\n","protected":false},"author":3,"featured_media":0,"comment_status":"open","ping_status":"open","sticky":false,"template":"","format":"standard","meta":{"footnotes":""},"categories":[20],"tags":[],"class_list":["post-217568","post","type-post","status-publish","format-standard","hentry","category-dominicana-hoy"],"_links":{"self":[{"href":"https:\/\/diariodominicano.com\/index.php?rest_route=\/wp\/v2\/posts\/217568","targetHints":{"allow":["GET"]}}],"collection":[{"href":"https:\/\/diariodominicano.com\/index.php?rest_route=\/wp\/v2\/posts"}],"about":[{"href":"https:\/\/diariodominicano.com\/index.php?rest_route=\/wp\/v2\/types\/post"}],"author":[{"embeddable":true,"href":"https:\/\/diariodominicano.com\/index.php?rest_route=\/wp\/v2\/users\/3"}],"replies":[{"embeddable":true,"href":"https:\/\/diariodominicano.com\/index.php?rest_route=%2Fwp%2Fv2%2Fcomments&post=217568"}],"version-history":[{"count":0,"href":"https:\/\/diariodominicano.com\/index.php?rest_route=\/wp\/v2\/posts\/217568\/revisions"}],"wp:attachment":[{"href":"https:\/\/diariodominicano.com\/index.php?rest_route=%2Fwp%2Fv2%2Fmedia&parent=217568"}],"wp:term":[{"taxonomy":"category","embeddable":true,"href":"https:\/\/diariodominicano.com\/index.php?rest_route=%2Fwp%2Fv2%2Fcategories&post=217568"},{"taxonomy":"post_tag","embeddable":true,"href":"https:\/\/diariodominicano.com\/index.php?rest_route=%2Fwp%2Fv2%2Ftags&post=217568"}],"curies":[{"name":"wp","href":"https:\/\/api.w.org\/{rel}","templated":true}]}}