{"id":217566,"date":"2016-09-10T08:25:18","date_gmt":"2016-09-10T08:25:18","guid":{"rendered":"http:\/\/diariodominicano.ddns.net\/?p=217566"},"modified":"2016-09-10T08:25:18","modified_gmt":"2016-09-10T08:25:18","slug":"ministro-de-educacion-afirma-trabajara-con-una-lupa-escuela-por-escuela","status":"publish","type":"post","link":"https:\/\/diariodominicano.com\/?p=217566","title":{"rendered":"Ministro de Educaci\u00f3n afirma trabajar\u00e1 con una lupa escuela por escuela"},"content":{"rendered":"<p><body><\/p>\n<p><img decoding=\"async\" src=\"img3\/DSC_6600.JPG\" \/><br \/><img decoding=\"async\" src=\"img3\/DSC_6072.JPG\" \/><br \/><img decoding=\"async\" src=\"img3\/DSC_6050.JPG\" \/>  <\/p>\n<p><strong><span class=\"text1noticias\">El ministro de Educaci\u00f3n Andr\u00e9s Navarro en un  recorrido de supervisi\u00f3n por planteles educativos en San Jos\u00e9 de Ocoa, el 9 de septiembre de 2016.<\/span><\/strong><\/p>\n<\/p>\n<p><strong><span class=\"text1noticias\">SAN JOSE DE OCOA, 10 de Septiembre de 2016.- <\/span><\/strong><span class=\"text1noticias\"> El ministro de Educaci\u00f3n, arquitecto Andr\u00e9s Navarro, realiz\u00f3 un recorrido de supervisi\u00f3n por distintos centros escolares donde verific\u00f3 las condiciones estructurales, e intercambi\u00f3 impresiones con los directores y personal docente, donde asegur\u00f3 que <strong>\u00aba partir de ahora estar\u00e9 trabajando con una lupa, escuela por escuela hasta lograr colocar los planteles en el nivel requerido por la Revoluci\u00f3n Educativa impulsada por el presidente Danilo Medina\u00bb.<\/strong><\/span><\/p>\n<\/p>\n<p><span class=\"text1noticias\">Recorri\u00f3 primero la Escuela B\u00e1sica Irma Rodr\u00edguez, dirigida por la profesora Ana Victoria Santana, con alrededor de 200 estudiantes, en el barrio San Rafael, de donde se traslad\u00f3 luego a la Escuela B\u00e1sica San Rafael, bajo la direcci\u00f3n de la profesora Danny Isabel Beltr\u00e9.<\/span><\/p>\n<\/p>\n<p><strong><span class=\"text1noticias\">El ministro Navarro hizo una inspecci\u00f3n de las estructuras de los centros adscritos a la jornada de tanda extendida, incluidas las aulas, la cocina, comedor, zona de recreo, laboratorio de ciencia, rinc\u00f3n tecnol\u00f3gico, sala de orientaci\u00f3n sicol\u00f3gica, sal\u00f3n de los maestros, entre otras \u00e1reas fundamentales para elevar la calidad de la educaci\u00f3n, comenzando los actores principales que son los estudiantes y los docentes.<\/span><\/strong><\/p>\n<\/p>\n<p><span class=\"text1noticias\">\u00abEn mi recorrido por los planteles he podido apreciar una serie de detalles que deberemos replicar en otras demarcaciones, pero tambi\u00e9n aspectos que mejorar, por lo que a partir de ahora estar\u00e9 trabajando con una lupa, escuela por escuela hasta lograr colocar los planteles en el nivel requerido por la Revoluci\u00f3n Educativa impulsada por el presidente Medina\u00bb.<\/span><\/p>\n<\/p>\n<p><span class=\"text1noticias\">Asimismo, Navarro, acompa\u00f1ado de Julio Santana, director de Gabinete y Giovanny Romero, encargado de la Jornada de Tanda Extendida y otros funcionarios, tambi\u00e9n visit\u00f3 la Escuela B\u00e1sica Manuel Federico Mateo, con 115 estudiantes, dirigida por el profesor Jos\u00e9 Gregorio Mateo, ubicada en la comunidad Arroyo Palma. De ah\u00ed se traslad\u00f3 a la Escuela B\u00e1sica Jos\u00e9 Altagracia Castillo en la comunidad Sabana Larga Abajo, donde reciben docencia alrededor de 80 estudiantes, bajo la direcci\u00f3n del profesor Ram\u00f3n Marcelino B\u00e1ez.<\/span><\/p>\n<\/p>\n<p><span class=\"text1noticias\">\u00abEn este amplio recorrido hemos podido intercambiar valiosas impresiones dirigidas a mejorar la calidad educativa, con los propios actores que son los docentes, sus directores, y que hermosa experiencia, tambi\u00e9n ver a tantos ni\u00f1os y j\u00f3venes que reciben una educaci\u00f3n con calidad gracias a los ingentes esfuerzos que cada d\u00eda despliega el presidente Medina y su Revoluci\u00f3n Educativa\u00bb, refiri\u00f3 Navarro en el recorrido.<\/span><\/p>\n<\/p>\n<p><span class=\"text1noticias\">Igualmente supervis\u00f3 los avances en la construcci\u00f3n del Polit\u00e9cnico Jos\u00e9 N\u00fa\u00f1ez de C\u00e1ceres en la comunidad Arroyo Palma, estructura que beneficiar\u00e1 a miles de estudiantes que, adem\u00e1s de su bachillerato regular, tambi\u00e9n una carrera t\u00e9cnica-vocacional, \u00ablo que representar\u00e1 un notable impulso en esta provincia sure\u00f1a, en el prop\u00f3sito nacional del presidente Medina de convertir a la educaci\u00f3n en el principal puente de desarrollo de la poblaci\u00f3n y del pa\u00eds\u00bb.<\/span><\/p>\n<\/p>\n<p><span class=\"text1noticias\">Durante el intercambio de impresiones con los directores de los referidos planteles, Navarro destac\u00f3 su inquebrantable compromiso de fortalecer el di\u00e1logo y la concertaci\u00f3n con todos los actores del sistema educativo.<\/span><\/p>\n<\/p>\n<\/p>\n<h6> 2016-09-10 08:25:18 <\/h6>\n<p><!--\n<link rel=\"stylesheet\" href=\"css\/bootstrap.min.css\">\n\n\n<ul class=\"pagination\">\n\t    \n\t\n\n<li >\n\t<a href='?page_no=12074'>Previous<\/a>\n\t<\/li>\n\n\n       \n    \n\n<li><a href='?page_no=1'>1<\/a><\/li>\n\n\n\n<li><a href='?page_no=2'>2<\/a><\/li>\n\n\n\n<li><a>...<\/a><\/li>\n\n\n\n<li><a href='?page_no=12073'>12073<\/a><\/li>\n\n\n\n<li><a href='?page_no=12074'>12074<\/a><\/li>\n\n\n\n<li class='active'><a>12075<\/a><\/li>\n\n\n\n<li><a href='?page_no=12076'>12076<\/a><\/li>\n\n\n\n<li><a href='?page_no=12077'>12077<\/a><\/li>\n\n\n\n<li><a>...<\/a><\/li>\n\n\n\n<li><a href='?page_no=56169'>56169<\/a><\/li>\n\n\n\n<li><a href='?page_no=56170'>56170<\/a><\/li>\n\n    \n\t\n\n<li >\n\t<a href='?page_no=12076'>Next<\/a>\n\t<\/li>\n\n\n    \n\n<li><a href='?page_no=56170'>Last &rsaquo;&rsaquo;<\/a><\/li>\n\n<\/ul>\n\n\n--><br \/>\n<\/body><\/p>\n","protected":false},"excerpt":{"rendered":"<p>El ministro de Educaci\u00f3n Andr\u00e9s Navarro en un recorrido de supervisi\u00f3n por planteles educativos en San Jos\u00e9 de Ocoa, el 9 de septiembre de 2016. SAN JOSE DE OCOA, 10 de Septiembre de 2016.- El ministro de Educaci\u00f3n, arquitecto Andr\u00e9s Navarro, realiz\u00f3 un recorrido de supervisi\u00f3n por distintos centros escolares donde verific\u00f3 las condiciones estructurales, [&hellip;]<\/p>\n","protected":false},"author":3,"featured_media":0,"comment_status":"open","ping_status":"open","sticky":false,"template":"","format":"standard","meta":{"footnotes":""},"categories":[20],"tags":[],"class_list":["post-217566","post","type-post","status-publish","format-standard","hentry","category-dominicana-hoy"],"_links":{"self":[{"href":"https:\/\/diariodominicano.com\/index.php?rest_route=\/wp\/v2\/posts\/217566","targetHints":{"allow":["GET"]}}],"collection":[{"href":"https:\/\/diariodominicano.com\/index.php?rest_route=\/wp\/v2\/posts"}],"about":[{"href":"https:\/\/diariodominicano.com\/index.php?rest_route=\/wp\/v2\/types\/post"}],"author":[{"embeddable":true,"href":"https:\/\/diariodominicano.com\/index.php?rest_route=\/wp\/v2\/users\/3"}],"replies":[{"embeddable":true,"href":"https:\/\/diariodominicano.com\/index.php?rest_route=%2Fwp%2Fv2%2Fcomments&post=217566"}],"version-history":[{"count":0,"href":"https:\/\/diariodominicano.com\/index.php?rest_route=\/wp\/v2\/posts\/217566\/revisions"}],"wp:attachment":[{"href":"https:\/\/diariodominicano.com\/index.php?rest_route=%2Fwp%2Fv2%2Fmedia&parent=217566"}],"wp:term":[{"taxonomy":"category","embeddable":true,"href":"https:\/\/diariodominicano.com\/index.php?rest_route=%2Fwp%2Fv2%2Fcategories&post=217566"},{"taxonomy":"post_tag","embeddable":true,"href":"https:\/\/diariodominicano.com\/index.php?rest_route=%2Fwp%2Fv2%2Ftags&post=217566"}],"curies":[{"name":"wp","href":"https:\/\/api.w.org\/{rel}","templated":true}]}}