{"id":217565,"date":"2016-09-10T15:42:30","date_gmt":"2016-09-10T15:42:30","guid":{"rendered":"http:\/\/diariodominicano.ddns.net\/?p=217565"},"modified":"2016-09-10T15:42:30","modified_gmt":"2016-09-10T15:42:30","slug":"presidente-danilo-medina-y-dona-candida-montilla-de-medina-asisten-a-entronizacion-arzobispo-ozoria","status":"publish","type":"post","link":"https:\/\/diariodominicano.com\/?p=217565","title":{"rendered":"Presidente Danilo Medina y Do\u00f1a C\u00e1ndida Montilla de Medina asisten a entronizaci\u00f3n Arzobispo Ozoria"},"content":{"rendered":"<p><body><\/p>\n<p><img decoding=\"async\" src=\"img3\/pteosoria.jpg\" \/><br \/><img decoding=\"async\" src=\"img3\/depietpete.jpg\" \/>  <\/p>\n<p><strong><span class=\"text1noticias\"> <\/span><\/strong><\/p>\n<p><strong> <\/strong><\/p>\n<p><strong> <\/strong><\/p>\n<p><strong><span class=\"text1noticias\">Santo Domingo, RD, 10 de septiembre.-  <\/span><\/strong><span class=\"text1noticias\">Monse\u00f1or Francisco Ozoria Acosta fue entronizado esta ma\u00f1ana como Arzobispo Metropolitano de Santo Domingo. Sustituye a Nicol\u00e1s L\u00f3pez Rodr\u00edguez.<\/span><\/p>\n<p><span class=\"text1noticias\"> <\/span><\/p>\n<p><span class=\"text1noticias\">A partir de hoy monse\u00f1or Ozoria dirigir\u00e1 el Ministerio Episcopal de la Arquidi\u00f3cesis de Santo Domingo.<\/span><\/p>\n<p><span class=\"text1noticias\"> <\/span><\/p>\n<p><span class=\"text1noticias\">Al acto en la Catedral Primada de Am\u00e9rica asisti\u00f3 la pareja presidencial. Danilo Medina y C\u00e1ndida Montilla de Medina presenciaron atentos la ceremonia.<\/span><\/p>\n<\/p>\n<p><span class=\"text1noticias\">La entronizaci\u00f3n se hizo seguido del mensaje enviado por el Papa Francisco. Tambi\u00e9n, de la entrega del b\u00e1culo por parte del Nuncio Apost\u00f3lico de Su Santidad en el pa\u00eds, Jude Thaddeus Okolo.<\/span><\/p>\n<p><span class=\"text1noticias\"> <\/span><\/p>\n<p><span class=\"text1noticias\">De inmediato, la pareja presidencial dio un c\u00e1lido abrazo de bienvenida al nuevo Arzobispo Metropolitano de Santo Domingo.<\/span><\/p>\n<p><span class=\"text1noticias\"> <\/span><\/p>\n<p><span class=\"text1noticias\">Pide oraci\u00f3n<\/span><\/p>\n<\/p>\n<p><span class=\"text1noticias\">Al asumir su posici\u00f3n, monse\u00f1or Ozoria pidi\u00f3 a obispos, di\u00e1conos, comunidades eclesi\u00e1sticas y al pueblo dominicano orar por \u00e9l. Para que pueda enfrentar los retos y desaf\u00edos que vienen junto a sus nuevas funciones.<\/span><\/p>\n<p><span class=\"text1noticias\"> <\/span><\/p>\n<p><span class=\"text1noticias\">Agradeci\u00f3 al Papa Francisco su confianza en \u00e9l para ocupar esa posici\u00f3n. \u00abPara m\u00ed esto ha sido una gran sorpresa. Asumo el compromiso encomendado a la Divina Providencia\u00bb, expres\u00f3.<\/span><\/p>\n<p><span class=\"text1noticias\"> <\/span><\/p>\n<p><span class=\"text1noticias\">Tambi\u00e9n asisti\u00f3 al acto el ministro administrativo de la Presidencia, Jos\u00e9 Ram\u00f3n Peralta. Asimismo, los asistentes del Presidente, Carlos Pared P\u00e9rez y Robert de la Cruz, entre otros altos funcionarios.<\/span><\/p>\n<h6> 2016-09-10 15:42:30 <\/h6>\n<p><!--\n<link rel=\"stylesheet\" href=\"css\/bootstrap.min.css\">\n\n\n<ul class=\"pagination\">\n\t    \n\t\n\n<li >\n\t<a href='?page_no=12073'>Previous<\/a>\n\t<\/li>\n\n\n       \n    \n\n<li><a href='?page_no=1'>1<\/a><\/li>\n\n\n\n<li><a href='?page_no=2'>2<\/a><\/li>\n\n\n\n<li><a>...<\/a><\/li>\n\n\n\n<li><a href='?page_no=12072'>12072<\/a><\/li>\n\n\n\n<li><a href='?page_no=12073'>12073<\/a><\/li>\n\n\n\n<li class='active'><a>12074<\/a><\/li>\n\n\n\n<li><a href='?page_no=12075'>12075<\/a><\/li>\n\n\n\n<li><a href='?page_no=12076'>12076<\/a><\/li>\n\n\n\n<li><a>...<\/a><\/li>\n\n\n\n<li><a href='?page_no=56169'>56169<\/a><\/li>\n\n\n\n<li><a href='?page_no=56170'>56170<\/a><\/li>\n\n    \n\t\n\n<li >\n\t<a href='?page_no=12075'>Next<\/a>\n\t<\/li>\n\n\n    \n\n<li><a href='?page_no=56170'>Last &rsaquo;&rsaquo;<\/a><\/li>\n\n<\/ul>\n\n\n--><br \/>\n<\/body><\/p>\n","protected":false},"excerpt":{"rendered":"<p>Santo Domingo, RD, 10 de septiembre.- Monse\u00f1or Francisco Ozoria Acosta fue entronizado esta ma\u00f1ana como Arzobispo Metropolitano de Santo Domingo. Sustituye a Nicol\u00e1s L\u00f3pez Rodr\u00edguez. A partir de hoy monse\u00f1or Ozoria dirigir\u00e1 el Ministerio Episcopal de la Arquidi\u00f3cesis de Santo Domingo. Al acto en la Catedral Primada de Am\u00e9rica asisti\u00f3 la pareja presidencial. Danilo Medina [&hellip;]<\/p>\n","protected":false},"author":3,"featured_media":0,"comment_status":"open","ping_status":"open","sticky":false,"template":"","format":"standard","meta":{"footnotes":""},"categories":[20],"tags":[],"class_list":["post-217565","post","type-post","status-publish","format-standard","hentry","category-dominicana-hoy"],"_links":{"self":[{"href":"https:\/\/diariodominicano.com\/index.php?rest_route=\/wp\/v2\/posts\/217565","targetHints":{"allow":["GET"]}}],"collection":[{"href":"https:\/\/diariodominicano.com\/index.php?rest_route=\/wp\/v2\/posts"}],"about":[{"href":"https:\/\/diariodominicano.com\/index.php?rest_route=\/wp\/v2\/types\/post"}],"author":[{"embeddable":true,"href":"https:\/\/diariodominicano.com\/index.php?rest_route=\/wp\/v2\/users\/3"}],"replies":[{"embeddable":true,"href":"https:\/\/diariodominicano.com\/index.php?rest_route=%2Fwp%2Fv2%2Fcomments&post=217565"}],"version-history":[{"count":0,"href":"https:\/\/diariodominicano.com\/index.php?rest_route=\/wp\/v2\/posts\/217565\/revisions"}],"wp:attachment":[{"href":"https:\/\/diariodominicano.com\/index.php?rest_route=%2Fwp%2Fv2%2Fmedia&parent=217565"}],"wp:term":[{"taxonomy":"category","embeddable":true,"href":"https:\/\/diariodominicano.com\/index.php?rest_route=%2Fwp%2Fv2%2Fcategories&post=217565"},{"taxonomy":"post_tag","embeddable":true,"href":"https:\/\/diariodominicano.com\/index.php?rest_route=%2Fwp%2Fv2%2Ftags&post=217565"}],"curies":[{"name":"wp","href":"https:\/\/api.w.org\/{rel}","templated":true}]}}