{"id":217564,"date":"2016-09-11T07:36:33","date_gmt":"2016-09-11T07:36:33","guid":{"rendered":"http:\/\/diariodominicano.ddns.net\/?p=217564"},"modified":"2016-09-11T07:36:33","modified_gmt":"2016-09-11T07:36:33","slug":"ozoria-asume-arzobispado-de-santo-domingo","status":"publish","type":"post","link":"https:\/\/diariodominicano.com\/?p=217564","title":{"rendered":"&#13;Ozoria asume Arzobispado de Santo Domingo"},"content":{"rendered":"<p><body><\/p>\n<p><img decoding=\"async\" src=\"img3\/oozoria01.jpg\" \/>  <\/p>\n<p> SANTO DOMINGO, RD, 10 de Septiembre de 2016.- Cinco obispos de la Conferencia del Episcopado de Hait\u00ed, jefes de igual n\u00famero de di\u00f3cesis de la iglesia cat\u00f3lica de ese pa\u00eds, asistieron a la entronizaci\u00f3n del nuevo arzobispo metropolitano de Santo Domingo, monse\u00f1or Francisco Ozoria Acosta.<\/p>\n<\/p>\n<p>Es la primera vez que una representaci\u00f3n tan significativa de obispos haitianos viene al pa\u00eds para participar en una ordenaci\u00f3n episcopal o la entronizaci\u00f3n de un arzobispo.<\/p>\n<\/p>\n<p>La participaci\u00f3n de los obispos haitianos fue anunciada por el propio monse\u00f1or Ozoria Acosta, en la homil\u00eda de la misa solemne que organiz\u00f3 la Arquidi\u00f3cesis de Santo Domingo en \u00abacci\u00f3n de gracias\u00bb por la designaci\u00f3n de su nuevo pastor. \u00abAgradezco la presencia de varios obispos extranjeros en esta celebraci\u00f3n, entre los que se encuentran el arzobispo em\u00e9rito de Nueva York, cardenal John O\u00a5Connors\u00bb, salud\u00f3 monse\u00f1or Ozoria, y anunci\u00f3 la participaci\u00f3n de  cinco miembros del episcopado haitiano.<\/p>\n<\/p>\n<p>Inform\u00f3 que en el acto tambi\u00e9n se encontraban el arzobispo de San Juan, Puerto Rico, Roberto Gonz\u00e1lez, y el obispo de Ponce, Rub\u00e9n Gonz\u00e1lez. \u00abLos nombres de los obispos haitianos no voy a mencionarlos, porque no los tengo a mano y tengo temor de no saber pronunciarlos correctamente\u00bb.<\/p>\n<\/p>\n<p>En ninguna de las ordenaciones episcopales de los \u00faltimos a\u00f1os, como la de los obispos de Barahona, Andr\u00e9s Romero C\u00e1rdenas, y de La Vega, Rafael Rodr\u00edguez, ni la del arzobispo de Santiago, Freddy Bret\u00f3n Mart\u00ednez, ni en anteriores, hab\u00edan participado los miembros de la Conferencia Episcopal Haitiana.<\/p>\n<\/p>\n<p>\u00abVengo a la Arquidi\u00f3cesis de Santo Domingo como Pastor de esta iglesia particular. Y como Pastor, vengo con una misi\u00f3n muy precisa: ense\u00f1ar, santificar y gobernar. Es decir, ser Pastor que conoce y ama sus ovejas y sus ovejas le conocen y le aman. No vengo como soci\u00f3logo ni como economista, ni como comunicador, yo sencillamente soy un pastor que vengo a dar mi vida por todos ustedes\u00bb, precis\u00f3 el nuevo arzobispo,<\/p>\n<\/p>\n<p>\u00abYo soy el buen Pastor\u00bb, verso de la Biblia que se suscribe en el cap\u00edtulo 10 del libro de Juan, que hizo suyo el reci\u00e9n nombrado arzobispo Metropolitano de Santo Domingo, durante los actos celebrados por su toma de posesi\u00f3n, en el que hace referencia a la misi\u00f3n que encara en lo adelante.<\/p>\n<\/p>\n<p>Ozora Acosta mencion\u00f3 en repetidas ocasiones la frase, tanto al ser entronizado como arzobispo en una solemne ceremonia en la Catedral Primada de Am\u00e9rica, como en la primera celebraci\u00f3n de la eucarist\u00eda que m\u00e1s tarde presidi\u00f3 en el Palacio de los Deportes, en medio de la presencia de miles de feligreses de la arquidi\u00f3cesis de Santo Domingo y las dem\u00e1s di\u00f3cesis del pa\u00eds.<\/p>\n<\/p>\n<p>Consciente de que los tiempos han cambiado, sostiene que es imposible la indiferencia del Pastor ante la desigualdad, la injusticia, la inequidad, el sufrimiento de los desamparados, marginados, desprotegidos, olvidados y excluidos.<\/p>\n<\/p>\n<p> \u00abVengo a dar mi vida por ustedes: los del centro y los de la periferia;  los de las altas torres y los de los barrios; los del campo y los de la ciudad; los creyentes y los no creyentes; los que tienen poder y los d\u00e9biles; los que disponen de recursos y los pobres que carecen de ellos\u00bb; enfatiz\u00f3.<\/p>\n<\/p>\n<p>Su mirada tendr\u00e1 especial inter\u00e9s en la ni\u00f1ez, la adolescencia, la juventud, las parejas de esposos, las madres solteras, las viudas y viudos, los ancianos y los enfermos y en todas las personas vulnerables y m\u00e1s necesitadas, especialmente, quienes \u00abson los destinatarios privilegiados del evangelio\u00bb.<\/p>\n<\/p>\n<p>Prioridad<\/p>\n<p>Dentro del programa del ministerio pastoral que present\u00f3 ayer, monse\u00f1or Ozoria asumi\u00f3 como uno de sus principales prop\u00f3sitos relanzar el Plan Arquidiocesano de Pastoral que dirig\u00eda su predecesor L\u00f3pez Rodr\u00edguez, as\u00ed como incluir a todos los que hasta ahora no se hab\u00edan involucrado.<\/p>\n<\/p>\n<p>\u00abSiempre es \u00fatil reimpulsar eso que estamos haciendo para el crecimiento de nuestra iglesia. Dicho Plan nos ayudar\u00e1 a hacer visible la unidad de la iglesia\u00bb, afirm\u00f3.<\/p>\n<\/p>\n<p>La ceremonia<\/p>\n<\/p>\n<p>Miles de fieles cat\u00f3licos se congregaron ayer en el Palacio de los Deportes para recibir al nuevo arzobispo metropolitano de Santo Domingo, monse\u00f1or Ozoria Acosta, quien concelebr\u00f3 una misa de \u00abacci\u00f3n de gracias\u00bb por su entronizaci\u00f3n a la sede Primada de Am\u00e9rica, que se efectu\u00f3 una hora antes en la Catedral Primada de Am\u00e9rica.<\/p>\n<\/p>\n<p>A la ceremonia de entronizaci\u00f3n, que se inici\u00f3 a las 9:00 de la ma\u00f1ana, asisti\u00f3 el presidente Danilo Medina, y la primera dama C\u00e1ndida Montilla de Medina; miembros del gabinete de gobierno, del cuerpo diplom\u00e1tico, el Congreso Nacional, las altas cortes y representantes de diversos sectores de la vida nacional.<\/p>\n<\/p>\n<p>En nuevo arzobispo hizo su entrada a la catedral acompa\u00f1ado por el nuncio apost\u00f3lico, Jude Thaddeus Okolo, y los obispos auxiliares Amancio Escapa y V\u00edctor Masalles, y los miembros del consejo de consultores del clero. El arzobispo saliente, cardenal L\u00f3pez Rodr\u00edguez y los dem\u00e1s miembros de la Conferencia del Episcopado Dominicano (CED) lo esperaron en el altar.<\/p>\n<\/p>\n<p>\u00abLes presento al que, desde ahora, presidir\u00e1 sus celebraciones en esta catedral como arzobispo de esta iglesia particular de Santo Domingo, el excelent\u00edsimo y reverend\u00edsimo monse\u00f1or Francisco Ozoria Acosta\u00bb, dijo el nuncio apost\u00f3lico al iniciar la ceremonia en la puerta de la catedral.<\/p>\n<p>Isabel Leticia Leclerc<\/p>\n<p>isabel.leclerc@listindiario.com\/List\u00edn Diario<\/p>\n<\/p>\n<\/p>\n<p>Promete dar continuidad a la misi\u00f3n de la Iglesia<\/p>\n<p>DICE QUE EL PRIMER SORPRENDIDO CON SU DESIGNACI\u00d3N FUE \u00c9L<\/p>\n<\/p>\n<p>Deyanira Polanco<\/p>\n<p>Santo Domingo.-  Monse\u00f1or Francisco Ozoria Acosta al ser presentado como nuevo arzobispo de la  Arquidi\u00f3cesis de Santo Domingo prometi\u00f3 dar continuidad a la misi\u00f3n de la Iglesia, conocer la Arquidi\u00f3cesis,  \u00abpastorear las ovejas, ense\u00f1ar y santificar\u00bb que es la tarea encomendada al obispo. <\/p>\n<\/p>\n<p>Monse\u00f1or Ozoria fue presentado como nuevo arzobispo de la Arquidi\u00f3cesis de Santo Domingo por el nuncio apost\u00f3lico Jude Thaddeus Okolo,  junto al obispo auxiliar V\u00edctor Masalles. <\/p>\n<\/p>\n<p>En su presentaci\u00f3n monse\u00f1or Ozoria dijo que no solo el pa\u00eds ha sido sorprendido con su designaci\u00f3n sino que \u00ables aseguro que el primer sorprendido he sido yo.\u00bb<\/p>\n<\/p>\n<p>Dijo que para \u00e9l constituye un gran desaf\u00edo, primero por sustituir a un pastor de la categor\u00eda de Nicol\u00e1s de Jes\u00fas L\u00f3pez Rodr\u00edguez, de una persona que todo el mundo conoce la capacidad y la fortaleza \u00aby sobre todo la entrega incondicional a su ministerio\u00bb. <\/p>\n<\/p>\n<p>El nuncio Okolo al presentar a Ozoria Acosta aclar\u00f3 que este ha sido nombrado arzobispo de Santo Domingo  y no Cardenal. <\/p>\n<\/p>\n<p>Dijo que el papa Francisco acept\u00f3 la renuncia de L\u00f3pez Rodr\u00edguez como arzobispo.<\/p>\n<\/p>\n<p>List\u00edn Diario<\/p>\n<\/p>\n<\/p>\n<p> NUEVO ARZOBISPO<\/p>\n<\/p>\n<p>PRECIS\u00d3 QUE ASUME SU NOMBRAMIENTO \u00abCON SUS RETOS Y DESAF\u00cdOS PASTORALES\u00bb<\/p>\n<\/p>\n<p> <strong>Monse\u00f1or Ozoria  pide sabidur\u00eda a la \u00abDivina Providencia\u00bb para su misi\u00f3n pastoral <\/strong><\/p>\n<p><strong>Isabel Leticia Leclerc<\/strong><\/p>\n<p>Santo Domingo.- Al ser posesionado como  nuevo arzobispo Metropolitana de Santo Domingo, monse\u00f1or  Francisco Ozoria Acosta, precis\u00f3 que asume su nombramiento \u00abcon sus retos y desaf\u00edos pastorales\u00bb.<\/p>\n<\/p>\n<p>\u00abMe conf\u00edo a la Divina providencia para que me de la sabidur\u00eda necesaria para esta misi\u00f3n que la Iglesia pone en mis d\u00e9biles hombros. Yo s\u00e9 que no estoy solo\u00bb,  sostuvo con humildad el nuevo pastor de la Arquidi\u00f3cesis.<\/p>\n<\/p>\n<p>Agradeci\u00f3 al papa Francisco por confiarle el gobierno pastoral de la Iglesia de Santo Domingo como sucesor del Cardenal Nicol\u00e1s de Jes\u00fas L\u00f3pez Rodr\u00edguez \u00aba quien me unen fuertes v\u00ednculos espirituales, fraternos y pastorales\u00bb.<\/p>\n<\/p>\n<p>Tambi\u00e9n agradeci\u00f3 el apoyo y la solidaridad de los hermanos de la Conferencia Episcopal Dominicana. \u00abCuento con ustedes y con sus oraciones\u00bb.<\/p>\n<\/p>\n<p>El nuevo arzobispo se despidi\u00f3 del acto de posicionamiento en la Catedral, diciendo que la misi\u00f3n es grande, pero la fuerza de la Gracia es mayor.<\/p>\n<\/p>\n<p>El acto culmin\u00f3 a la 9:40 con la bendici\u00f3n de monse\u00f1or Ozoria Acosta. A la ceremonia asisti\u00f3 el presidente Danilo Medina, representantes del cuerpo diplom\u00e1tico, legisladores y funcionarios civiles y militares entre otras personalidades .<\/p>\n<\/p>\n<p>List\u00edn Diario<\/p>\n<\/p>\n<\/p>\n<\/p>\n<h6> 2016-09-11 07:36:33 <\/h6>\n<p><!--\n<link rel=\"stylesheet\" href=\"css\/bootstrap.min.css\">\n\n\n<ul class=\"pagination\">\n\t    \n\t\n\n<li >\n\t<a href='?page_no=12072'>Previous<\/a>\n\t<\/li>\n\n\n       \n    \n\n<li><a href='?page_no=1'>1<\/a><\/li>\n\n\n\n<li><a href='?page_no=2'>2<\/a><\/li>\n\n\n\n<li><a>...<\/a><\/li>\n\n\n\n<li><a href='?page_no=12071'>12071<\/a><\/li>\n\n\n\n<li><a href='?page_no=12072'>12072<\/a><\/li>\n\n\n\n<li class='active'><a>12073<\/a><\/li>\n\n\n\n<li><a href='?page_no=12074'>12074<\/a><\/li>\n\n\n\n<li><a href='?page_no=12075'>12075<\/a><\/li>\n\n\n\n<li><a>...<\/a><\/li>\n\n\n\n<li><a href='?page_no=56169'>56169<\/a><\/li>\n\n\n\n<li><a href='?page_no=56170'>56170<\/a><\/li>\n\n    \n\t\n\n<li >\n\t<a href='?page_no=12074'>Next<\/a>\n\t<\/li>\n\n\n    \n\n<li><a href='?page_no=56170'>Last &rsaquo;&rsaquo;<\/a><\/li>\n\n<\/ul>\n\n\n--><br \/>\n<\/body><\/p>\n","protected":false},"excerpt":{"rendered":"<p>SANTO DOMINGO, RD, 10 de Septiembre de 2016.- Cinco obispos de la Conferencia del Episcopado de Hait\u00ed, jefes de igual n\u00famero de di\u00f3cesis de la iglesia cat\u00f3lica de ese pa\u00eds, asistieron a la entronizaci\u00f3n del nuevo arzobispo metropolitano de Santo Domingo, monse\u00f1or Francisco Ozoria Acosta. Es la primera vez que una representaci\u00f3n tan significativa de [&hellip;]<\/p>\n","protected":false},"author":3,"featured_media":0,"comment_status":"open","ping_status":"open","sticky":false,"template":"","format":"standard","meta":{"footnotes":""},"categories":[20],"tags":[],"class_list":["post-217564","post","type-post","status-publish","format-standard","hentry","category-dominicana-hoy"],"_links":{"self":[{"href":"https:\/\/diariodominicano.com\/index.php?rest_route=\/wp\/v2\/posts\/217564","targetHints":{"allow":["GET"]}}],"collection":[{"href":"https:\/\/diariodominicano.com\/index.php?rest_route=\/wp\/v2\/posts"}],"about":[{"href":"https:\/\/diariodominicano.com\/index.php?rest_route=\/wp\/v2\/types\/post"}],"author":[{"embeddable":true,"href":"https:\/\/diariodominicano.com\/index.php?rest_route=\/wp\/v2\/users\/3"}],"replies":[{"embeddable":true,"href":"https:\/\/diariodominicano.com\/index.php?rest_route=%2Fwp%2Fv2%2Fcomments&post=217564"}],"version-history":[{"count":0,"href":"https:\/\/diariodominicano.com\/index.php?rest_route=\/wp\/v2\/posts\/217564\/revisions"}],"wp:attachment":[{"href":"https:\/\/diariodominicano.com\/index.php?rest_route=%2Fwp%2Fv2%2Fmedia&parent=217564"}],"wp:term":[{"taxonomy":"category","embeddable":true,"href":"https:\/\/diariodominicano.com\/index.php?rest_route=%2Fwp%2Fv2%2Fcategories&post=217564"},{"taxonomy":"post_tag","embeddable":true,"href":"https:\/\/diariodominicano.com\/index.php?rest_route=%2Fwp%2Fv2%2Ftags&post=217564"}],"curies":[{"name":"wp","href":"https:\/\/api.w.org\/{rel}","templated":true}]}}