{"id":217563,"date":"2016-09-11T08:05:21","date_gmt":"2016-09-11T08:05:21","guid":{"rendered":"http:\/\/diariodominicano.ddns.net\/?p=217563"},"modified":"2016-09-11T08:05:21","modified_gmt":"2016-09-11T08:05:21","slug":"cientos-de-catolicos-asisten-a-la-primera-misa-de-monsenor-ozoria","status":"publish","type":"post","link":"https:\/\/diariodominicano.com\/?p=217563","title":{"rendered":"Cientos de cat\u00f3licos asisten a la primera misa de Monse\u00f1or Ozoria"},"content":{"rendered":"<p><body><\/p>\n<p><img decoding=\"async\" src=\"img3\/catolicos0.png\" \/>  <\/p>\n<p>LOS PRESENTES ENTONAN CANTOS RELIGIOSOS EN AGRADECIMIENTO A DIOS Y POR LA DESIGNACI\u00d3N DEL NUEVO ARZOBISPO<\/p>\n<\/p>\n<p>Ram\u00f3n Urb\u00e1ez \/ Isabel Leclerc<\/p>\n<\/p>\n<p><strong>Santo Domingo, 10 de septiembre de 2016.-<\/strong> Cientos de feligreses cat\u00f3licos, principalmente del Gran Santo Domingo y Monte Plata, asisten a la primera misa que, como arzobispo de Santo Domingo, oficia monse\u00f1or Francisco Ozoria Acosta en el Palacio de los Deportes.<\/p>\n<\/p>\n<p>La misa es concelebrada por 15 obispos miembros de la Conferencia del Episcopado Dominicano, cinco del Episcopado de Hait\u00ed, dos de Puerto Rico y el arzobispo em\u00e9rito de Nueva York monse\u00f1or John O&#8217;Connor. Asimismo alrededor de medio centenar de sacerdotes y di\u00e1conos de todo el pa\u00eds vinieron para acompa\u00f1ar al nuevo arzobispo primado de Am\u00e9rica en la ceremonia lit\u00fargica.<\/p>\n<\/p>\n<p>Los religiosas y religiosas pertenecientes a distintas congregaciones y fundaciones cat\u00f3licas  se sumaron a los asistentes, donde hay parroquias de San Pedro de Macor\u00eds y Hato Mayor, territorio que conforma la Di\u00f3cesis de San Pedro de Macor\u00eds donde monse\u00f1or Ozoria fue obispo por 19 a\u00f1os.<\/p>\n<\/p>\n<p>En varias ocasiones la multitud interrumpi\u00f3 en aplausos durante la homil\u00eda que pronuncia el nuevo arzobispo.<\/p>\n<\/p>\n<p>Un ambiente festivo es el que se vive en el Palacio de los Deportes Virgilio Travieso Soto, donde los presentes entonan distintos cantos religiosos en agradecimiento a Dios y al Espiritusanto por la designaci\u00f3n del nuevo arzobispo.<\/p>\n<\/p>\n<p>El nuncio apost\u00f3lico Jude Thaddeus Okolo y los obispos auxiliareis, V\u00edctor Masalles y Amancio Escapa y  acompa\u00f1an al arzobispo en primera eucar\u00edstica, tras ser posesionado hoy en un acto solemne en la Catedral.<\/p>\n<\/p>\n<p>List\u00edn Diario<\/p>\n<\/p>\n<h6> 2016-09-11 08:05:21 <\/h6>\n<p><!--\n<link rel=\"stylesheet\" href=\"css\/bootstrap.min.css\">\n\n\n<ul class=\"pagination\">\n\t    \n\t\n\n<li >\n\t<a href='?page_no=12071'>Previous<\/a>\n\t<\/li>\n\n\n       \n    \n\n<li><a href='?page_no=1'>1<\/a><\/li>\n\n\n\n<li><a href='?page_no=2'>2<\/a><\/li>\n\n\n\n<li><a>...<\/a><\/li>\n\n\n\n<li><a href='?page_no=12070'>12070<\/a><\/li>\n\n\n\n<li><a href='?page_no=12071'>12071<\/a><\/li>\n\n\n\n<li class='active'><a>12072<\/a><\/li>\n\n\n\n<li><a href='?page_no=12073'>12073<\/a><\/li>\n\n\n\n<li><a href='?page_no=12074'>12074<\/a><\/li>\n\n\n\n<li><a>...<\/a><\/li>\n\n\n\n<li><a href='?page_no=56169'>56169<\/a><\/li>\n\n\n\n<li><a href='?page_no=56170'>56170<\/a><\/li>\n\n    \n\t\n\n<li >\n\t<a href='?page_no=12073'>Next<\/a>\n\t<\/li>\n\n\n    \n\n<li><a href='?page_no=56170'>Last &rsaquo;&rsaquo;<\/a><\/li>\n\n<\/ul>\n\n\n--><br \/>\n<\/body><\/p>\n","protected":false},"excerpt":{"rendered":"<p>LOS PRESENTES ENTONAN CANTOS RELIGIOSOS EN AGRADECIMIENTO A DIOS Y POR LA DESIGNACI\u00d3N DEL NUEVO ARZOBISPO Ram\u00f3n Urb\u00e1ez \/ Isabel Leclerc Santo Domingo, 10 de septiembre de 2016.- Cientos de feligreses cat\u00f3licos, principalmente del Gran Santo Domingo y Monte Plata, asisten a la primera misa que, como arzobispo de Santo Domingo, oficia monse\u00f1or Francisco Ozoria [&hellip;]<\/p>\n","protected":false},"author":3,"featured_media":0,"comment_status":"open","ping_status":"open","sticky":false,"template":"","format":"standard","meta":{"footnotes":""},"categories":[20],"tags":[],"class_list":["post-217563","post","type-post","status-publish","format-standard","hentry","category-dominicana-hoy"],"_links":{"self":[{"href":"https:\/\/diariodominicano.com\/index.php?rest_route=\/wp\/v2\/posts\/217563","targetHints":{"allow":["GET"]}}],"collection":[{"href":"https:\/\/diariodominicano.com\/index.php?rest_route=\/wp\/v2\/posts"}],"about":[{"href":"https:\/\/diariodominicano.com\/index.php?rest_route=\/wp\/v2\/types\/post"}],"author":[{"embeddable":true,"href":"https:\/\/diariodominicano.com\/index.php?rest_route=\/wp\/v2\/users\/3"}],"replies":[{"embeddable":true,"href":"https:\/\/diariodominicano.com\/index.php?rest_route=%2Fwp%2Fv2%2Fcomments&post=217563"}],"version-history":[{"count":0,"href":"https:\/\/diariodominicano.com\/index.php?rest_route=\/wp\/v2\/posts\/217563\/revisions"}],"wp:attachment":[{"href":"https:\/\/diariodominicano.com\/index.php?rest_route=%2Fwp%2Fv2%2Fmedia&parent=217563"}],"wp:term":[{"taxonomy":"category","embeddable":true,"href":"https:\/\/diariodominicano.com\/index.php?rest_route=%2Fwp%2Fv2%2Fcategories&post=217563"},{"taxonomy":"post_tag","embeddable":true,"href":"https:\/\/diariodominicano.com\/index.php?rest_route=%2Fwp%2Fv2%2Ftags&post=217563"}],"curies":[{"name":"wp","href":"https:\/\/api.w.org\/{rel}","templated":true}]}}