{"id":217562,"date":"2016-09-11T08:20:04","date_gmt":"2016-09-11T08:20:04","guid":{"rendered":"http:\/\/diariodominicano.ddns.net\/?p=217562"},"modified":"2016-09-11T08:20:04","modified_gmt":"2016-09-11T08:20:04","slug":"papa-francisco-designa-a-monsenor-felipe-nunez-obispo-en-spm","status":"publish","type":"post","link":"https:\/\/diariodominicano.com\/?p=217562","title":{"rendered":"Papa Francisco designa a Monse\u00f1or Felipe N\u00fa\u00f1ez Obispo en SPM"},"content":{"rendered":"<p><body><\/p>\n<p><img decoding=\"async\" src=\"img3\/obispospm.jpg\" \/>  <\/p>\n<p><strong> <\/strong><\/p>\n<p><strong>Ram\u00f3n Urb\u00e1ez<\/strong><\/p>\n<\/p>\n<p><strong>Santo Domingo.-<\/strong> El Papa Francisco design\u00f3 como Administrador Apost\u00f3lico de la Di\u00f3cesis de San Pedro de Macor\u00eds a monse\u00f1or Rafael Felipe N\u00fa\u00f1ez, obispo em\u00e9rito de Barahona, luego que esta sede episcopal quedar\u00e1 vacante al ser trasladado el obispo de dicha di\u00f3cesis, Francisco Ozoria Acosta, a la sede arzobispal de la Arquidi\u00f3cesis de Santo Domingo.<\/p>\n<\/p>\n<p>El nombramiento del nuevo Administrador Apost\u00f3lico fue dado a conocer al mediod\u00eda de este s\u00e1bado, tan pronto concluyeron los actos de entronizaci\u00f3n del nuevo arzobispo metropolitano, celebrados en la catedral de Santo Domingo y el Palacio de los Deportes.<\/p>\n<\/p>\n<p>El decreto de la designaci\u00f3n de monse\u00f1or Felipe N\u00fa\u00f1ez, que fue le\u00eddo por el canciller de la Arquidi\u00f3cesis de Santo Domingo, reverendo Gerardo Ram\u00edrez Paniagua, est\u00e1 firmado por el cardenal Marcos Ouellet, prefecto de la Congregaci\u00f3n de los Obispos y est\u00e1 fechado en Roma este mismo d\u00eda 10 de septiembre de 2016.<\/p>\n<\/p>\n<p>Mediante el decreto del Papa, a monse\u00f1or Felipe N\u00fa\u00f1ez le fueron restituidos todos los derechos, deberes y poderes que corresponden a los obispos diocesanos, de acuerdo a las normas del derecho  can\u00f3nico, conforme al n\u00famero 244 del Directorio para el Ministerio Pastoral de los Obispos, llamado en latin \u00abApostulorum Successore\u00bb.<\/p>\n<\/p>\n<p>Monse\u00f1or Felipe N\u00fa\u00f1ez mantuvo esos derechos y poderes mientras fue obispo de Barahona durante 17 a\u00f1os, cargo del que fue relevado el pasado a\u00f1o 2015 luego que \u00e9l mismo solicitara su retiro al Papa Francisco al arribar entonces a la edad de 75 a\u00f1os.<\/p>\n<\/p>\n<p>El obispo Felipe N\u00fa\u00f1ez naci\u00f3 en Villa Tapia, La Vega, en 1938, y fue ordenado sacerdote el 25 de marzo de 1965. Ha desempe\u00f1ado diversos cargos y funciones pastorales, principalmente en la formaci\u00f3n de los sacerdotes, como rector del Seminario San P\u00edo X, de Santiago, y el Pontificio Santo Tom\u00e1s de Aquino, de Santo Domingo. Fue designado obispo de Barahona por el Papa Juan Pablo II el 7 de diciembre de 1999, y  el 22 de enero del 2000 fue ordenado obispo y entronizado como segundo obispo de Barahona. <\/p>\n<h6> 2016-09-11 08:20:04 <\/h6>\n<p><!--\n<link rel=\"stylesheet\" href=\"css\/bootstrap.min.css\">\n\n\n<ul class=\"pagination\">\n\t    \n\t\n\n<li >\n\t<a href='?page_no=12070'>Previous<\/a>\n\t<\/li>\n\n\n       \n    \n\n<li><a href='?page_no=1'>1<\/a><\/li>\n\n\n\n<li><a href='?page_no=2'>2<\/a><\/li>\n\n\n\n<li><a>...<\/a><\/li>\n\n\n\n<li><a href='?page_no=12069'>12069<\/a><\/li>\n\n\n\n<li><a href='?page_no=12070'>12070<\/a><\/li>\n\n\n\n<li class='active'><a>12071<\/a><\/li>\n\n\n\n<li><a href='?page_no=12072'>12072<\/a><\/li>\n\n\n\n<li><a href='?page_no=12073'>12073<\/a><\/li>\n\n\n\n<li><a>...<\/a><\/li>\n\n\n\n<li><a href='?page_no=56169'>56169<\/a><\/li>\n\n\n\n<li><a href='?page_no=56170'>56170<\/a><\/li>\n\n    \n\t\n\n<li >\n\t<a href='?page_no=12072'>Next<\/a>\n\t<\/li>\n\n\n    \n\n<li><a href='?page_no=56170'>Last &rsaquo;&rsaquo;<\/a><\/li>\n\n<\/ul>\n\n\n--><br \/>\n<\/body><\/p>\n","protected":false},"excerpt":{"rendered":"<p>Ram\u00f3n Urb\u00e1ez Santo Domingo.- El Papa Francisco design\u00f3 como Administrador Apost\u00f3lico de la Di\u00f3cesis de San Pedro de Macor\u00eds a monse\u00f1or Rafael Felipe N\u00fa\u00f1ez, obispo em\u00e9rito de Barahona, luego que esta sede episcopal quedar\u00e1 vacante al ser trasladado el obispo de dicha di\u00f3cesis, Francisco Ozoria Acosta, a la sede arzobispal de la Arquidi\u00f3cesis de Santo [&hellip;]<\/p>\n","protected":false},"author":3,"featured_media":0,"comment_status":"open","ping_status":"open","sticky":false,"template":"","format":"standard","meta":{"footnotes":""},"categories":[20],"tags":[],"class_list":["post-217562","post","type-post","status-publish","format-standard","hentry","category-dominicana-hoy"],"_links":{"self":[{"href":"https:\/\/diariodominicano.com\/index.php?rest_route=\/wp\/v2\/posts\/217562","targetHints":{"allow":["GET"]}}],"collection":[{"href":"https:\/\/diariodominicano.com\/index.php?rest_route=\/wp\/v2\/posts"}],"about":[{"href":"https:\/\/diariodominicano.com\/index.php?rest_route=\/wp\/v2\/types\/post"}],"author":[{"embeddable":true,"href":"https:\/\/diariodominicano.com\/index.php?rest_route=\/wp\/v2\/users\/3"}],"replies":[{"embeddable":true,"href":"https:\/\/diariodominicano.com\/index.php?rest_route=%2Fwp%2Fv2%2Fcomments&post=217562"}],"version-history":[{"count":0,"href":"https:\/\/diariodominicano.com\/index.php?rest_route=\/wp\/v2\/posts\/217562\/revisions"}],"wp:attachment":[{"href":"https:\/\/diariodominicano.com\/index.php?rest_route=%2Fwp%2Fv2%2Fmedia&parent=217562"}],"wp:term":[{"taxonomy":"category","embeddable":true,"href":"https:\/\/diariodominicano.com\/index.php?rest_route=%2Fwp%2Fv2%2Fcategories&post=217562"},{"taxonomy":"post_tag","embeddable":true,"href":"https:\/\/diariodominicano.com\/index.php?rest_route=%2Fwp%2Fv2%2Ftags&post=217562"}],"curies":[{"name":"wp","href":"https:\/\/api.w.org\/{rel}","templated":true}]}}