{"id":217561,"date":"2016-09-11T09:24:42","date_gmt":"2016-09-11T09:24:42","guid":{"rendered":"http:\/\/diariodominicano.ddns.net\/?p=217561"},"modified":"2016-09-11T09:24:42","modified_gmt":"2016-09-11T09:24:42","slug":"conep-dice-no-tiene-candidatos-para-jce-camara-de-cuentas-y-tse","status":"publish","type":"post","link":"https:\/\/diariodominicano.com\/?p=217561","title":{"rendered":"Conep dice no tiene candidatos para JCE, C\u00e1mara de Cuentas y TSE"},"content":{"rendered":"<p><body><\/p>\n<p><img decoding=\"async\" src=\"img3\/paz000.jpg\" \/>  <\/p>\n<p><strong><span class=\"text1noticias\">Rafael Paz dijo que tampoco quieren sustituir instituciones y partidos<\/span><\/strong><\/p>\n<\/p>\n<p><strong><span class=\"text1noticias\">SANTO DOMINGO, RD, 11 de Septiembre de 2016.-  <\/span><\/strong><span class=\"text1noticias\">El Consejo Nacional para la Empresa Privada (Conep), dijo que ese gremio empresarial no tiene candidatos para integrar la Junta Central Electoral, la C\u00e1mara de Cuentas, El Tribunal Superior Electoral, ni a ninguna de las denominadas altas cortes.<\/span><\/p>\n<\/p>\n<p><span class=\"text1noticias\">El vicepresidente ejecutivo del Conep, Rafael Paz sostuvo que la Iniciativa por la Institucionalidad Democr\u00e1tica, que es un bloque de instituciones empresariales, sociedad civil, denominaciones religiosas, amas de casa, entre otras, no tiene candidatos preferidos.<\/span><\/p>\n<\/p>\n<p><span class=\"text1noticias\">Paz, quien es director ejecutivo del Conep, explic\u00f3 que el planteamiento de la coalici\u00f3n es sobre la necesidad de que se defina un perfil, y que en base a ese perfil se hagan las evaluaciones.<\/span><\/p>\n<\/p>\n<p><span class=\"text1noticias\">Entrevistado por H\u00e9ctor Herrera Cabral en el programa D\u00b4AGENDA, que cada domingo se difunde por Telesistema Canal 11, el dirigente empresarial agreg\u00f3 que como consecuencia de esas evaluaciones, las personas que finalmente designen los \u00f3rganos correspondientes, sean ciudadanos con los m\u00e1s altos est\u00e1ndares para el desempe\u00f1o de esas funciones.<\/span><\/p>\n<\/p>\n<p><span class=\"text1noticias\">Dijo que en la reuni\u00f3n con la Comisi\u00f3n especial designadas por el Senado de la Rep\u00fablica para evaluar a los posibles integrantes de la Junta Central Electoral, los miembros de la Iniciativa por la Institucionalidad Democr\u00e1tica no presentaron nombres, ni los presentar\u00e1n de manera p\u00fablica ni mucho menos privada.<\/span><\/p>\n<\/p>\n<p><span class=\"text1noticias\">\u00abNosotros no estamos promoviendo ning\u00fan candidato a ninguna de las instituciones que hemos se\u00f1alados, ni a la Junta Central Electoral, ni al Tribunal Superior Electoral, ni a la C\u00e1mara de Cuentas, ni a ninguna de las altas cortes\u00bb.<\/span><\/p>\n<\/p>\n<p><span class=\"text1noticias\">Record\u00f3 que no puede tener candidatos una  coalici\u00f3n de organizaciones variopintas, donde unas tienen una visi\u00f3n del Estado y otras tienen otra visi\u00f3n muy distinta. <\/span><\/p>\n<\/p>\n<p><span class=\"text1noticias\">\u00abTenemos a las agrupaciones feministas, pero tambi\u00e9n tenemos al Consejo Nacional de Unidad Evang\u00e9lica, usted se imagina dos instituciones como esa poni\u00e9ndose de acuerdo en un candidato, yo no lo veo posible\u00bb, expres\u00f3 Rafael Paz.<\/span><\/p>\n<\/p>\n<p><span class=\"text1noticias\">Sin embargo, aclar\u00f3 que en lo que s\u00ed est\u00e1 seguro es que todas las organizaciones que forman parte de la Iniciativa por la Institucionalidad Democr\u00e1tica, se  pueden poner de acuerdo en un perfil, en una caracter\u00edstica, en una competencia determinada.<\/span><\/p>\n<\/p>\n<p><span class=\"text1noticias\">\u00abY ese es nuestra rol como instituci\u00f3n o como coalici\u00f3n, promover un perfil adecuado, promover una metodolog\u00eda transparente profesional, para la elecci\u00f3n de esos candidatos\u00bb.<\/span><\/p>\n<\/p>\n<p><span class=\"text1noticias\">Advirti\u00f3 que eso lo hacen como ciudadanos, porque la constituci\u00f3n le da el mandato, ya que es un deber ciudadano consagrado en la Carta Magna de manera expresa,  velar por el fortalecimiento de las instituciones democr\u00e1ticas.<\/span><\/p>\n<\/p>\n<p><span class=\"text1noticias\">Record\u00f3 que hace mucho que se le ha estado pidiendo a los distintos sectores de la sociedad que ejerzan un rol m\u00e1s activo en los grandes temas nacionales, pidi\u00e9ndole al empresariado que asuma su responsabilidad en el fortalecimiento de la institucionalidad del pa\u00eds, y en eso es lo que est\u00e1 haciendo la colaci\u00f3n, no contra nadie, sino a favor de la naci\u00f3n.<\/span><\/p>\n<\/p>\n<p><span class=\"text1noticias\">\u00abPero la iniciativa no busca sustituir a los partidos pol\u00edticos, al contrario busca apoyarlo, darle soporte t\u00e9cnico y proveerle material humano para todo estos procesos de reformas que son necesarios\u00bb, sostuvo Rafael Paz.<\/span><\/p>\n<\/p>\n<p><span class=\"text1noticias\">Indic\u00f3 que tampoco buscan sustituir a las instituciones designadas por la Constituci\u00f3n para la designaci\u00f3n de los \u00f3rganos y para la aprobaci\u00f3n de las leyes, y solo est\u00e1n buscando colaborar.<\/span><\/p>\n<\/p>\n<\/p>\n<h6> 2016-09-11 09:24:42 <\/h6>\n<p><!--\n<link rel=\"stylesheet\" href=\"css\/bootstrap.min.css\">\n\n\n<ul class=\"pagination\">\n\t    \n\t\n\n<li >\n\t<a href='?page_no=12069'>Previous<\/a>\n\t<\/li>\n\n\n       \n    \n\n<li><a href='?page_no=1'>1<\/a><\/li>\n\n\n\n<li><a href='?page_no=2'>2<\/a><\/li>\n\n\n\n<li><a>...<\/a><\/li>\n\n\n\n<li><a href='?page_no=12068'>12068<\/a><\/li>\n\n\n\n<li><a href='?page_no=12069'>12069<\/a><\/li>\n\n\n\n<li class='active'><a>12070<\/a><\/li>\n\n\n\n<li><a href='?page_no=12071'>12071<\/a><\/li>\n\n\n\n<li><a href='?page_no=12072'>12072<\/a><\/li>\n\n\n\n<li><a>...<\/a><\/li>\n\n\n\n<li><a href='?page_no=56169'>56169<\/a><\/li>\n\n\n\n<li><a href='?page_no=56170'>56170<\/a><\/li>\n\n    \n\t\n\n<li >\n\t<a href='?page_no=12071'>Next<\/a>\n\t<\/li>\n\n\n    \n\n<li><a href='?page_no=56170'>Last &rsaquo;&rsaquo;<\/a><\/li>\n\n<\/ul>\n\n\n--><br \/>\n<\/body><\/p>\n","protected":false},"excerpt":{"rendered":"<p>Rafael Paz dijo que tampoco quieren sustituir instituciones y partidos SANTO DOMINGO, RD, 11 de Septiembre de 2016.- El Consejo Nacional para la Empresa Privada (Conep), dijo que ese gremio empresarial no tiene candidatos para integrar la Junta Central Electoral, la C\u00e1mara de Cuentas, El Tribunal Superior Electoral, ni a ninguna de las denominadas altas [&hellip;]<\/p>\n","protected":false},"author":3,"featured_media":0,"comment_status":"open","ping_status":"open","sticky":false,"template":"","format":"standard","meta":{"footnotes":""},"categories":[20],"tags":[],"class_list":["post-217561","post","type-post","status-publish","format-standard","hentry","category-dominicana-hoy"],"_links":{"self":[{"href":"https:\/\/diariodominicano.com\/index.php?rest_route=\/wp\/v2\/posts\/217561","targetHints":{"allow":["GET"]}}],"collection":[{"href":"https:\/\/diariodominicano.com\/index.php?rest_route=\/wp\/v2\/posts"}],"about":[{"href":"https:\/\/diariodominicano.com\/index.php?rest_route=\/wp\/v2\/types\/post"}],"author":[{"embeddable":true,"href":"https:\/\/diariodominicano.com\/index.php?rest_route=\/wp\/v2\/users\/3"}],"replies":[{"embeddable":true,"href":"https:\/\/diariodominicano.com\/index.php?rest_route=%2Fwp%2Fv2%2Fcomments&post=217561"}],"version-history":[{"count":0,"href":"https:\/\/diariodominicano.com\/index.php?rest_route=\/wp\/v2\/posts\/217561\/revisions"}],"wp:attachment":[{"href":"https:\/\/diariodominicano.com\/index.php?rest_route=%2Fwp%2Fv2%2Fmedia&parent=217561"}],"wp:term":[{"taxonomy":"category","embeddable":true,"href":"https:\/\/diariodominicano.com\/index.php?rest_route=%2Fwp%2Fv2%2Fcategories&post=217561"},{"taxonomy":"post_tag","embeddable":true,"href":"https:\/\/diariodominicano.com\/index.php?rest_route=%2Fwp%2Fv2%2Ftags&post=217561"}],"curies":[{"name":"wp","href":"https:\/\/api.w.org\/{rel}","templated":true}]}}