{"id":217559,"date":"2016-09-11T18:11:58","date_gmt":"2016-09-11T18:11:58","guid":{"rendered":"http:\/\/diariodominicano.ddns.net\/?p=217559"},"modified":"2016-09-11T18:11:58","modified_gmt":"2016-09-11T18:11:58","slug":"presidente-danilo-medina-dara-soluciones-a-carencias-planteadas-por-comunitarios-de-cabarete-y-sosua","status":"publish","type":"post","link":"https:\/\/diariodominicano.com\/?p=217559","title":{"rendered":"Presidente Danilo Medina dar\u00e1 soluciones a carencias planteadas  por comunitarios de Cabarete y Sos\u00faa"},"content":{"rendered":"<p><body><\/p>\n<p><img decoding=\"async\" src=\"img3\/2do_p_viisita_0.jpg\" \/><br \/><img decoding=\"async\" src=\"img3\/4to_p_visita_17_0.jpg\" \/><br \/><img decoding=\"async\" src=\"img3\/7mo_p_visita_6_0.jpg\" \/>  <\/p>\n<p>El presidente <strong><span class=\"text1noticias\">Danilo Medina los escuch\u00f3 atento. Posteriormente estableci\u00f3 prioridades para buscar soluciones lo m\u00e1s pronto posible. De hecho, visit\u00f3 la escuela y la planta de tratamiento y se comprometi\u00f3 con su terminaci\u00f3n.<\/span><\/strong><\/p>\n<\/p>\n<p><strong><span class=\"text1noticias\">PUERTO PLATA, RD, 11 de Septiembre de 2016.-<\/span><\/strong><span class=\"text1noticias\">  El presidente Danilo Medina visit\u00f3 este domingo los municipios de Cabarete y Sos\u00faa. All\u00ed constat\u00f3  de primera mano las necesidades de las comunidades y aprob\u00f3 la atenci\u00f3n gubernamental.<\/span><\/p>\n<\/p>\n<p><span class=\"text1noticias\">Una nota informativa de la DICOM destaca que fue evidente la alegr\u00eda de los residentes por la Visita Sorpresa. Cabarete fue el primer punto de su visita.<\/span><\/p>\n<p><span class=\"text1noticias\"> <\/span><\/p>\n<p><span class=\"text1noticias\">Los cabaretenses abogaron por la terminaci\u00f3n de la escuela y la planta de tratamiento. Adem\u00e1s, dijeron que necesitan luces y asfaltado en las calles.<\/span><\/p>\n<\/p>\n<p><span class=\"text1noticias\"> Otras necesidades son la circunvalaci\u00f3n, el cementerio, el peque\u00f1o puente de Catalina y una policl\u00ednica.<\/span><\/p>\n<\/p>\n<p><span class=\"text1noticias\">De manera directa y sin intermediarios, los comunitarios se acercaron al presidente Medina para exponer las carencias del municipio.<\/span><\/p>\n<\/p>\n<p><span class=\"text1noticias\">Danilo Medina los escuch\u00f3 atento. Posteriormente estableci\u00f3 prioridades para buscar soluciones lo m\u00e1s pronto posible. De hecho, visit\u00f3 la escuela y la planta de tratamiento y se comprometi\u00f3 con su terminaci\u00f3n.<\/span><\/p>\n<p><span class=\"text1noticias\"><strong>En Sos\u00faa<\/strong><\/span><\/p>\n<\/p>\n<p><span class=\"text1noticias\">Tambi\u00e9n se traslad\u00f3 al municipio de Sos\u00faa, donde habl\u00f3 con su gente. Ellos tampoco esperaban este domingo al Gobernante.<\/span><\/p>\n<\/p>\n<p><span class=\"text1noticias\"> All\u00ed evalu\u00f3 la necesidad del hospital y la mejora en el suministro de agua potable. De igual forma, la terminaci\u00f3n del asfaltado, entre otros problemas planteados por la comunidad.<\/span><\/p>\n<\/p>\n<p><span class=\"text1noticias\"> Estas solicitudes ser\u00e1n canalizadas de inmediato por los funcionarios correspondientes. Para el Gobernante lo primordial es mejorar la calidad de vida de cada uno de los dominicanos, indic\u00f3 la DICOM.<\/span><\/p>\n<\/p>\n<p><span class=\"text1noticias\"> Danilo Medina se hizo acompa\u00f1ar de los ministros administrativo de la Presidencia, Jos\u00e9 Ram\u00f3n Peralta y de Obra P\u00fablicas, Gonzalo Castillo.<\/span><\/p>\n<\/p>\n<p><span class=\"text1noticias\"> Como de costumbre, junto al Presidente tambi\u00e9n estuvieron sus asistentes Carlos Pared P\u00e9rez y  Robert de la Cruz.<\/span><\/p>\n<\/p>\n<\/p>\n<\/p>\n<\/p>\n<h6> 2016-09-11 18:11:58 <\/h6>\n<p><!--\n<link rel=\"stylesheet\" href=\"css\/bootstrap.min.css\">\n\n\n<ul class=\"pagination\">\n\t    \n\t\n\n<li >\n\t<a href='?page_no=12068'>Previous<\/a>\n\t<\/li>\n\n\n       \n    \n\n<li><a href='?page_no=1'>1<\/a><\/li>\n\n\n\n<li><a href='?page_no=2'>2<\/a><\/li>\n\n\n\n<li><a>...<\/a><\/li>\n\n\n\n<li><a href='?page_no=12067'>12067<\/a><\/li>\n\n\n\n<li><a href='?page_no=12068'>12068<\/a><\/li>\n\n\n\n<li class='active'><a>12069<\/a><\/li>\n\n\n\n<li><a href='?page_no=12070'>12070<\/a><\/li>\n\n\n\n<li><a href='?page_no=12071'>12071<\/a><\/li>\n\n\n\n<li><a>...<\/a><\/li>\n\n\n\n<li><a href='?page_no=56169'>56169<\/a><\/li>\n\n\n\n<li><a href='?page_no=56170'>56170<\/a><\/li>\n\n    \n\t\n\n<li >\n\t<a href='?page_no=12070'>Next<\/a>\n\t<\/li>\n\n\n    \n\n<li><a href='?page_no=56170'>Last &rsaquo;&rsaquo;<\/a><\/li>\n\n<\/ul>\n\n\n--><br \/>\n<\/body><\/p>\n","protected":false},"excerpt":{"rendered":"<p>El presidente Danilo Medina los escuch\u00f3 atento. Posteriormente estableci\u00f3 prioridades para buscar soluciones lo m\u00e1s pronto posible. De hecho, visit\u00f3 la escuela y la planta de tratamiento y se comprometi\u00f3 con su terminaci\u00f3n. PUERTO PLATA, RD, 11 de Septiembre de 2016.- El presidente Danilo Medina visit\u00f3 este domingo los municipios de Cabarete y Sos\u00faa. All\u00ed [&hellip;]<\/p>\n","protected":false},"author":3,"featured_media":0,"comment_status":"open","ping_status":"open","sticky":false,"template":"","format":"standard","meta":{"footnotes":""},"categories":[20],"tags":[],"class_list":["post-217559","post","type-post","status-publish","format-standard","hentry","category-dominicana-hoy"],"_links":{"self":[{"href":"https:\/\/diariodominicano.com\/index.php?rest_route=\/wp\/v2\/posts\/217559","targetHints":{"allow":["GET"]}}],"collection":[{"href":"https:\/\/diariodominicano.com\/index.php?rest_route=\/wp\/v2\/posts"}],"about":[{"href":"https:\/\/diariodominicano.com\/index.php?rest_route=\/wp\/v2\/types\/post"}],"author":[{"embeddable":true,"href":"https:\/\/diariodominicano.com\/index.php?rest_route=\/wp\/v2\/users\/3"}],"replies":[{"embeddable":true,"href":"https:\/\/diariodominicano.com\/index.php?rest_route=%2Fwp%2Fv2%2Fcomments&post=217559"}],"version-history":[{"count":0,"href":"https:\/\/diariodominicano.com\/index.php?rest_route=\/wp\/v2\/posts\/217559\/revisions"}],"wp:attachment":[{"href":"https:\/\/diariodominicano.com\/index.php?rest_route=%2Fwp%2Fv2%2Fmedia&parent=217559"}],"wp:term":[{"taxonomy":"category","embeddable":true,"href":"https:\/\/diariodominicano.com\/index.php?rest_route=%2Fwp%2Fv2%2Fcategories&post=217559"},{"taxonomy":"post_tag","embeddable":true,"href":"https:\/\/diariodominicano.com\/index.php?rest_route=%2Fwp%2Fv2%2Ftags&post=217559"}],"curies":[{"name":"wp","href":"https:\/\/api.w.org\/{rel}","templated":true}]}}