{"id":217557,"date":"2016-09-12T00:46:26","date_gmt":"2016-09-12T00:46:26","guid":{"rendered":"http:\/\/diariodominicano.ddns.net\/?p=217557"},"modified":"2016-09-12T00:46:26","modified_gmt":"2016-09-12T00:46:26","slug":"ministro-de-educacion-encabeza-encuentro-con-dirigencia-de-la-adp-en-el-sur-corto","status":"publish","type":"post","link":"https:\/\/diariodominicano.com\/?p=217557","title":{"rendered":"Ministro de Educaci\u00f3n encabeza encuentro con dirigencia de la ADP en el Sur corto"},"content":{"rendered":"<p><body><\/p>\n<p><img decoding=\"async\" src=\"img3\/maestro01.jpg\" \/><br \/><img decoding=\"async\" src=\"img3\/maestro02.jpg\" \/>  <\/p>\n<p><strong>Hidalgo dijo  \u00abEste es un d\u00eda hist\u00f3rico para nuestro gremio, \u00abpues nunca antes ning\u00fan ministro de Educaci\u00f3n hab\u00eda bajado a dialogar cara a cara con los profesores\u00bb.<\/strong><\/p>\n<\/p>\n<p><strong>AZUA, RD, 11 de Septiembre de 2016.- <\/strong> El ministro de Educaci\u00f3n, arquitecto Andr\u00e9s Navarro, y el presidente de la Asociaci\u00f3n Dominicana de Profesores (ADP), Eduardo Hidalgo, encabezaron un encuentro con la dirigencia del gremio en el sur corto para conocer en detalle la realidad de las escuelas y de los docentes en la regi\u00f3n, escenario en el que planteo que \u00abesta gesti\u00f3n mantendr\u00e1 sus puertas abiertas con ustedes y otros sectores del sistema para dar la mejor respuesta en conjunto a la educaci\u00f3n dominicana\u00bb.<\/p>\n<\/p>\n<p>Asegur\u00f3 que \u00abcomo estamos abri\u00e9ndonos, asumiendo este riesgo de contacto directo y de tratar de romper con el viejo esquema para aproximarnos cada vez m\u00e1s a ustedes para trabajar en conjunto, espero la debida comprensi\u00f3n de que esta deuda social acumulada por d\u00e9cadas no se puede resolver en un abrir y cerrar de ojos\u00bb.<\/p>\n<\/p>\n<p>Manifest\u00f3 que trabajara por la pulcritud del ejercicio presupuestario y la transparencia en el manejo de los recursos que nos corresponden a todos, \u00aby fundamentalmente empe\u00f1arnos en avanzar en la misi\u00f3n del ministerio bajo la orientaci\u00f3n de nuestro presidente Danilo Medina, que es lograr esta revoluci\u00f3n educativa que debemos hacer todos\u00bb.<\/p>\n<\/p>\n<p>El encuentro del ministro Navarro con los directivos de la ADP, sin precedente en los 46 a\u00f1os de historia de fundaci\u00f3n del gremio, se celebr\u00f3 en uno de los salones del restaurant El Mes\u00f3n Suizo de esta ciudad sure\u00f1a, con la asistencia de 253 dirigentes docentes provenientes de las provincias El\u00edas Pina, San Juan de la Maguana, Azua, Peravia y San Jos\u00e9 de Ocoa.<\/p>\n<\/p>\n<p>Durante el primero de 7 encuentros regionales que est\u00e1n pautados, acogiendo una iniciativa del ministro Navarro, participaron los presidentes de 23 seccionales de la ADP pertenecientes al sur corto, estuvo dedicado a los profesores Juan Bautista D\u00edaz Marte, Nelcis Mireya P\u00e9rez, Luis Bienvenido Castillo y H\u00e9ctor Miguel Alc\u00e1ntara.<\/p>\n<\/p>\n<p>Tras escuchar durante casi cuatro horas los amplios informes de la realidad educativa en la regi\u00f3n por parte de los dirigentes magisteriales, Navarro se\u00f1al\u00f3 que el esfuerzo es clave para implementar una estrategia de gesti\u00f3n eficiente que responsa a las expectativas del magisterio del estudiantado y de la sociedad en su conjunto, materializando la voluntad pol\u00edtica del presidente Danilo Medina, \u00abquien ha colocado a la educaci\u00f3n como uno de los ejes centrales de su gestion gubernamental\u00bb.<\/p>\n<\/p>\n<p>\u00abHemos decidido realizar estos encuentros por entender que hay que acercarse a la realidad para poder lograr las transformaciones en los aspectos que sean necesarios, tomando en cuenta la jerarquizaci\u00f3n de los problemas y las inquietudes planteados por ustedes, y l\u00f3gicamente, actuar con la mayor celeridad posible\u00bb, subray\u00f3 Navarro.<\/p>\n<\/p>\n<p>Dijo que los siete encuentros con la dirigencia de la ADP a nivel nacional permitir\u00e1n reconocer las debilidades institucionales en el MINERD, \u00abpero tambi\u00e9n continuaremos los recorridos por las escuelas, ya que eso generar\u00e1 mayor confianza y certeza en el presidente Medina sobre la realidad que debemos mejorar en los planteles y en la calidad de vida de los profesores\u00bb.<\/p>\n<\/p>\n<p>Record\u00f3 al gremio que los problemas y la pesada deuda social que arrastra la educaci\u00f3n no se podr\u00e1n resolver de la noche a la ma\u00f1ana, \u00abpues como pol\u00edtico no me gusta apelar a la demagogia. Lo planteado lo evaluaremos con nuestro equipo t\u00e9cnico, de manera priorizada, para ver por donde comenzar y hasta donde podremos llegar\u00bb.<\/p>\n<\/p>\n<p>Navarro estuvo acompa\u00f1ado de los viceministros Denia Burgos, encargada de servicios t\u00e9cnicos y Pedag\u00f3gicos; V\u00edctor S\u00e1nchez, de Planificaci\u00f3n; Manuel Ram\u00f3n Valerio, de Acreditaci\u00f3n Docente, y Luis De Le\u00f3n, de Gesti\u00f3n y Descentralizaci\u00f3n, as\u00ed como Julio Santana, director de Gabinete, Milton Torres, coordinador general del programa de Infraestructuras Escolares, Adolfo Cede\u00f1o, director de Infraestructuras; y Geovanny Romero, encargado de la Jornada de Tanda Extendida, entre otros funcionarios del MINERD.<\/p>\n<\/p>\n<p>En tanto que, adem\u00e1s de Hidalgo, presidente del Comit\u00e9 Ejecutivo de la ADP, asistieron, la vicepresidenta Primitiva Medina; Francisco Herrera, Franco C\u00e9sar Sabino, Soraya Trinidad, Hilario de Jes\u00fas M\u00e9ndez y Xiomara Guante, entre otros.<\/p>\n<\/p>\n<p>\u00abEste es un d\u00eda hist\u00f3rico para la ADP, \u00abpues en momentos en que Am\u00e9rica Latina y el mundo son cubiertos por una nube negra que envuelve peligrosamente a la educaci\u00f3n p\u00fablica y al magisterio, en Rep\u00fablica Dominicana hay un presidente Danilo Medina que ha dedicado una parte importante del nuevo cuatrienio de su gobierno al tema de la mejor\u00eda de la calidad de la educaci\u00f3n y de vida de los docentes\u00bb, dijo Hidalgo al pronunciar el discurso de bienvenida en el \u00abhist\u00f3rico\u00bb,acto.<\/p>\n<\/p>\n<p>Destac\u00f3 que la ADP valora de manera positiva y en su justa dimensi\u00f3n \u00abeste encuentro que marca un hito, dado que se ha acercado a la casa de los cientos de profesores llegados incluso desde lugares rec\u00f3nditos del pa\u00eds, con la voluntad de escuchar la realidad en las escuelas p\u00fablicas, por lo que les exhorto a aprovechar la maravillosa oportunidad que tenemos con un presidente de la Rep\u00fablica que ha puesto su mirada de manera decidida en la educaci\u00f3n dominicana.\u00bb<\/p>\n<\/p>\n<p><strong>Hidalgo precis\u00f3 que el ministro Navarro ha iniciado bien su gesti\u00f3n al ver a los maestros como amigos y no como un obst\u00e1culo<\/strong><\/p>\n<\/p>\n<p>Dijo que por decisi\u00f3n \u00abinvaluable\u00bb del ministro, se decidi\u00f3 que los maestros y las maestras sean los protagonistas en los encuentros regionales, no as\u00ed el comit\u00e9 ejecutivo de la ADP, para que ustedes que hoy tienen voz y la palabra, puedan describir con la verdad la situaci\u00f3n de la educaci\u00f3n en sus respectivos municipios, as\u00ed como de los profesores pensionados y jubilados, la situaci\u00f3n de las viviendas, entre otros problemas que estamos esperanzados en que se podr\u00e1n resolver  con buena voluntad\u00bb.<\/p>\n<\/p>\n<p>El ministro Navarro escuch\u00f3 y recibi\u00f3 los distintos informes sobre la problem\u00e1tica en las escuelas, presentados por los presidentes de todas las seccionales del sur corto, que envuelve desde las infraestructuras escolares, mejor\u00eda de la calidad de vida y la capacitaci\u00f3n de los docentes entre otros aspectos.<\/p>\n<\/p>\n<p>\u00abHoy empezamos a hacer historia en esta provincia, aprovechemos el tiempo y esta maravillosa oportunidad de mejorar la carrera docente, con un ministro que estamos viendo como un amigo que nos invita a trabajar con ah\u00ednco y en equipo, un funcionario que ha iniciado un importante recorrido por las escuelas, empezando bien con un fuerte compromiso que est\u00e1 haciendo historia, porque, que yo recuerde, nunca ning\u00fan ministro se hab\u00eda juntado con nuestro sindicato\u00bb.<\/p>\n<h6> 2016-09-12 00:46:26 <\/h6>\n<p><!--\n<link rel=\"stylesheet\" href=\"css\/bootstrap.min.css\">\n\n\n<ul class=\"pagination\">\n\t    \n\t\n\n<li >\n\t<a href='?page_no=12066'>Previous<\/a>\n\t<\/li>\n\n\n       \n    \n\n<li><a href='?page_no=1'>1<\/a><\/li>\n\n\n\n<li><a href='?page_no=2'>2<\/a><\/li>\n\n\n\n<li><a>...<\/a><\/li>\n\n\n\n<li><a href='?page_no=12065'>12065<\/a><\/li>\n\n\n\n<li><a href='?page_no=12066'>12066<\/a><\/li>\n\n\n\n<li class='active'><a>12067<\/a><\/li>\n\n\n\n<li><a href='?page_no=12068'>12068<\/a><\/li>\n\n\n\n<li><a href='?page_no=12069'>12069<\/a><\/li>\n\n\n\n<li><a>...<\/a><\/li>\n\n\n\n<li><a href='?page_no=56169'>56169<\/a><\/li>\n\n\n\n<li><a href='?page_no=56170'>56170<\/a><\/li>\n\n    \n\t\n\n<li >\n\t<a href='?page_no=12068'>Next<\/a>\n\t<\/li>\n\n\n    \n\n<li><a href='?page_no=56170'>Last &rsaquo;&rsaquo;<\/a><\/li>\n\n<\/ul>\n\n\n--><br \/>\n<\/body><\/p>\n","protected":false},"excerpt":{"rendered":"<p>Hidalgo dijo \u00abEste es un d\u00eda hist\u00f3rico para nuestro gremio, \u00abpues nunca antes ning\u00fan ministro de Educaci\u00f3n hab\u00eda bajado a dialogar cara a cara con los profesores\u00bb. AZUA, RD, 11 de Septiembre de 2016.- El ministro de Educaci\u00f3n, arquitecto Andr\u00e9s Navarro, y el presidente de la Asociaci\u00f3n Dominicana de Profesores (ADP), Eduardo Hidalgo, encabezaron un [&hellip;]<\/p>\n","protected":false},"author":3,"featured_media":0,"comment_status":"open","ping_status":"open","sticky":false,"template":"","format":"standard","meta":{"footnotes":""},"categories":[20],"tags":[],"class_list":["post-217557","post","type-post","status-publish","format-standard","hentry","category-dominicana-hoy"],"_links":{"self":[{"href":"https:\/\/diariodominicano.com\/index.php?rest_route=\/wp\/v2\/posts\/217557","targetHints":{"allow":["GET"]}}],"collection":[{"href":"https:\/\/diariodominicano.com\/index.php?rest_route=\/wp\/v2\/posts"}],"about":[{"href":"https:\/\/diariodominicano.com\/index.php?rest_route=\/wp\/v2\/types\/post"}],"author":[{"embeddable":true,"href":"https:\/\/diariodominicano.com\/index.php?rest_route=\/wp\/v2\/users\/3"}],"replies":[{"embeddable":true,"href":"https:\/\/diariodominicano.com\/index.php?rest_route=%2Fwp%2Fv2%2Fcomments&post=217557"}],"version-history":[{"count":0,"href":"https:\/\/diariodominicano.com\/index.php?rest_route=\/wp\/v2\/posts\/217557\/revisions"}],"wp:attachment":[{"href":"https:\/\/diariodominicano.com\/index.php?rest_route=%2Fwp%2Fv2%2Fmedia&parent=217557"}],"wp:term":[{"taxonomy":"category","embeddable":true,"href":"https:\/\/diariodominicano.com\/index.php?rest_route=%2Fwp%2Fv2%2Fcategories&post=217557"},{"taxonomy":"post_tag","embeddable":true,"href":"https:\/\/diariodominicano.com\/index.php?rest_route=%2Fwp%2Fv2%2Ftags&post=217557"}],"curies":[{"name":"wp","href":"https:\/\/api.w.org\/{rel}","templated":true}]}}