{"id":217555,"date":"2016-09-12T09:42:19","date_gmt":"2016-09-12T09:42:19","guid":{"rendered":"http:\/\/diariodominicano.ddns.net\/?p=217555"},"modified":"2016-09-12T09:42:19","modified_gmt":"2016-09-12T09:42:19","slug":"saludan-inclusion-vacuna-papiloma-en-programa-estatal","status":"publish","type":"post","link":"https:\/\/diariodominicano.com\/?p=217555","title":{"rendered":"Saludan inclusi\u00f3n vacuna Papiloma en programa estatal"},"content":{"rendered":"<p><body><\/p>\n<p><img decoding=\"async\" src=\"img3\/papiloma 12-9.jpg\" \/>  <\/p>\n<p><span class=\"text1noticias\">Santo Domingo, R. D., 12 de septiembre.- Pediatras, infect\u00f3logos, onc\u00f3logos y gineco-obstetras saludan la voluntad del gobierno de incluir en el Programa Ampliado de Inmunizaci\u00f3n (PAI) la vacuna contra el Virus del Papiloma Humano (VPH), pero aspiran a que sea sostenible su aplicaci\u00f3n.<\/span><\/p>\n<p><span class=\"text1noticias\"> <\/span><\/p>\n<p><span class=\"text1noticias\">El tema fue discutido en un desayuno-conferencia de la Sociedad Dominicana de Pediatr\u00eda, en la que la pediatra Soraya Castro demostr\u00f3, con estudios, que la vacuna sirve no s\u00f3lo para prevenir c\u00e1ncer c\u00e9rvico uterino, sino anal, oro-laringeo y verrugas genitales.<\/span><\/p>\n<p><span class=\"text1noticias\"> <\/span><\/p>\n<p><span class=\"text1noticias\">La presidenta de la Sociedad de Pediatr\u00eda, doctora Sandra Orsini, aspira a que \u00e9sta y otras vacunas sean incluidas en el presupuesto para que se garantice la continuidad, a trav\u00e9s de una Ley de Vacunas.<\/span><\/p>\n<p><span class=\"text1noticias\"> <\/span><\/p>\n<p><span class=\"text1noticias\">La doctora Orsini afirm\u00f3 que la salud de ni\u00f1os, ni\u00f1as y adolescentes no puede estar sujeta a los momentos pol\u00edticos y s\u00f3lo al presupuesto del Ministerio de Salud.<\/span><\/p>\n<p><span class=\"text1noticias\"> <\/span><\/p>\n<p><span class=\"text1noticias\">Consider\u00f3 que la vacuna contra el VPH permite prevenir enfermedades para toda la vida y no s\u00f3lo el c\u00e1ncer cervical, sino otros tipos de c\u00e1nceres y enfermedades no letales que tendr\u00e1n impacto en la salud y presupuestos familiares y estatales de manera significativa.<\/span><\/p>\n<p><span class=\"text1noticias\"> <\/span><\/p>\n<p><span class=\"text1noticias\">Indic\u00f3 que la recomendaci\u00f3n de la Sociedad Dominicana de Pediatr\u00eda es que la vacuna del VPH que se incluya en el Programa de Inmunizaci\u00f3n sea la que garantice mayor alcance en t\u00e9rmino de prevenci\u00f3n de enfermedades.<\/span><\/p>\n<p><span class=\"text1noticias\"> <\/span><\/p>\n<p><span class=\"text1noticias\">En tanto que el gineco-obstetra Luis Rojas, vicepresidente de la Sociedad Dominicana de Oncolog\u00eda, dijo que es vital la aplicaci\u00f3n en edades tempranas de la adolescencia, porque permite prevenir males de salud antes del desarrollo de infecciones.<\/span><\/p>\n<p><span class=\"text1noticias\"> <\/span><\/p>\n<p><span class=\"text1noticias\">El tambi\u00e9n pasado presidente de la Sociedad Dominicana de Obstetricia y Ginecolog\u00eda asegur\u00f3 que la evoluci\u00f3n del c\u00e1ncer cervical es lenta desde el momento de la infecci\u00f3n, con tiempo de unos 10 a\u00f1os, lo que abre brecha para que se act\u00fae sobre esta enfermedad.<\/span><\/p>\n<p><span class=\"text1noticias\"> <\/span><\/p>\n<p><span class=\"text1noticias\">\u00abLo mejor es la prevenci\u00f3n de la vacuna. A partir de los 9 a\u00f1os preferiblemente\u00bb, coment\u00f3 el doctor Rojas al intervenir en la actividad cient\u00edfica de la Sociedad Dominicana de Pediatr\u00eda.<\/span><\/p>\n<p><span class=\"text1noticias\"> <\/span><\/p>\n<p><span class=\"text1noticias\">Puntualiz\u00f3 que en los primeros dos a\u00f1os de iniciaci\u00f3n de las relaciones sexuales activas son vitales, debido a que es la etapa en que ocurre una significativa infecci\u00f3n de las personas. \u00abPor eso, todo humano debe estar vacunado antes de iniciar la vida sexual activa\u00bb, indic\u00f3.<\/span><\/p>\n<p><span class=\"text1noticias\"> <\/span><\/p>\n<p><span class=\"text1noticias\">En tanto que la presidenta de la Sociedad Dominicana de Infectolog\u00eda, doctora Carmen Sarah Mota, tambi\u00e9n tiene la preocupaci\u00f3n de la sostenibilidad y dice que muchos programas similares se caen cuando cae el momento pol\u00edtico con el cual surgieron.<\/span><\/p>\n<p><span class=\"text1noticias\"> <\/span><\/p>\n<p><span class=\"text1noticias\">Las autoridades de salud anunciaron la inclusi\u00f3n de la vacuna contra el VPH, pero no han decidido cu\u00e1l de las dos opciones comerciales disponibles tomar\u00e1n para su<\/span> programa.<\/p>\n<h6> 2016-09-12 09:42:19 <\/h6>\n<p><!--\n<link rel=\"stylesheet\" href=\"css\/bootstrap.min.css\">\n\n\n<ul class=\"pagination\">\n\t    \n\t\n\n<li >\n\t<a href='?page_no=12064'>Previous<\/a>\n\t<\/li>\n\n\n       \n    \n\n<li><a href='?page_no=1'>1<\/a><\/li>\n\n\n\n<li><a href='?page_no=2'>2<\/a><\/li>\n\n\n\n<li><a>...<\/a><\/li>\n\n\n\n<li><a href='?page_no=12063'>12063<\/a><\/li>\n\n\n\n<li><a href='?page_no=12064'>12064<\/a><\/li>\n\n\n\n<li class='active'><a>12065<\/a><\/li>\n\n\n\n<li><a href='?page_no=12066'>12066<\/a><\/li>\n\n\n\n<li><a href='?page_no=12067'>12067<\/a><\/li>\n\n\n\n<li><a>...<\/a><\/li>\n\n\n\n<li><a href='?page_no=56169'>56169<\/a><\/li>\n\n\n\n<li><a href='?page_no=56170'>56170<\/a><\/li>\n\n    \n\t\n\n<li >\n\t<a href='?page_no=12066'>Next<\/a>\n\t<\/li>\n\n\n    \n\n<li><a href='?page_no=56170'>Last &rsaquo;&rsaquo;<\/a><\/li>\n\n<\/ul>\n\n\n--><br \/>\n<\/body><\/p>\n","protected":false},"excerpt":{"rendered":"<p>Santo Domingo, R. D., 12 de septiembre.- Pediatras, infect\u00f3logos, onc\u00f3logos y gineco-obstetras saludan la voluntad del gobierno de incluir en el Programa Ampliado de Inmunizaci\u00f3n (PAI) la vacuna contra el Virus del Papiloma Humano (VPH), pero aspiran a que sea sostenible su aplicaci\u00f3n. El tema fue discutido en un desayuno-conferencia de la Sociedad Dominicana de [&hellip;]<\/p>\n","protected":false},"author":3,"featured_media":0,"comment_status":"open","ping_status":"open","sticky":false,"template":"","format":"standard","meta":{"footnotes":""},"categories":[20],"tags":[],"class_list":["post-217555","post","type-post","status-publish","format-standard","hentry","category-dominicana-hoy"],"_links":{"self":[{"href":"https:\/\/diariodominicano.com\/index.php?rest_route=\/wp\/v2\/posts\/217555","targetHints":{"allow":["GET"]}}],"collection":[{"href":"https:\/\/diariodominicano.com\/index.php?rest_route=\/wp\/v2\/posts"}],"about":[{"href":"https:\/\/diariodominicano.com\/index.php?rest_route=\/wp\/v2\/types\/post"}],"author":[{"embeddable":true,"href":"https:\/\/diariodominicano.com\/index.php?rest_route=\/wp\/v2\/users\/3"}],"replies":[{"embeddable":true,"href":"https:\/\/diariodominicano.com\/index.php?rest_route=%2Fwp%2Fv2%2Fcomments&post=217555"}],"version-history":[{"count":0,"href":"https:\/\/diariodominicano.com\/index.php?rest_route=\/wp\/v2\/posts\/217555\/revisions"}],"wp:attachment":[{"href":"https:\/\/diariodominicano.com\/index.php?rest_route=%2Fwp%2Fv2%2Fmedia&parent=217555"}],"wp:term":[{"taxonomy":"category","embeddable":true,"href":"https:\/\/diariodominicano.com\/index.php?rest_route=%2Fwp%2Fv2%2Fcategories&post=217555"},{"taxonomy":"post_tag","embeddable":true,"href":"https:\/\/diariodominicano.com\/index.php?rest_route=%2Fwp%2Fv2%2Ftags&post=217555"}],"curies":[{"name":"wp","href":"https:\/\/api.w.org\/{rel}","templated":true}]}}