{"id":217554,"date":"2016-09-12T10:01:19","date_gmt":"2016-09-12T10:01:19","guid":{"rendered":"http:\/\/diariodominicano.ddns.net\/?p=217554"},"modified":"2016-09-12T10:01:19","modified_gmt":"2016-09-12T10:01:19","slug":"realizan-operativo-visual-a-periodistas-y-comunicadores-en-barahona","status":"publish","type":"post","link":"https:\/\/diariodominicano.com\/?p=217554","title":{"rendered":"Realizan operativo visual a periodistas y comunicadores en Barahona"},"content":{"rendered":"<p><body><\/p>\n<p><img decoding=\"async\" src=\"img3\/chequeo 12-9.jpg\" \/>  <\/p>\n<p><span class=\"text1noticias\">Barahona, R. D.,  12 de septiembre.- Decenas de periodistas y comunicadores de esta provincia recibir\u00e1n chequeos de la vista de manera gratuita por el doctor Rafael Octavio Cornielle, presidente del Centro Oftalmol\u00f3gico Barahona.<\/span><\/p>\n<p><span class=\"text1noticias\"> <\/span><\/p>\n<p><span class=\"text1noticias\">La informaci\u00f3n la ofrecieron mediante una nota de prensa enviada a los medios de comunicaci\u00f3n Benny Rodr\u00edguez y Daniel Urb\u00e1ez, secretarios generales de las filiales del Colegio Dominicano de Periodistas (CDP) y del Sindicato Nacional de Trabajadores de la Prensa (SNTP), respectivamente.<\/span><\/p>\n<p><span class=\"text1noticias\"> <\/span><\/p>\n<p><span class=\"text1noticias\">El operativo, coordinado por ambos gremios period\u00edsticos con la administradora del Centro Oftalmol\u00f3gico Barahona, Aura Santos de Cornielle, tendr\u00e1 lugar el viernes 23 del mes en curso, de dos a seis de la tarde.<\/span><\/p>\n<p><span class=\"text1noticias\"> <\/span><\/p>\n<p><span class=\"text1noticias\">El operativo incluye el chequeo gratuito de de la vista y en caso de detectarse alguna patolog\u00eda relacionada con la visi\u00f3n del profesional de la comunicaci\u00f3n como parte de las conversaciones de los dirigentes de los gremios period\u00edsticos, dijeron que el Centro Oftalmol\u00f3gico Barahona dar\u00e1 facilidades y descuentos para que periodistas y comunicadores se hagan sus procedimientos visuales.<\/span><\/p>\n<p><span class=\"text1noticias\"> <\/span><\/p>\n<p><span class=\"text1noticias\">Santos, administradora y el doctor Cornielle, presidente del Centro Oftalmol\u00f3gico Barahona, hicieron el compromiso, contribuir con iguales facilidades para que los periodistas y comunicadores adquieran sus lentes o monturas en caso de que as\u00ed lo deseen.<\/span><\/p>\n<p><span class=\"text1noticias\"> <\/span><\/p>\n<p><span class=\"text1noticias\">\u00abSiempre estamos interesados en llevar este tipo de operativo para favorecer a miembros de instituciones, sobre todo, porque el examen de la vista es vital para el bienestar de la gente\u00bb, dijo el m\u00e9dico oftalm\u00f3logo mientras su esposa, que administra el establecimiento lo reafirmaba con movimientos.<\/span><\/p>\n<p><span class=\"text1noticias\"> <\/span><\/p>\n<p><span class=\"text1noticias\">Rodr\u00edguez y Urb\u00e1ez, agradecieron el gesto y la disposici\u00f3n del Centro Oftalmol\u00f3gico Barahona, en la persona de su presidente y administradora, para favorecer a los profesionales de la comunicaci\u00f3n con ese importante operativo visual.<\/span><\/p>\n<p><span class=\"text1noticias\"> <\/span><\/p>\n<p><span class=\"text1noticias\">Recordaron que desde su llegada a los gremios period\u00edsticos siempre han tenido como objetivo primordial contribuir en mejorar las condiciones de vida y de elevar el nivel de bienestar de sus miembros, ya que de lo que se trata es de lograr la mayor suma de felicidad para los periodistas.<\/span><\/p>\n<p><span class=\"text1noticias\"> <\/span><\/p>\n<p><span class=\"text1noticias\">Reconocieron el papel jugado por la periodista Santa Mar\u00eda Pe\u00f1a, quien tiene excelentes relaciones con los propietarios del centro de oftalmolog\u00eda, quien hizo las coordinaciones de lugar para que se produzca la conversaci\u00f3n que finalmente terminaron en la realizaci\u00f3n del operativo visual a los profesionales de la comunicac<\/span>i\u00f3n.<\/p>\n<\/p>\n<h6> 2016-09-12 10:01:19 <\/h6>\n<p><!--\n<link rel=\"stylesheet\" href=\"css\/bootstrap.min.css\">\n\n\n<ul class=\"pagination\">\n\t    \n\t\n\n<li >\n\t<a href='?page_no=12063'>Previous<\/a>\n\t<\/li>\n\n\n       \n    \n\n<li><a href='?page_no=1'>1<\/a><\/li>\n\n\n\n<li><a href='?page_no=2'>2<\/a><\/li>\n\n\n\n<li><a>...<\/a><\/li>\n\n\n\n<li><a href='?page_no=12062'>12062<\/a><\/li>\n\n\n\n<li><a href='?page_no=12063'>12063<\/a><\/li>\n\n\n\n<li class='active'><a>12064<\/a><\/li>\n\n\n\n<li><a href='?page_no=12065'>12065<\/a><\/li>\n\n\n\n<li><a href='?page_no=12066'>12066<\/a><\/li>\n\n\n\n<li><a>...<\/a><\/li>\n\n\n\n<li><a href='?page_no=56169'>56169<\/a><\/li>\n\n\n\n<li><a href='?page_no=56170'>56170<\/a><\/li>\n\n    \n\t\n\n<li >\n\t<a href='?page_no=12065'>Next<\/a>\n\t<\/li>\n\n\n    \n\n<li><a href='?page_no=56170'>Last &rsaquo;&rsaquo;<\/a><\/li>\n\n<\/ul>\n\n\n--><br \/>\n<\/body><\/p>\n","protected":false},"excerpt":{"rendered":"<p>Barahona, R. D., 12 de septiembre.- Decenas de periodistas y comunicadores de esta provincia recibir\u00e1n chequeos de la vista de manera gratuita por el doctor Rafael Octavio Cornielle, presidente del Centro Oftalmol\u00f3gico Barahona. La informaci\u00f3n la ofrecieron mediante una nota de prensa enviada a los medios de comunicaci\u00f3n Benny Rodr\u00edguez y Daniel Urb\u00e1ez, secretarios generales [&hellip;]<\/p>\n","protected":false},"author":3,"featured_media":0,"comment_status":"open","ping_status":"open","sticky":false,"template":"","format":"standard","meta":{"footnotes":""},"categories":[20],"tags":[],"class_list":["post-217554","post","type-post","status-publish","format-standard","hentry","category-dominicana-hoy"],"_links":{"self":[{"href":"https:\/\/diariodominicano.com\/index.php?rest_route=\/wp\/v2\/posts\/217554","targetHints":{"allow":["GET"]}}],"collection":[{"href":"https:\/\/diariodominicano.com\/index.php?rest_route=\/wp\/v2\/posts"}],"about":[{"href":"https:\/\/diariodominicano.com\/index.php?rest_route=\/wp\/v2\/types\/post"}],"author":[{"embeddable":true,"href":"https:\/\/diariodominicano.com\/index.php?rest_route=\/wp\/v2\/users\/3"}],"replies":[{"embeddable":true,"href":"https:\/\/diariodominicano.com\/index.php?rest_route=%2Fwp%2Fv2%2Fcomments&post=217554"}],"version-history":[{"count":0,"href":"https:\/\/diariodominicano.com\/index.php?rest_route=\/wp\/v2\/posts\/217554\/revisions"}],"wp:attachment":[{"href":"https:\/\/diariodominicano.com\/index.php?rest_route=%2Fwp%2Fv2%2Fmedia&parent=217554"}],"wp:term":[{"taxonomy":"category","embeddable":true,"href":"https:\/\/diariodominicano.com\/index.php?rest_route=%2Fwp%2Fv2%2Fcategories&post=217554"},{"taxonomy":"post_tag","embeddable":true,"href":"https:\/\/diariodominicano.com\/index.php?rest_route=%2Fwp%2Fv2%2Ftags&post=217554"}],"curies":[{"name":"wp","href":"https:\/\/api.w.org\/{rel}","templated":true}]}}