{"id":217553,"date":"2016-09-12T10:34:52","date_gmt":"2016-09-12T10:34:52","guid":{"rendered":"http:\/\/diariodominicano.ddns.net\/?p=217553"},"modified":"2016-09-12T10:34:52","modified_gmt":"2016-09-12T10:34:52","slug":"piden-sensibilizar-sociedad-en-derechos-menores-de-edad-en-san-cristobal","status":"publish","type":"post","link":"https:\/\/diariodominicano.com\/?p=217553","title":{"rendered":"Piden sensibilizar sociedad en derechos menores de edad en San Crist\u00f3bal"},"content":{"rendered":"<p><body><\/p>\n<p><img decoding=\"async\" src=\"img3\/san cristobal 12-9.jpg\" \/>  <\/p>\n<p><span class=\"text1noticias\">San Crist\u00f3bal,  R. D.,  12 de septiembre.- En ocasi\u00f3n de celebrarse este 29 de septiembre el D\u00eda Nacional de los Ni\u00f1os, Ni\u00f1as y Adolescentes (NNA) la Fundaci\u00f3n Vida en Abundancia propone al alcalde Nelson Guill\u00e9n, a  los regidores, educadores, empresarios, religiosos y animadores socio culturales  de este municipio a que trabajemos en  la sensibilizaci\u00f3n de la sociedad sobre los derechos de los menores de edad.<\/span><\/p>\n<p><span class=\"text1noticias\"> <\/span><\/p>\n<p><span class=\"text1noticias\">Conociendo la sensibilidad, los aportes, la preocupaci\u00f3n del Ejecutivo Municipal y de los concejales que conforman la sala capitular  por la protecci\u00f3n y defensa de los Derechos de la Ni\u00f1ez, ser\u00eda muy significativo de que el 29 del corriente mes sea declarado el ayuntamiento amigo de la ni\u00f1ez y la adolescencia.<\/span><\/p>\n<p><span class=\"text1noticias\"> <\/span><\/p>\n<p><span class=\"text1noticias\">Como muestra de la anterior afirmaci\u00f3n solo podemos mencionar que el alcalde Nelson Guill\u00e9n apadrin\u00f3 el \u00e1rea de Pediatr\u00eda del Hospital Juan Pablo Pina, dent\u00e1ndole de aire acondicionado; llev\u00e1ndole regalos a los ni\u00f1os, ni\u00f1as y parturientas; as\u00ed como  haciendo aportes econ\u00f3micos para intervenciones quir\u00fargicas; respaldando eventos, torneos y otras actividades deportivas y recreativas, entre otras acciones para el desarrollo sano de los ni\u00f1os, ni\u00f1as y adolescentes.<\/span><\/p>\n<p><span class=\"text1noticias\"> <\/span><\/p>\n<p><span class=\"text1noticias\">Esta visi\u00f3n entendemos que es compartida y respaldada por todos y todas los regidores y regidoras, de las diferentes bancadas, y que ponen el bienestar y el progreso de la municipalidad por encima de los colores partidarios.<\/span><\/p>\n<p><span class=\"text1noticias\"> <\/span><\/p>\n<p><span class=\"text1noticias\">El 20 de noviembre de 1989 la Asamblea General de las Naciones Unidas, adopt\u00f3 la Convenci\u00f3n Internacional sobre los Derechos del Ni\u00f1o, asumiendo los Estados partes que los ni\u00f1os, ni\u00f1as y adolescentes tienen derechos espec\u00edficos y que los mismos deben ser ejercidos y respetados a nivel universal.<\/span><\/p>\n<p><span class=\"text1noticias\"> <\/span><\/p>\n<p><span class=\"text1noticias\">Debido a la importancia que tienen los menores de edad el 29 de septiembre de 1990 fue realizada la Convenci\u00f3n Internacional sobre los Derechos del Ni\u00f1o, se llev\u00f3 a cabo en la sede de las Naciones Unidas en Nueva York, la Cumbre Mundial de la Infancia, con la presencia de jefes de Estado, primeros ministros y dignatarios de m\u00e1s de un centenar de pa\u00edses, donde consensuaron compromisos, estrategias y pol\u00edticas a favor de la ni\u00f1ez a nivel mundial.<\/span><\/p>\n<p><span class=\"text1noticias\"> <\/span><\/p>\n<p><span class=\"text1noticias\">En 1991 la Rep\u00fablica Dominicana se hace signatario de la Convenci\u00f3n Internacional sobre los Derechos del Ni\u00f1o, asumiendo el compromiso de garantizar a los ni\u00f1os, ni\u00f1as y adolescentes del pa\u00eds los derechos enmarcados en esta Convenci\u00f3n, entre los cuales figuran salud, educaci\u00f3n, protecci\u00f3n, igualdad, identidad y nacionalidad; libertad de expresi\u00f3n, seguridad social; esparcimiento, recreaci\u00f3n y actividades culturales y acceso a una informaci\u00f3n adecuada, entre otros.<\/span><\/p>\n<p><span class=\"text1noticias\"> <\/span><\/p>\n<p><span class=\"text1noticias\">Ante la necesidad de sensibilizar a las instituciones p\u00fablicas, privadas y a la sociedad civil en general sobre la importancia de dar atenci\u00f3n especial a la situaci\u00f3n de la ni\u00f1ez y a la b\u00fasqueda de soluciones conjuntas para lograr su bienestar, el entonces presidente, Dr. Joaqu\u00edn Balaguer, mediante el decreto n\u00famero 288-92 declara en 1992 el 29 de septiembre de cada a\u00f1o como \u00abD\u00eda Nacional de los Derechos del Ni\u00f1o\u00bb.<\/span><\/p>\n<p><span class=\"text1noticias\"> <\/span><\/p>\n<p><span class=\"text1noticias\">Despu\u00e9s de esa importante fecha ha llovido mucho pero la sociedad solamente reacciona cuando son violentados los derechos de los ni\u00f1os, ni\u00f1as y adolescentes en el pa\u00eds debido a la falta de amor, tolerancia y respeto a esos Derechos que tambi\u00e9n son Derechos Humanos o este d\u00eda  es recordado con varias actividades de organizaciones nacionales o internacionales para justificar los recursos econ\u00f3micos que percibe por ese concepto, a pesar de que hay muchas instituciones y personalidades que trabajan en los barrios y comunidades rurales para que sean garantizados los derechos de la ni\u00f1ez y el fiel cumplimiento de la Ley 136-03 (C\u00f3digo para el Sistema de Protecci\u00f3n y los Derechos Fundamentales de los Ni\u00f1os, Ni\u00f1as y Adolescentes).<\/span><\/p>\n<p><span class=\"text1noticias\"> <\/span><\/p>\n<p><span class=\"text1noticias\">Este C\u00f3digo es un instrumento importante para garantizar que la ni\u00f1ez dominicana disfrute plenamente de sus derechos fundamentales, derechos que deben ser siempre garantizados  por el gobierno, y toda la sociedad, organizaciones y entidades, para que entonces todos unidos \u00abcelebremos junto a ellos\u00bb la merecida haza\u00f1a de ofrecerle sin excepci\u00f3n de color o clase social: Salud, Educaci\u00f3n, Equidad y Protecci\u00f3n, porque entendemos que as\u00ed la humanidad avanza., tal como promete UNICEF en su lema.<\/span><\/p>\n<p><span class=\"text1noticias\"> <\/span><\/p>\n<p><span class=\"text1noticias\"> Reiteramos que debido a  la  gran importancia que tiene el 29 de septiembre en la Rep\u00fablica Dominicana en el sentido de la b\u00fasqueda del  bienestar de la poblaci\u00f3n de menor de 18 a\u00f1os de edad, pedimos que sea declarada Alcald\u00eda Municipal de San Crist\u00f3bal amiga de los Ni\u00f1os, Ni\u00f1as y Adolescentes a los fines de que todos los a\u00f1os  celebremos el \u00abD\u00eda Nacional de los Derechos del Ni\u00f1o\u00bb y prosigamos trabajando y avanzando a favor de los derechos de los NNA.<\/span><\/p>\n<p><span class=\"text1noticias\"> <\/span><\/p>\n<p><span class=\"text1noticias\">Este ser\u00eda un bello espacio para que los menores de edad puedan compartir con las autoridades y personalidades de la comunidad, conocer sus funciones, sus logros y escuchar sus vivencias, a los fines de fortalecer los principios y valores de la s<\/span>ociedad.<\/p>\n<\/p>\n<h6> 2016-09-12 10:34:52 <\/h6>\n<p><!--\n<link rel=\"stylesheet\" href=\"css\/bootstrap.min.css\">\n\n\n<ul class=\"pagination\">\n\t    \n\t\n\n<li >\n\t<a href='?page_no=12062'>Previous<\/a>\n\t<\/li>\n\n\n       \n    \n\n<li><a href='?page_no=1'>1<\/a><\/li>\n\n\n\n<li><a href='?page_no=2'>2<\/a><\/li>\n\n\n\n<li><a>...<\/a><\/li>\n\n\n\n<li><a href='?page_no=12061'>12061<\/a><\/li>\n\n\n\n<li><a href='?page_no=12062'>12062<\/a><\/li>\n\n\n\n<li class='active'><a>12063<\/a><\/li>\n\n\n\n<li><a href='?page_no=12064'>12064<\/a><\/li>\n\n\n\n<li><a href='?page_no=12065'>12065<\/a><\/li>\n\n\n\n<li><a>...<\/a><\/li>\n\n\n\n<li><a href='?page_no=56169'>56169<\/a><\/li>\n\n\n\n<li><a href='?page_no=56170'>56170<\/a><\/li>\n\n    \n\t\n\n<li >\n\t<a href='?page_no=12064'>Next<\/a>\n\t<\/li>\n\n\n    \n\n<li><a href='?page_no=56170'>Last &rsaquo;&rsaquo;<\/a><\/li>\n\n<\/ul>\n\n\n--><br \/>\n<\/body><\/p>\n","protected":false},"excerpt":{"rendered":"<p>San Crist\u00f3bal, R. D., 12 de septiembre.- En ocasi\u00f3n de celebrarse este 29 de septiembre el D\u00eda Nacional de los Ni\u00f1os, Ni\u00f1as y Adolescentes (NNA) la Fundaci\u00f3n Vida en Abundancia propone al alcalde Nelson Guill\u00e9n, a los regidores, educadores, empresarios, religiosos y animadores socio culturales de este municipio a que trabajemos en la sensibilizaci\u00f3n de [&hellip;]<\/p>\n","protected":false},"author":3,"featured_media":0,"comment_status":"open","ping_status":"open","sticky":false,"template":"","format":"standard","meta":{"footnotes":""},"categories":[20],"tags":[],"class_list":["post-217553","post","type-post","status-publish","format-standard","hentry","category-dominicana-hoy"],"_links":{"self":[{"href":"https:\/\/diariodominicano.com\/index.php?rest_route=\/wp\/v2\/posts\/217553","targetHints":{"allow":["GET"]}}],"collection":[{"href":"https:\/\/diariodominicano.com\/index.php?rest_route=\/wp\/v2\/posts"}],"about":[{"href":"https:\/\/diariodominicano.com\/index.php?rest_route=\/wp\/v2\/types\/post"}],"author":[{"embeddable":true,"href":"https:\/\/diariodominicano.com\/index.php?rest_route=\/wp\/v2\/users\/3"}],"replies":[{"embeddable":true,"href":"https:\/\/diariodominicano.com\/index.php?rest_route=%2Fwp%2Fv2%2Fcomments&post=217553"}],"version-history":[{"count":0,"href":"https:\/\/diariodominicano.com\/index.php?rest_route=\/wp\/v2\/posts\/217553\/revisions"}],"wp:attachment":[{"href":"https:\/\/diariodominicano.com\/index.php?rest_route=%2Fwp%2Fv2%2Fmedia&parent=217553"}],"wp:term":[{"taxonomy":"category","embeddable":true,"href":"https:\/\/diariodominicano.com\/index.php?rest_route=%2Fwp%2Fv2%2Fcategories&post=217553"},{"taxonomy":"post_tag","embeddable":true,"href":"https:\/\/diariodominicano.com\/index.php?rest_route=%2Fwp%2Fv2%2Ftags&post=217553"}],"curies":[{"name":"wp","href":"https:\/\/api.w.org\/{rel}","templated":true}]}}