{"id":217551,"date":"2016-09-12T12:01:37","date_gmt":"2016-09-12T12:01:37","guid":{"rendered":"http:\/\/diariodominicano.ddns.net\/?p=217551"},"modified":"2016-09-12T12:01:37","modified_gmt":"2016-09-12T12:01:37","slug":"concluye-jornada-binacional-de-limpieza-del-rio-pedernales","status":"publish","type":"post","link":"https:\/\/diariodominicano.com\/?p=217551","title":{"rendered":"Concluye jornada binacional  de limpieza del r\u00edo Pedernales"},"content":{"rendered":"<p><body><\/p>\n<p><img decoding=\"async\" src=\"img3\/rio 12-9.jpg\" \/>  <\/p>\n<p><span class=\"text1noticias\">Por Alicia M\u00e9ndez Medina<\/span><\/p>\n<p><span class=\"text1noticias\">Pedernales, R. D., 12 de septiembre.- Enmarcada  en la campa\u00f1a binacional, Solidaridad Fronteriza por un medio ambiente y vida sostenible. <\/span><\/p>\n<\/p>\n<p><span class=\"text1noticias\">Esta  tercera jornada  de limpieza del r\u00edo adem\u00e1s del valor ecol\u00f3gico se constituy\u00f3 en un espacio de colaboraci\u00f3n entre dominicanos y haitianos por el medio ambiente.<\/span><\/p>\n<p><span class=\"text1noticias\"> <\/span><\/p>\n<p><span class=\"text1noticias\">\u00abNosotros hemos venido fortaleciendo la concientizaci\u00f3n sobre el medio ambiente, queremos  dejar un mensaje de solidaridad y cuidado  por eso hacemos estas actividades donde los    protagonistas  son los j\u00f3venes de ambos pa\u00edses, manifest\u00f3 Fausto Gomera t\u00e9cnico del proyecto\u00bb.<\/span><\/p>\n<p><span class=\"text1noticias\"> <\/span><\/p>\n<p><span class=\"text1noticias\">Los actores principales de la jornada fueron estudiantes dominicanos  y haitianos quienes han participado  de un proceso continuo de formaci\u00f3n donde se han contemplado talleres sobre el manejo de  residuos s\u00f3lidos adem\u00e1s de espacios donde se debate la tem\u00e1tica medioambiental.<\/span><\/p>\n<p><span class=\"text1noticias\"> <\/span><\/p>\n<p><span class=\"text1noticias\"> Ansa A Pitres y Pedernales son dos comunidades que viven muy cerca agradecemos el apoyo de estas instituciones que siguen aportando al trabajo conjunto entre los dos pa\u00edses, expreso Albert San\u00f3 t\u00e9cnico de MOSTHA.<\/span><\/p>\n<p><span class=\"text1noticias\"> <\/span><\/p>\n<p><span class=\"text1noticias\">En un ambiente de fiesta miembros de la sociedad civil y  estudiantes de las dos naciones, transe\u00fantes adem\u00e1s de vendedores del mercado binacional participaron de la recogida de residuos s\u00f3lidos en todo el cauce del rio.   <\/span><\/p>\n<p><span class=\"text1noticias\"> <\/span><\/p>\n<p><span class=\"text1noticias\">Solidaridad Fronteriza: Por un Medio Ambiente y Vida Sostenible es un proyecto financiado por la uni\u00f3n Europea, Impulsado en la Rep\u00fablica Dominicana por el Instituto de Desarrollo de la Econom\u00eda Asociativa (IDEAC) junto a la Sociedad Ecol\u00f3gica de Pedernales (SOEPE) y el Movimiento Sociocultural para los trabajadores Haitianos (MOSTHA) como contraparte Haitian<\/span>a.<\/p>\n<\/p>\n<h6> 2016-09-12 12:01:37 <\/h6>\n<p><!--\n<link rel=\"stylesheet\" href=\"css\/bootstrap.min.css\">\n\n\n<ul class=\"pagination\">\n\t    \n\t\n\n<li >\n\t<a href='?page_no=12060'>Previous<\/a>\n\t<\/li>\n\n\n       \n    \n\n<li><a href='?page_no=1'>1<\/a><\/li>\n\n\n\n<li><a href='?page_no=2'>2<\/a><\/li>\n\n\n\n<li><a>...<\/a><\/li>\n\n\n\n<li><a href='?page_no=12059'>12059<\/a><\/li>\n\n\n\n<li><a href='?page_no=12060'>12060<\/a><\/li>\n\n\n\n<li class='active'><a>12061<\/a><\/li>\n\n\n\n<li><a href='?page_no=12062'>12062<\/a><\/li>\n\n\n\n<li><a href='?page_no=12063'>12063<\/a><\/li>\n\n\n\n<li><a>...<\/a><\/li>\n\n\n\n<li><a href='?page_no=56169'>56169<\/a><\/li>\n\n\n\n<li><a href='?page_no=56170'>56170<\/a><\/li>\n\n    \n\t\n\n<li >\n\t<a href='?page_no=12062'>Next<\/a>\n\t<\/li>\n\n\n    \n\n<li><a href='?page_no=56170'>Last &rsaquo;&rsaquo;<\/a><\/li>\n\n<\/ul>\n\n\n--><br \/>\n<\/body><\/p>\n","protected":false},"excerpt":{"rendered":"<p>Por Alicia M\u00e9ndez Medina Pedernales, R. D., 12 de septiembre.- Enmarcada en la campa\u00f1a binacional, Solidaridad Fronteriza por un medio ambiente y vida sostenible. Esta tercera jornada de limpieza del r\u00edo adem\u00e1s del valor ecol\u00f3gico se constituy\u00f3 en un espacio de colaboraci\u00f3n entre dominicanos y haitianos por el medio ambiente. \u00abNosotros hemos venido fortaleciendo la [&hellip;]<\/p>\n","protected":false},"author":3,"featured_media":0,"comment_status":"open","ping_status":"open","sticky":false,"template":"","format":"standard","meta":{"footnotes":""},"categories":[20],"tags":[],"class_list":["post-217551","post","type-post","status-publish","format-standard","hentry","category-dominicana-hoy"],"_links":{"self":[{"href":"https:\/\/diariodominicano.com\/index.php?rest_route=\/wp\/v2\/posts\/217551","targetHints":{"allow":["GET"]}}],"collection":[{"href":"https:\/\/diariodominicano.com\/index.php?rest_route=\/wp\/v2\/posts"}],"about":[{"href":"https:\/\/diariodominicano.com\/index.php?rest_route=\/wp\/v2\/types\/post"}],"author":[{"embeddable":true,"href":"https:\/\/diariodominicano.com\/index.php?rest_route=\/wp\/v2\/users\/3"}],"replies":[{"embeddable":true,"href":"https:\/\/diariodominicano.com\/index.php?rest_route=%2Fwp%2Fv2%2Fcomments&post=217551"}],"version-history":[{"count":0,"href":"https:\/\/diariodominicano.com\/index.php?rest_route=\/wp\/v2\/posts\/217551\/revisions"}],"wp:attachment":[{"href":"https:\/\/diariodominicano.com\/index.php?rest_route=%2Fwp%2Fv2%2Fmedia&parent=217551"}],"wp:term":[{"taxonomy":"category","embeddable":true,"href":"https:\/\/diariodominicano.com\/index.php?rest_route=%2Fwp%2Fv2%2Fcategories&post=217551"},{"taxonomy":"post_tag","embeddable":true,"href":"https:\/\/diariodominicano.com\/index.php?rest_route=%2Fwp%2Fv2%2Ftags&post=217551"}],"curies":[{"name":"wp","href":"https:\/\/api.w.org\/{rel}","templated":true}]}}