{"id":217550,"date":"2016-09-12T13:12:50","date_gmt":"2016-09-12T13:12:50","guid":{"rendered":"http:\/\/diariodominicano.ddns.net\/?p=217550"},"modified":"2016-09-12T13:12:50","modified_gmt":"2016-09-12T13:12:50","slug":"realizan-encuentro-en-procura-de-lazos-culturales-dominico-haitiano","status":"publish","type":"post","link":"https:\/\/diariodominicano.com\/?p=217550","title":{"rendered":"Realizan encuentro en procura de lazos culturales dominico-haitiano"},"content":{"rendered":"<p><body><\/p>\n<p><img decoding=\"async\" src=\"img3\/reunion  12-9.jpg\" \/>  <\/p>\n<p><span class=\"text1noticias\">Zona Fronteriza, R. D., 12 de septiembre.- En busca de unir lazos culturales entre los dos pa\u00edses, el Movimiento Enriquillo Joven (MEJ), realiz\u00f3 un encuentro este domingo con l\u00edderes haitianos en \u00abTierra de Nadie\u00bb zona fronteriza dominico-haitiana.<\/span><\/p>\n<p><span class=\"text1noticias\"> <\/span><\/p>\n<p><span class=\"text1noticias\">El objetivo es poder realizar este mes de septiembre, el \u00ab4to evento Enriquillo Cacique de Jaragua\u00bb al junto de los vecinos haitianos, como una forma de integrarlos a esta importante actividad.<\/span><\/p>\n<p><span class=\"text1noticias\"> <\/span><\/p>\n<p><span class=\"text1noticias\">Participaron del pa\u00eds los dirigentes del MEJ, Inidio Cuevas presidente, Wilson D\u00edaz coordinador, los integrantes Ariel Gonzales y Rosa V\u00e1squez, de Hait\u00ed asistieron Lemaine Beniel presidente Juvenil, Tezy Kashina secretaria, Ejermitha Noel bibliotecaria Compasi\u00f3n Internacional en Hait\u00ed, Sime\u00f3n Wilfrant l\u00edder Juvenil, Aucristin Wilner Miembro de la Red dominico-haitiana, Lic. Germ\u00e1n Nova, enlace entre los l\u00edderes.<\/span><\/p>\n<p><span class=\"text1noticias\"> <\/span><\/p>\n<p><span class=\"text1noticias\">\u00abEs una buena idea para vernos en conjunto a nivel cultural, porque vivimos en una misma isla, y poder conocer m\u00e1s del Cacique Enriquillo\u00bb, dijo Ejermitha Noel.<\/span><\/p>\n<p><span class=\"text1noticias\"> <\/span><\/p>\n<p><span class=\"text1noticias\">Cacique Enriquillo de Jaragua comprende las Provincias, Barahona, Bahoruco, Independencia, Pedernales y parte de Hait\u00ed.<\/span><\/p>\n<p><span class=\"text1noticias\"> <\/span><\/p>\n<p><span class=\"text1noticias\">En este evento se realizan actividades culturales, deportivas, charlas, conferencias vida y obra de Enriquillo, festivales de teatro, entre otras.<\/span><\/p>\n<p><span class=\"text1noticias\"> <\/span><\/p>\n<p><span class=\"text1noticias\">La reuni\u00f3n con los l\u00edderes haitianos, fue calificada por el coordinador Wilson D\u00edaz, como significativa para los dos pa\u00edses.<\/span><\/p>\n<p><span class=\"text1noticias\"> <\/span><\/p>\n<p><span class=\"text1noticias\">El 4to evento dedicado esta vez al Bicentenario de Ram\u00f3n Mat\u00edas Mella se realizar\u00e1 del 24 al 27 de este mes; con los haitianos acordaron desarrollar el \u00abprimer encuentro\u00bb el d\u00eda  25, donde realizaran las actividades antes mencio<\/span>nadas.<\/p>\n<h6> 2016-09-12 13:12:50 <\/h6>\n<p><!--\n<link rel=\"stylesheet\" href=\"css\/bootstrap.min.css\">\n\n\n<ul class=\"pagination\">\n\t    \n\t\n\n<li >\n\t<a href='?page_no=12059'>Previous<\/a>\n\t<\/li>\n\n\n       \n    \n\n<li><a href='?page_no=1'>1<\/a><\/li>\n\n\n\n<li><a href='?page_no=2'>2<\/a><\/li>\n\n\n\n<li><a>...<\/a><\/li>\n\n\n\n<li><a href='?page_no=12058'>12058<\/a><\/li>\n\n\n\n<li><a href='?page_no=12059'>12059<\/a><\/li>\n\n\n\n<li class='active'><a>12060<\/a><\/li>\n\n\n\n<li><a href='?page_no=12061'>12061<\/a><\/li>\n\n\n\n<li><a href='?page_no=12062'>12062<\/a><\/li>\n\n\n\n<li><a>...<\/a><\/li>\n\n\n\n<li><a href='?page_no=56169'>56169<\/a><\/li>\n\n\n\n<li><a href='?page_no=56170'>56170<\/a><\/li>\n\n    \n\t\n\n<li >\n\t<a href='?page_no=12061'>Next<\/a>\n\t<\/li>\n\n\n    \n\n<li><a href='?page_no=56170'>Last &rsaquo;&rsaquo;<\/a><\/li>\n\n<\/ul>\n\n\n--><br \/>\n<\/body><\/p>\n","protected":false},"excerpt":{"rendered":"<p>Zona Fronteriza, R. D., 12 de septiembre.- En busca de unir lazos culturales entre los dos pa\u00edses, el Movimiento Enriquillo Joven (MEJ), realiz\u00f3 un encuentro este domingo con l\u00edderes haitianos en \u00abTierra de Nadie\u00bb zona fronteriza dominico-haitiana. El objetivo es poder realizar este mes de septiembre, el \u00ab4to evento Enriquillo Cacique de Jaragua\u00bb al junto [&hellip;]<\/p>\n","protected":false},"author":3,"featured_media":0,"comment_status":"open","ping_status":"open","sticky":false,"template":"","format":"standard","meta":{"footnotes":""},"categories":[20],"tags":[],"class_list":["post-217550","post","type-post","status-publish","format-standard","hentry","category-dominicana-hoy"],"_links":{"self":[{"href":"https:\/\/diariodominicano.com\/index.php?rest_route=\/wp\/v2\/posts\/217550","targetHints":{"allow":["GET"]}}],"collection":[{"href":"https:\/\/diariodominicano.com\/index.php?rest_route=\/wp\/v2\/posts"}],"about":[{"href":"https:\/\/diariodominicano.com\/index.php?rest_route=\/wp\/v2\/types\/post"}],"author":[{"embeddable":true,"href":"https:\/\/diariodominicano.com\/index.php?rest_route=\/wp\/v2\/users\/3"}],"replies":[{"embeddable":true,"href":"https:\/\/diariodominicano.com\/index.php?rest_route=%2Fwp%2Fv2%2Fcomments&post=217550"}],"version-history":[{"count":0,"href":"https:\/\/diariodominicano.com\/index.php?rest_route=\/wp\/v2\/posts\/217550\/revisions"}],"wp:attachment":[{"href":"https:\/\/diariodominicano.com\/index.php?rest_route=%2Fwp%2Fv2%2Fmedia&parent=217550"}],"wp:term":[{"taxonomy":"category","embeddable":true,"href":"https:\/\/diariodominicano.com\/index.php?rest_route=%2Fwp%2Fv2%2Fcategories&post=217550"},{"taxonomy":"post_tag","embeddable":true,"href":"https:\/\/diariodominicano.com\/index.php?rest_route=%2Fwp%2Fv2%2Ftags&post=217550"}],"curies":[{"name":"wp","href":"https:\/\/api.w.org\/{rel}","templated":true}]}}