{"id":217548,"date":"2016-09-12T13:40:05","date_gmt":"2016-09-12T13:40:05","guid":{"rendered":"http:\/\/diariodominicano.ddns.net\/?p=217548"},"modified":"2016-09-12T13:40:05","modified_gmt":"2016-09-12T13:40:05","slug":"muere-jacinto-de-camps-caceres-a-la-edad-de-83-anos","status":"publish","type":"post","link":"https:\/\/diariodominicano.com\/?p=217548","title":{"rendered":"Muere Jacinto De Camps C\u00e1ceres a la edad de 83 a\u00f1os"},"content":{"rendered":"<p><body><\/p>\n<p><img decoding=\"async\" src=\"img3\/jacintoDeCamps12-9.jpg\" \/>  <\/p>\n<p><span class=\"text1noticias\">Santo Domingo, R. D., 12 de septiembre.- Falleci\u00f3 a la edad de 83 a\u00f1os, Jacinto Ram\u00f3n De Camps C\u00e1ceres, hijo de Ofelia C\u00e1ceres, quien fuera una destacada dirigente del Partido Revolucionario Dominicano (PRD) y sub administradora de la Loter\u00eda Nacional en el gobierno del Presidente Antonio  Guzm\u00e1n.<\/span><\/p>\n<\/p>\n<p><span class=\"text1noticias\">Jacinto Ram\u00f3n, es hermano del m\u00e9dico endocrin\u00f3logo y genetista, V\u00edctor De Camps C\u00e1ceres, quien labora en el Centro M\u00e9dico UCE.  Adem\u00e1s, es primo del reci\u00e9n fenecido pol\u00edtico, Hatuey De Camps Jim\u00e9nez.<\/span><\/p>\n<\/p>\n<p><span class=\"text1noticias\">Sus retos son velados en  la Capilla La Paz de la avenida Abraham Lincoln y ser\u00e1n sepultados este martes a las 10:30 a.m. en el cementerio Cristo Redentor.<\/span><\/p>\n<\/p>\n<p><span class=\"text1noticias\">A Don Siso como le dec\u00edan en su entorno familiar, le sobreviven sus hijos Jos\u00e9 Javier,  Herminia y Karina De Camps Yarull y su esposa Olga Candelario. <\/span> <\/p>\n<h6> 2016-09-12 13:40:05 <\/h6>\n<p><!--\n<link rel=\"stylesheet\" href=\"css\/bootstrap.min.css\">\n\n\n<ul class=\"pagination\">\n\t    \n\t\n\n<li >\n\t<a href='?page_no=12058'>Previous<\/a>\n\t<\/li>\n\n\n       \n    \n\n<li><a href='?page_no=1'>1<\/a><\/li>\n\n\n\n<li><a href='?page_no=2'>2<\/a><\/li>\n\n\n\n<li><a>...<\/a><\/li>\n\n\n\n<li><a href='?page_no=12057'>12057<\/a><\/li>\n\n\n\n<li><a href='?page_no=12058'>12058<\/a><\/li>\n\n\n\n<li class='active'><a>12059<\/a><\/li>\n\n\n\n<li><a href='?page_no=12060'>12060<\/a><\/li>\n\n\n\n<li><a href='?page_no=12061'>12061<\/a><\/li>\n\n\n\n<li><a>...<\/a><\/li>\n\n\n\n<li><a href='?page_no=56169'>56169<\/a><\/li>\n\n\n\n<li><a href='?page_no=56170'>56170<\/a><\/li>\n\n    \n\t\n\n<li >\n\t<a href='?page_no=12060'>Next<\/a>\n\t<\/li>\n\n\n    \n\n<li><a href='?page_no=56170'>Last &rsaquo;&rsaquo;<\/a><\/li>\n\n<\/ul>\n\n\n--><br \/>\n<\/body><\/p>\n","protected":false},"excerpt":{"rendered":"<p>Santo Domingo, R. D., 12 de septiembre.- Falleci\u00f3 a la edad de 83 a\u00f1os, Jacinto Ram\u00f3n De Camps C\u00e1ceres, hijo de Ofelia C\u00e1ceres, quien fuera una destacada dirigente del Partido Revolucionario Dominicano (PRD) y sub administradora de la Loter\u00eda Nacional en el gobierno del Presidente Antonio Guzm\u00e1n. Jacinto Ram\u00f3n, es hermano del m\u00e9dico endocrin\u00f3logo y [&hellip;]<\/p>\n","protected":false},"author":3,"featured_media":0,"comment_status":"open","ping_status":"open","sticky":false,"template":"","format":"standard","meta":{"footnotes":""},"categories":[20],"tags":[],"class_list":["post-217548","post","type-post","status-publish","format-standard","hentry","category-dominicana-hoy"],"_links":{"self":[{"href":"https:\/\/diariodominicano.com\/index.php?rest_route=\/wp\/v2\/posts\/217548","targetHints":{"allow":["GET"]}}],"collection":[{"href":"https:\/\/diariodominicano.com\/index.php?rest_route=\/wp\/v2\/posts"}],"about":[{"href":"https:\/\/diariodominicano.com\/index.php?rest_route=\/wp\/v2\/types\/post"}],"author":[{"embeddable":true,"href":"https:\/\/diariodominicano.com\/index.php?rest_route=\/wp\/v2\/users\/3"}],"replies":[{"embeddable":true,"href":"https:\/\/diariodominicano.com\/index.php?rest_route=%2Fwp%2Fv2%2Fcomments&post=217548"}],"version-history":[{"count":0,"href":"https:\/\/diariodominicano.com\/index.php?rest_route=\/wp\/v2\/posts\/217548\/revisions"}],"wp:attachment":[{"href":"https:\/\/diariodominicano.com\/index.php?rest_route=%2Fwp%2Fv2%2Fmedia&parent=217548"}],"wp:term":[{"taxonomy":"category","embeddable":true,"href":"https:\/\/diariodominicano.com\/index.php?rest_route=%2Fwp%2Fv2%2Fcategories&post=217548"},{"taxonomy":"post_tag","embeddable":true,"href":"https:\/\/diariodominicano.com\/index.php?rest_route=%2Fwp%2Fv2%2Ftags&post=217548"}],"curies":[{"name":"wp","href":"https:\/\/api.w.org\/{rel}","templated":true}]}}