{"id":217547,"date":"2016-09-12T15:34:58","date_gmt":"2016-09-12T15:34:58","guid":{"rendered":"http:\/\/diariodominicano.ddns.net\/?p=217547"},"modified":"2016-09-12T15:34:58","modified_gmt":"2016-09-12T15:34:58","slug":"indotel-y-ceabad-debatiran-sobre-ciberseguridad-proteccion-a-infraestructura-critica","status":"publish","type":"post","link":"https:\/\/diariodominicano.com\/?p=217547","title":{"rendered":"&#13;Indotel y CEABAD debatir\u00e1n sobre ciberseguridad, protecci\u00f3n a infraestructura cr\u00edtica"},"content":{"rendered":"<p><body><\/p>\n<\/p>\n<p><span class=\"text1noticias\"> <\/span><\/p>\n<p><span class=\"text1noticias\"><strong> <\/strong><\/span><\/p>\n<p><span class=\"text1noticias\"><strong> <\/strong><\/span><\/p>\n<p><span class=\"text1noticias\"><strong> <\/strong><\/span><\/p>\n<p><span class=\"text1noticias\"><strong>Santo Domingo, RD, 12 de septiembre .<\/strong> La ciberseguridad en Rep\u00fablica Dominicana y en los pa\u00edses de la regi\u00f3n, la protecci\u00f3n de la infraestructura cr\u00edtica de telecomunicaciones y las respuestas a los ataques cibern\u00e9ticos, as\u00ed como las regulaciones Over The Top (OTT), se analizar\u00e1n en dos talleres que se realizar\u00e1n a partir de este martes 13 en esta capital.<\/span><\/p>\n<p><span class=\"text1noticias\"> <\/span><\/p>\n<p><span class=\"text1noticias\"> Las actividades, organizadas por el Centro de Estudios Avanzados en Banda Ancha para el Desarrollo (CEABAD) y el Instituto Dominicano de las Telecomunicaciones (Indotel) se celebrar\u00e1n del 13 y 16 de este mes, en el sal\u00f3n F\u00e9nix, del hotel Crowne Plaza de Santo Domingo,<\/span><\/p>\n<p><span class=\"text1noticias\"> <\/span><\/p>\n<p><span class=\"text1noticias\">El taller sobre servicios OTT (Over the Top) y desaf\u00edos regulatorios, a cargo del experto Oscar Gonz\u00e1les, se celebrar\u00e1 los d\u00edas  martes 13 y  mi\u00e9rcoles 14. En tanto, el de Protecci\u00f3n de la infraestructura cr\u00edtica, con el doctor Pablo Garc\u00eda Gonz\u00e1lez como instructor, tendr\u00e1 lugar los d\u00edas 15 y 16 de este mes.<\/span><\/p>\n<p><span class=\"text1noticias\"> <\/span><\/p>\n<p><span class=\"text1noticias\">El experto Sungnam Choi, coordinador del programa de Centro de Banda Ancha (CEABAD), tendr\u00e1 una participaci\u00f3n activa en los dos talleres, los cuales  culminar\u00e1n con una discusi\u00f3n sobre distintos aspectos de la ciberseguridad en la regi\u00f3n y en el pa\u00eds.<\/span><\/p>\n<p><span class=\"text1noticias\"> <\/span><\/p>\n<p><span class=\"text1noticias\">En el primer taller se discutir\u00e1 sobre servicios OTT (Over the Top) y desaf\u00edos regulatorios, a realizarse los d\u00edas 13 y 14 de septiembre, a cargo de Oscar Gonz\u00e1lez. En tanto, el tema de la protecci\u00f3n de la infraestructura cr\u00edtica se realizar\u00e1 en el segundo taller los d\u00edas jueves 15 y viernes 16 de septiembre. Tendr\u00e1 como instructor  al especialista Pablo Garc\u00eda Molina.<\/span><\/p>\n<p><span class=\"text1noticias\"> <\/span><\/p>\n<p><span class=\"text1noticias\">Los participantes debatir\u00e1n temas sobre la OTT y sus multifac\u00e9ticos impactos, las cuestiones a dilucidar acerca de las promesas de los negocios OTT y los factores que empujan el mercado hacia estos servicios.<\/span><\/p>\n<p><span class=\"text1noticias\"> <\/span><\/p>\n<p><span class=\"text1noticias\">Tambi\u00e9n se conocer\u00e1n los modelos de negocio de los OTT y las implicaciones para las compa\u00f1\u00edas tradicionales, los Impactos en los consumidores, la regulaci\u00f3n, la competencia, en las redes y la econom\u00eda nacional, as\u00ed como temas sobre el Impacto de las regulaciones OTT versus los operadores y\/o concesionarios.<\/span><\/p>\n<p><span class=\"text1noticias\"> <\/span><\/p>\n<p><span class=\"text1noticias\">Se abordar\u00e1n adem\u00e1s temas sobre aspectos regulatorios de OTT, como son los principales tipos de OTT, generaci\u00f3n de ingresos y su r\u00e9gimen tarifario, mercado en competencia, fortalezas y debilidades de las OTTs y los Telecom Network Operator (TNOs), as\u00ed como los antecedentes de las regulaciones OTT a nivel mundial y la regulaci\u00f3n de OTT versus innovaci\u00f3n.<\/span><\/p>\n<p><span class=\"text1noticias\"> <\/span><\/p>\n<p><span class=\"text1noticias\">En tanto, el jueves 15 especialistas nacionales y extranjeros participar\u00e1n en el taller de Protecci\u00f3n de Infraestructura Cr\u00edtica, en el cual debatir\u00e1n acerca de la protecci\u00f3n de infraestructura cr\u00edtica (CIP), los ataques cibern\u00e9ticos y las respuestas a esas ofensivas.<\/span><\/p>\n<p><span class=\"text1noticias\"> <\/span><\/p>\n<p><span class=\"text1noticias\">Asimismo, se conocer\u00e1n las directrices internacionales, m\u00e9todos y procesos de respuesta y las buenas pr\u00e1cticas en Estados Unidos y la Rep\u00fablica de Corea, as\u00ed como los tipos y tendencias de ataques cibern\u00e9ticos (Phishing, Pharming).<\/span><\/p>\n<p><span class=\"text1noticias\"> <\/span><\/p>\n<p><span class=\"text1noticias\">Los expertos debatir\u00e1n igualmente sobre los ataques cibern\u00e9ticos y las respuestas a los mismos, los procedimientos de respuesta y el proceso nacional de Manejo de Amenazas Cibern\u00e9ticas, la formaci\u00f3n de un equipo de respuesta ante las emergencias inform\u00e1ticas (CERT) y la cooperaci\u00f3n internacional para respuesta a incidentes de seguridad.<\/span><\/p>\n<p><span class=\"text1noticias\"> <\/span><\/p>\n<p><span class=\"text1noticias\">El viernes 16 de septiembre el taller se estar\u00e1 llevando a cabo de 8:00 am a 4:30 de la tarde y debatir\u00e1 acerca del sistema de manejo de seguridad de informaci\u00f3n (ISMS), protecci\u00f3n de la aplicaci\u00f3n de gobierno electr\u00f3nico (e-Gobierno), significado de la aplicaci\u00f3n e-gobierno y las buenas pr\u00e1cticas para una e-gobierno segura.<\/span><\/p>\n<p><span class=\"text1noticias\"> <\/span><\/p>\n<p><span class=\"text1noticias\">\u00bfQu\u00e9 es el CEABAD?<\/span><\/p>\n<\/p>\n<p><span class=\"text1noticias\">El CEABAD, instituci\u00f3n de capacitaci\u00f3n regional en materias de Banda Ancha, fue fundado por el Banco Interamericano de Desarrollo (BID), el Gobierno de Corea y TELCOR (Ente Regulador de Nicaragua), para desarrollar estos talleres regionales a petici\u00f3n de los pa\u00edses beneficiarios, los que se convierten en una de las herramientas m\u00e1s efectivas en el doble objetivo de la capacitaci\u00f3n y promoci\u00f3n de la Banda Ancha como motor del desarrollo socioecon\u00f3mico.<\/span><\/p>\n<h6> 2016-09-12 15:34:58 <\/h6>\n<p><!--\n<link rel=\"stylesheet\" href=\"css\/bootstrap.min.css\">\n\n\n<ul class=\"pagination\">\n\t    \n\t\n\n<li >\n\t<a href='?page_no=12057'>Previous<\/a>\n\t<\/li>\n\n\n       \n    \n\n<li><a href='?page_no=1'>1<\/a><\/li>\n\n\n\n<li><a href='?page_no=2'>2<\/a><\/li>\n\n\n\n<li><a>...<\/a><\/li>\n\n\n\n<li><a href='?page_no=12056'>12056<\/a><\/li>\n\n\n\n<li><a href='?page_no=12057'>12057<\/a><\/li>\n\n\n\n<li class='active'><a>12058<\/a><\/li>\n\n\n\n<li><a href='?page_no=12059'>12059<\/a><\/li>\n\n\n\n<li><a href='?page_no=12060'>12060<\/a><\/li>\n\n\n\n<li><a>...<\/a><\/li>\n\n\n\n<li><a href='?page_no=56169'>56169<\/a><\/li>\n\n\n\n<li><a href='?page_no=56170'>56170<\/a><\/li>\n\n    \n\t\n\n<li >\n\t<a href='?page_no=12059'>Next<\/a>\n\t<\/li>\n\n\n    \n\n<li><a href='?page_no=56170'>Last &rsaquo;&rsaquo;<\/a><\/li>\n\n<\/ul>\n\n\n--><br \/>\n<\/body><\/p>\n","protected":false},"excerpt":{"rendered":"<p>Santo Domingo, RD, 12 de septiembre . La ciberseguridad en Rep\u00fablica Dominicana y en los pa\u00edses de la regi\u00f3n, la protecci\u00f3n de la infraestructura cr\u00edtica de telecomunicaciones y las respuestas a los ataques cibern\u00e9ticos, as\u00ed como las regulaciones Over The Top (OTT), se analizar\u00e1n en dos talleres que se realizar\u00e1n a partir de este martes [&hellip;]<\/p>\n","protected":false},"author":3,"featured_media":0,"comment_status":"open","ping_status":"open","sticky":false,"template":"","format":"standard","meta":{"footnotes":""},"categories":[20],"tags":[],"class_list":["post-217547","post","type-post","status-publish","format-standard","hentry","category-dominicana-hoy"],"_links":{"self":[{"href":"https:\/\/diariodominicano.com\/index.php?rest_route=\/wp\/v2\/posts\/217547","targetHints":{"allow":["GET"]}}],"collection":[{"href":"https:\/\/diariodominicano.com\/index.php?rest_route=\/wp\/v2\/posts"}],"about":[{"href":"https:\/\/diariodominicano.com\/index.php?rest_route=\/wp\/v2\/types\/post"}],"author":[{"embeddable":true,"href":"https:\/\/diariodominicano.com\/index.php?rest_route=\/wp\/v2\/users\/3"}],"replies":[{"embeddable":true,"href":"https:\/\/diariodominicano.com\/index.php?rest_route=%2Fwp%2Fv2%2Fcomments&post=217547"}],"version-history":[{"count":0,"href":"https:\/\/diariodominicano.com\/index.php?rest_route=\/wp\/v2\/posts\/217547\/revisions"}],"wp:attachment":[{"href":"https:\/\/diariodominicano.com\/index.php?rest_route=%2Fwp%2Fv2%2Fmedia&parent=217547"}],"wp:term":[{"taxonomy":"category","embeddable":true,"href":"https:\/\/diariodominicano.com\/index.php?rest_route=%2Fwp%2Fv2%2Fcategories&post=217547"},{"taxonomy":"post_tag","embeddable":true,"href":"https:\/\/diariodominicano.com\/index.php?rest_route=%2Fwp%2Fv2%2Ftags&post=217547"}],"curies":[{"name":"wp","href":"https:\/\/api.w.org\/{rel}","templated":true}]}}