{"id":217543,"date":"2016-09-13T11:45:05","date_gmt":"2016-09-13T11:45:05","guid":{"rendered":"http:\/\/diariodominicano.ddns.net\/?p=217543"},"modified":"2016-09-13T11:45:05","modified_gmt":"2016-09-13T11:45:05","slug":"gobierno-fortalece-atencion-integral-primera-infancia","status":"publish","type":"post","link":"https:\/\/diariodominicano.com\/?p=217543","title":{"rendered":"Gobierno fortalece atenci\u00f3n integral primera infancia"},"content":{"rendered":"<p><body><\/p>\n<p><img decoding=\"async\" src=\"img3\/vicepresidencia 13-9.jpg\" \/>  <\/p>\n<p><span class=\"text1noticias\">Santo Domingo, R. D., 13 de septiembre.- El Gobierno contin\u00faa fortaleciendo la atenci\u00f3n integral que ofrece a ni\u00f1os y ni\u00f1as de cero a cinco a\u00f1os, esta vez mediante la firma de un acuerdo que permitir\u00e1 brindar servicios de cuidado, registro de identidad, salud y la identificaci\u00f3n geogr\u00e1fica de los hogares vulnerables en 33 territorios a nivel nacional para incluirlos en los programas de protecci\u00f3n social.    <\/span><\/p>\n<p><span class=\"text1noticias\"> <\/span><\/p>\n<p><span class=\"text1noticias\">La Vicepresidencia de la Rep\u00fablica, el Instituto Nacional de Atenci\u00f3n Integral a la Primera Infancia (Inaipi); el Sistema \u00danico de Beneficiarios (Siuben); y los Centros Tecnol\u00f3gicos Comunitarios (CTC), firmaron un acuerdo para conformar la base de datos del Padr\u00f3n de Hogares Elegibles que ser\u00e1 utilizado para la selecci\u00f3n de los potenciales beneficiarios (ni\u00f1os, ni\u00f1as y sus familias) de los servicios de atenci\u00f3n integral.<\/span><\/p>\n<p><span class=\"text1noticias\"> <\/span><\/p>\n<p><span class=\"text1noticias\">Rubricaron el pacto la vicepresidenta de la Rep\u00fablica y coordinadora del Gabinete de Pol\u00edticas Sociales, Margarita Cede\u00f1o, el licenciado Lidio Cadet, director general de Programas Especiales de la Presidencia (Digepep); la directora del Siuben, Matilde Ch\u00e1vez; la directora del Inaipi, Alexandra Santelises; y el director de los CTC, Claudio Do\u00f1\u00e9.<\/span><\/p>\n<p><span class=\"text1noticias\"> <\/span><\/p>\n<p><span class=\"text1noticias\">\u00abEstamos sellando una gran alianza que contribuye a hacer realidad esa misi\u00f3n del Gobierno del presidente Danilo Medina, de poner a las personas en el centro de las pol\u00edticas p\u00fablicas. De eso se trata, y hacer m\u00e1s eficientes los escasos recursos con los que contamos, y en la medida en que trabajemos juntos vamos a hacer m\u00e1s\u00bb, indic\u00f3 Margarita Cede\u00f1o.<\/span><\/p>\n<p><span class=\"text1noticias\"> <\/span><\/p>\n<p><span class=\"text1noticias\">La Vicemandataria agradeci\u00f3 al Inaipi la alianza para la inclusi\u00f3n de la ni\u00f1ez, al tiempo que destac\u00f3 que contribuye al combate a la pobreza, marginalidad y vulnerabilidad en el pa\u00eds.<\/span><\/p>\n<p><span class=\"text1noticias\"> <\/span><\/p>\n<p><span class=\"text1noticias\">De su lado, la directora del Inaipi enfatiz\u00f3 que el convenio representa un paso de avance para la institucionalidad y el fortalecimiento de las relaciones entre entidades gubernamentales.<\/span><\/p>\n<p><span class=\"text1noticias\"> <\/span><\/p>\n<p><span class=\"text1noticias\">\u00abAunar esfuerzos en este proyecto solidifica el trabajo que realizamos desde el Inaipi y asegura una mayor calidad y transparencia en la selecci\u00f3n de los ni\u00f1os, las ni\u00f1as y sus familias\u00bb, indic\u00f3 Santelises.<\/span><\/p>\n<p><span class=\"text1noticias\"> <\/span><\/p>\n<p><span class=\"text1noticias\">Puntos del acuerdo<\/span><\/p>\n<p><span class=\"text1noticias\">El primer proyecto del acuerdo contempla identificar a los ni\u00f1os, ni\u00f1as y sus familias que pertenecer\u00e1n a los programas gestionados por Inaipi, que son los Centros de Atenci\u00f3n Integral a la Primera Infancia (CAIPI) y los Centros de Atenci\u00f3n a la Infancia y la Familia (CAFI). El proceso de levantamiento implica una inversi\u00f3n de siete millones de pesos que ser\u00e1n otorgados por el Inaipi.<\/span><\/p>\n<p><span class=\"text1noticias\"> <\/span><\/p>\n<p><span class=\"text1noticias\">Luego del levantamiento se pretende dotar a las familias no afiliadas al Seguro Nacional de Salud (Senasa); e incluirlas a los programas de trasferencia condicionada que maneja Progresando con Solidaridad, de la Vicepresidencia de la Rep\u00fablica. <\/span><\/p>\n<p><span class=\"text1noticias\"> <\/span><\/p>\n<p><span class=\"text1noticias\">Acordaron, adem\u00e1s, poner en marcha un proceso de detecci\u00f3n conjunta de las necesidades de formaci\u00f3n y elaboraci\u00f3n de los programas de capacitaci\u00f3n para las facilitadoras de Espacios de Esperanza (EPES), que son estancias infantiles que operan en los CTC.<\/span><\/p>\n<p><span class=\"text1noticias\"> <\/span><\/p>\n<p><span class=\"text1noticias\">Por otra parte, el Inaipi recibir\u00e1 asistencia t\u00e9cnica del Gabinete de Coordinaci\u00f3n de Pol\u00edticas Sociales a trav\u00e9s Siuben para el levantamiento, procesamiento y suministro de informaci\u00f3n sobre las familias beneficiarias en los territorios priorizados por la Pol\u00edtica de Atenci\u00f3n Integral a la Primera Infancia.<\/span><\/p>\n<p><span class=\"text1noticias\"> <\/span><\/p>\n<p><span class=\"text1noticias\">En tanto, los CTC se vincular\u00e1n a las redes de servicio en los nueve territorios priorizados por el levantamiento con sus EPES aportando a las familias y colaboradores del Inaipi sus capacidades t\u00e9cnicas y el acceso a tecnolog\u00eda.<\/span><\/p>\n<p><span class=\"text1noticias\"> <\/span><\/p>\n<p><span class=\"text1noticias\">Adem\u00e1s, formar\u00e1n a sus facilitadoras para que ofrezcan seguimiento a la c\u00e9dula de salud de los ni\u00f1os y ni\u00f1as; identificar a los que no poseen actas de nacimiento y acompa\u00f1ar a sus familias en el proceso de identificaci\u00f3n; e incluir a los hogares en los programas de desarrollo tecnol\u00f3gico ofrecidos por los CTC, entre otros puntos.<\/span><\/p>\n<p><span class=\"text1noticias\"> <\/span><\/p>\n<p><span class=\"text1noticias\">Mediante la r\u00fabrica, se busca fortalecer los lazos de cooperaci\u00f3n con miras a alcanzar los objetivos establecidos en la Estrategia Nacional de Desarrollo (END) 2030 para la promoci\u00f3n de la Atenci\u00f3n Integral en la Primera Infancia; as\u00ed como articular iniciativas orientadas a la mejora en la gesti\u00f3n de la prestaci\u00f3n de servicios a ni\u00f1os y ni\u00f1as de cero a cinco a\u00f1os.<\/span><\/p>\n<p><span class=\"text1noticias\"> <\/span><\/p>\n<h6> 2016-09-13 11:45:05 <\/h6>\n<p><!--\n<link rel=\"stylesheet\" href=\"css\/bootstrap.min.css\">\n\n\n<ul class=\"pagination\">\n\t    \n\t\n\n<li >\n\t<a href='?page_no=12053'>Previous<\/a>\n\t<\/li>\n\n\n       \n    \n\n<li><a href='?page_no=1'>1<\/a><\/li>\n\n\n\n<li><a href='?page_no=2'>2<\/a><\/li>\n\n\n\n<li><a>...<\/a><\/li>\n\n\n\n<li><a href='?page_no=12052'>12052<\/a><\/li>\n\n\n\n<li><a href='?page_no=12053'>12053<\/a><\/li>\n\n\n\n<li class='active'><a>12054<\/a><\/li>\n\n\n\n<li><a href='?page_no=12055'>12055<\/a><\/li>\n\n\n\n<li><a href='?page_no=12056'>12056<\/a><\/li>\n\n\n\n<li><a>...<\/a><\/li>\n\n\n\n<li><a href='?page_no=56169'>56169<\/a><\/li>\n\n\n\n<li><a href='?page_no=56170'>56170<\/a><\/li>\n\n    \n\t\n\n<li >\n\t<a href='?page_no=12055'>Next<\/a>\n\t<\/li>\n\n\n    \n\n<li><a href='?page_no=56170'>Last &rsaquo;&rsaquo;<\/a><\/li>\n\n<\/ul>\n\n\n--><br \/>\n<\/body><\/p>\n","protected":false},"excerpt":{"rendered":"<p>Santo Domingo, R. D., 13 de septiembre.- El Gobierno contin\u00faa fortaleciendo la atenci\u00f3n integral que ofrece a ni\u00f1os y ni\u00f1as de cero a cinco a\u00f1os, esta vez mediante la firma de un acuerdo que permitir\u00e1 brindar servicios de cuidado, registro de identidad, salud y la identificaci\u00f3n geogr\u00e1fica de los hogares vulnerables en 33 territorios a [&hellip;]<\/p>\n","protected":false},"author":3,"featured_media":0,"comment_status":"open","ping_status":"open","sticky":false,"template":"","format":"standard","meta":{"footnotes":""},"categories":[20],"tags":[],"class_list":["post-217543","post","type-post","status-publish","format-standard","hentry","category-dominicana-hoy"],"_links":{"self":[{"href":"https:\/\/diariodominicano.com\/index.php?rest_route=\/wp\/v2\/posts\/217543","targetHints":{"allow":["GET"]}}],"collection":[{"href":"https:\/\/diariodominicano.com\/index.php?rest_route=\/wp\/v2\/posts"}],"about":[{"href":"https:\/\/diariodominicano.com\/index.php?rest_route=\/wp\/v2\/types\/post"}],"author":[{"embeddable":true,"href":"https:\/\/diariodominicano.com\/index.php?rest_route=\/wp\/v2\/users\/3"}],"replies":[{"embeddable":true,"href":"https:\/\/diariodominicano.com\/index.php?rest_route=%2Fwp%2Fv2%2Fcomments&post=217543"}],"version-history":[{"count":0,"href":"https:\/\/diariodominicano.com\/index.php?rest_route=\/wp\/v2\/posts\/217543\/revisions"}],"wp:attachment":[{"href":"https:\/\/diariodominicano.com\/index.php?rest_route=%2Fwp%2Fv2%2Fmedia&parent=217543"}],"wp:term":[{"taxonomy":"category","embeddable":true,"href":"https:\/\/diariodominicano.com\/index.php?rest_route=%2Fwp%2Fv2%2Fcategories&post=217543"},{"taxonomy":"post_tag","embeddable":true,"href":"https:\/\/diariodominicano.com\/index.php?rest_route=%2Fwp%2Fv2%2Ftags&post=217543"}],"curies":[{"name":"wp","href":"https:\/\/api.w.org\/{rel}","templated":true}]}}