{"id":217542,"date":"2016-09-13T11:53:50","date_gmt":"2016-09-13T11:53:50","guid":{"rendered":"http:\/\/diariodominicano.ddns.net\/?p=217542"},"modified":"2016-09-13T11:53:50","modified_gmt":"2016-09-13T11:53:50","slug":"embajador-antonio-vargas-resalta-potencial-region-del-caribe","status":"publish","type":"post","link":"https:\/\/diariodominicano.com\/?p=217542","title":{"rendered":"Embajador Antonio Vargas resalta potencial regi\u00f3n del Caribe"},"content":{"rendered":"<p><body><\/p>\n<p><img decoding=\"async\" src=\"img3\/antonio vargas 13-9.jpg\" \/>  <\/p>\n<p><span class=\"text1noticias\">Santo Domingo, R. D., 13 de septiembre.- El embajador Antonio Vargas Hern\u00e1ndez, ordenador nacional de los Fondos Europeos para el Desarrollo y director general de Cooperaci\u00f3n Multilateral, ponder\u00f3 el gran potencial de la regi\u00f3n del Caribe, en lo referente a elevar la calidad de la oferta de servicios culturales, de turismo, y en otras \u00e1reas profesionales.<\/span><\/p>\n<p><span class=\"text1noticias\"> <\/span><\/p>\n<p><span class=\"text1noticias\">El funcionario, extern\u00f3 esa consideraci\u00f3n al hablar en el acto de apertura de las \u00abConsultas nacionales de los sectores de cultura y entretenimiento, salud y bienestar y servicios profesionales\u00bb, que durante hoy y ma\u00f1ana se celebra en el hotel Sheraton, donde tambi\u00e9n abog\u00f3 por el permanente incremento en el intercambio comercial.<\/span><\/p>\n<p><span class=\"text1noticias\"> <\/span><\/p>\n<p><span class=\"text1noticias\">\u00abEs importante que el intercambio comercial se incremente, no solo desde la regi\u00f3n hacia nuestros socios de la Uni\u00f3n Europea, sino tambi\u00e9n Intra-CARIFORUM, este es uno de los objetivos del EPA, ya que contribuye a la integraci\u00f3n regional\u00bb, se\u00f1al\u00f3.<\/span><\/p>\n<p><span class=\"text1noticias\"> <\/span><\/p>\n<p><span class=\"text1noticias\">La actividad se lleva a cabo en el marco del Proyecto de Servicios, el cual es parte del Programa de Apoyo a la Implementaci\u00f3n del Acuerdo de Asociaci\u00f3n Econ\u00f3mica ? EPA-, ejecutado por la Agencia Caribbean Export, y con los socios estrat\u00e9gicos de la Direcci\u00f3n de Comercio Exterior (DICOEX)  y la Secretaria de CARICOM.<\/span><\/p>\n<p><span class=\"text1noticias\"> <\/span><\/p>\n<p><span class=\"text1noticias\">Vargas Hern\u00e1ndez, dijo que para aprovechar las oportunidades que ofrece el EPA, es preciso que la regi\u00f3n est\u00e9 preparada, raz\u00f3n por la que resalt\u00f3 la importancia  del proceso de consultas, cuya finalidad es dise\u00f1ar un Plan Estrat\u00e9gico Regional para los pa\u00edses que componen el CARIFORUM, as\u00ed como un plan de acci\u00f3n para su implementaci\u00f3n.<\/span><\/p>\n<p><span class=\"text1noticias\"> <\/span><\/p>\n<p><span class=\"text1noticias\">Garantiz\u00f3 que desde la entidad que dirige, y siguiendo los lineamientos del presidente Danilo Medina S\u00e1nchez, continuar\u00e1 apoyando toda iniciativa que contribuya a fomentar el intercambio comercial y a beneficiar al sector privado.<\/span><\/p>\n<p><span class=\"text1noticias\"> <\/span><\/p>\n<p><span class=\"text1noticias\">La mesa principal, estuvo compuesta adem\u00e1s, por Timothy Odle, director adjunto de Gesti\u00f3n de Proyectos, Secretar\u00eda del CARICOM, y Escipi\u00f3n Oliveira, director ejecutivo adjunto de Caribbean Export, as\u00ed como representantes del Director  de Comercio Exterior (DICOEX), C\u00e9sar Dargan  y del Embajador Alberto Navarro, Jefe de la Delegaci\u00f3n de la Uni\u00f3n Europea en el p<\/span>a\u00eds.<\/p>\n<h6> 2016-09-13 11:53:50 <\/h6>\n<p><!--\n<link rel=\"stylesheet\" href=\"css\/bootstrap.min.css\">\n\n\n<ul class=\"pagination\">\n\t    \n\t\n\n<li >\n\t<a href='?page_no=12052'>Previous<\/a>\n\t<\/li>\n\n\n       \n    \n\n<li><a href='?page_no=1'>1<\/a><\/li>\n\n\n\n<li><a href='?page_no=2'>2<\/a><\/li>\n\n\n\n<li><a>...<\/a><\/li>\n\n\n\n<li><a href='?page_no=12051'>12051<\/a><\/li>\n\n\n\n<li><a href='?page_no=12052'>12052<\/a><\/li>\n\n\n\n<li class='active'><a>12053<\/a><\/li>\n\n\n\n<li><a href='?page_no=12054'>12054<\/a><\/li>\n\n\n\n<li><a href='?page_no=12055'>12055<\/a><\/li>\n\n\n\n<li><a>...<\/a><\/li>\n\n\n\n<li><a href='?page_no=56169'>56169<\/a><\/li>\n\n\n\n<li><a href='?page_no=56170'>56170<\/a><\/li>\n\n    \n\t\n\n<li >\n\t<a href='?page_no=12054'>Next<\/a>\n\t<\/li>\n\n\n    \n\n<li><a href='?page_no=56170'>Last &rsaquo;&rsaquo;<\/a><\/li>\n\n<\/ul>\n\n\n--><br \/>\n<\/body><\/p>\n","protected":false},"excerpt":{"rendered":"<p>Santo Domingo, R. D., 13 de septiembre.- El embajador Antonio Vargas Hern\u00e1ndez, ordenador nacional de los Fondos Europeos para el Desarrollo y director general de Cooperaci\u00f3n Multilateral, ponder\u00f3 el gran potencial de la regi\u00f3n del Caribe, en lo referente a elevar la calidad de la oferta de servicios culturales, de turismo, y en otras \u00e1reas [&hellip;]<\/p>\n","protected":false},"author":3,"featured_media":0,"comment_status":"open","ping_status":"open","sticky":false,"template":"","format":"standard","meta":{"footnotes":""},"categories":[20],"tags":[],"class_list":["post-217542","post","type-post","status-publish","format-standard","hentry","category-dominicana-hoy"],"_links":{"self":[{"href":"https:\/\/diariodominicano.com\/index.php?rest_route=\/wp\/v2\/posts\/217542","targetHints":{"allow":["GET"]}}],"collection":[{"href":"https:\/\/diariodominicano.com\/index.php?rest_route=\/wp\/v2\/posts"}],"about":[{"href":"https:\/\/diariodominicano.com\/index.php?rest_route=\/wp\/v2\/types\/post"}],"author":[{"embeddable":true,"href":"https:\/\/diariodominicano.com\/index.php?rest_route=\/wp\/v2\/users\/3"}],"replies":[{"embeddable":true,"href":"https:\/\/diariodominicano.com\/index.php?rest_route=%2Fwp%2Fv2%2Fcomments&post=217542"}],"version-history":[{"count":0,"href":"https:\/\/diariodominicano.com\/index.php?rest_route=\/wp\/v2\/posts\/217542\/revisions"}],"wp:attachment":[{"href":"https:\/\/diariodominicano.com\/index.php?rest_route=%2Fwp%2Fv2%2Fmedia&parent=217542"}],"wp:term":[{"taxonomy":"category","embeddable":true,"href":"https:\/\/diariodominicano.com\/index.php?rest_route=%2Fwp%2Fv2%2Fcategories&post=217542"},{"taxonomy":"post_tag","embeddable":true,"href":"https:\/\/diariodominicano.com\/index.php?rest_route=%2Fwp%2Fv2%2Ftags&post=217542"}],"curies":[{"name":"wp","href":"https:\/\/api.w.org\/{rel}","templated":true}]}}