{"id":217541,"date":"2016-09-13T13:00:36","date_gmt":"2016-09-13T13:00:36","guid":{"rendered":"http:\/\/diariodominicano.ddns.net\/?p=217541"},"modified":"2016-09-13T13:00:36","modified_gmt":"2016-09-13T13:00:36","slug":"james-brewster-se-reune-por-40-minutos-con-temistocles-montas","status":"publish","type":"post","link":"https:\/\/diariodominicano.com\/?p=217541","title":{"rendered":"James Brewster se re\u00fane por 40 minutos con Tem\u00edstocles Mont\u00e1s"},"content":{"rendered":"<p><body><\/p>\n<p><img decoding=\"async\" src=\"img3\/Embajador13-9.jpg\" \/><br \/><img decoding=\"async\" src=\"img3\/Temoyembajador13-9.jpg\" \/>  <\/p>\n<p><span class=\"text1noticias\">Santo Domingo, R. D., 13 de septiembre.- El  ministro de Industria y Comercio, ingeniero Tem\u00edstocles Mont\u00e1s, recibi\u00f3 este martes la visita del embajador de Estados Unidos en el pa\u00eds, James Brewster, quienes sostuvieron una amena conversaci\u00f3n durante 40 minutos.<\/span><\/p>\n<\/p>\n<p><span class=\"text1noticias\">   Durante la reuni\u00f3n el embajador y el funcionario abordaron temas de comercio bilateral, comercio internacional  y pasaron revista a temas de inter\u00e9s com\u00fan que est\u00e1n en la agenda c om\u00fan.<\/span><\/p>\n<\/p>\n<p><span class=\"text1noticias\">   Mont\u00e1s solicit\u00f3 a Brewster el apoyo del Departamento de Comercio de Estados Unidos para que asesore al Ministerio de Industria y Comercio (MIC) en temas relativos a su fortalecimiento institucional.<\/span><\/p>\n<\/p>\n<p><span class=\"text1noticias\">   Al t\u00e9rmino de la conversaci\u00f3n, Mont\u00e1s y Brewster dejaron abierto un mecanismo de trabajo y cooperaci\u00f3n entre  la embajada de Estados Unidos y los funcionarios de Industria y Comercio para identificar temas de inter\u00e9s para tratar de fortalecer la relaci\u00f3n en comercio e inversiones entre los dos pa\u00edses, inform\u00f3 la Direcci\u00f3n de Comunicaciones del MIC.<\/span><\/p>\n<\/p>\n<p><span class=\"text1noticias\">   Brewster lleg\u00f3 en compa\u00f1\u00eda de  Patrick Dunn, ministro consejero; Dave McNeil, agregado comercial; Norman Galimba, consejero econ\u00f3mico y Brian Quigley, agregado pol\u00edtico y econ\u00f3mico de la legaci\u00f3n diplom\u00e1tica estadounidense, informa una nota de la Direcci\u00f3n de Comunicaciones del MIC.<\/span><\/p>\n<\/p>\n<p><span class=\"text1noticias\">   Mont\u00e1s lo recibi\u00f3 acompa\u00f1ado de Juan Monegro, viceministro de Desarrollo Industrial; Yahaira Sosa, viceministra de Comercio Exterior, y C\u00e9sar Dargam, director de Comercio Externo. <\/span><\/p>\n<h6> 2016-09-13 13:00:36 <\/h6>\n<p><!--\n<link rel=\"stylesheet\" href=\"css\/bootstrap.min.css\">\n\n\n<ul class=\"pagination\">\n\t    \n\t\n\n<li >\n\t<a href='?page_no=12051'>Previous<\/a>\n\t<\/li>\n\n\n       \n    \n\n<li><a href='?page_no=1'>1<\/a><\/li>\n\n\n\n<li><a href='?page_no=2'>2<\/a><\/li>\n\n\n\n<li><a>...<\/a><\/li>\n\n\n\n<li><a href='?page_no=12050'>12050<\/a><\/li>\n\n\n\n<li><a href='?page_no=12051'>12051<\/a><\/li>\n\n\n\n<li class='active'><a>12052<\/a><\/li>\n\n\n\n<li><a href='?page_no=12053'>12053<\/a><\/li>\n\n\n\n<li><a href='?page_no=12054'>12054<\/a><\/li>\n\n\n\n<li><a>...<\/a><\/li>\n\n\n\n<li><a href='?page_no=56169'>56169<\/a><\/li>\n\n\n\n<li><a href='?page_no=56170'>56170<\/a><\/li>\n\n    \n\t\n\n<li >\n\t<a href='?page_no=12053'>Next<\/a>\n\t<\/li>\n\n\n    \n\n<li><a href='?page_no=56170'>Last &rsaquo;&rsaquo;<\/a><\/li>\n\n<\/ul>\n\n\n--><br \/>\n<\/body><\/p>\n","protected":false},"excerpt":{"rendered":"<p>Santo Domingo, R. D., 13 de septiembre.- El ministro de Industria y Comercio, ingeniero Tem\u00edstocles Mont\u00e1s, recibi\u00f3 este martes la visita del embajador de Estados Unidos en el pa\u00eds, James Brewster, quienes sostuvieron una amena conversaci\u00f3n durante 40 minutos. Durante la reuni\u00f3n el embajador y el funcionario abordaron temas de comercio bilateral, comercio internacional y [&hellip;]<\/p>\n","protected":false},"author":3,"featured_media":0,"comment_status":"open","ping_status":"open","sticky":false,"template":"","format":"standard","meta":{"footnotes":""},"categories":[20],"tags":[],"class_list":["post-217541","post","type-post","status-publish","format-standard","hentry","category-dominicana-hoy"],"_links":{"self":[{"href":"https:\/\/diariodominicano.com\/index.php?rest_route=\/wp\/v2\/posts\/217541","targetHints":{"allow":["GET"]}}],"collection":[{"href":"https:\/\/diariodominicano.com\/index.php?rest_route=\/wp\/v2\/posts"}],"about":[{"href":"https:\/\/diariodominicano.com\/index.php?rest_route=\/wp\/v2\/types\/post"}],"author":[{"embeddable":true,"href":"https:\/\/diariodominicano.com\/index.php?rest_route=\/wp\/v2\/users\/3"}],"replies":[{"embeddable":true,"href":"https:\/\/diariodominicano.com\/index.php?rest_route=%2Fwp%2Fv2%2Fcomments&post=217541"}],"version-history":[{"count":0,"href":"https:\/\/diariodominicano.com\/index.php?rest_route=\/wp\/v2\/posts\/217541\/revisions"}],"wp:attachment":[{"href":"https:\/\/diariodominicano.com\/index.php?rest_route=%2Fwp%2Fv2%2Fmedia&parent=217541"}],"wp:term":[{"taxonomy":"category","embeddable":true,"href":"https:\/\/diariodominicano.com\/index.php?rest_route=%2Fwp%2Fv2%2Fcategories&post=217541"},{"taxonomy":"post_tag","embeddable":true,"href":"https:\/\/diariodominicano.com\/index.php?rest_route=%2Fwp%2Fv2%2Ftags&post=217541"}],"curies":[{"name":"wp","href":"https:\/\/api.w.org\/{rel}","templated":true}]}}