{"id":217540,"date":"2016-09-14T08:51:57","date_gmt":"2016-09-14T08:51:57","guid":{"rendered":"http:\/\/diariodominicano.ddns.net\/?p=217540"},"modified":"2016-09-14T08:51:57","modified_gmt":"2016-09-14T08:51:57","slug":"amet-busca-garantizar-buen-funcionamiento-del-corredor-paris","status":"publish","type":"post","link":"https:\/\/diariodominicano.com\/?p=217540","title":{"rendered":"AMET busca garantizar buen funcionamiento del \u00abCorredor Paris\u00bb"},"content":{"rendered":"<p><body><\/p>\n<p><img decoding=\"async\" src=\"img3\/amet 14-9.jpg\" \/>  <\/p>\n<p><span class=\"text1noticias\">Santo Domingo, R. D., 14 de septiembre.- El director de la Autoridad Metropolitana de Transporte (AMET), general Frener Bello Arias, sostuvo una reuni\u00f3n con el personal que tiene la responsabilidad de garantizar el buen funcionamiento del \u00abCorredor Paris\u00bb, con el objetivo de seguir fortaleciendo las acciones que permitan mejorar la circulaci\u00f3n vial en direcci\u00f3n oeste-este en las horas pico de la tarde.<\/span><\/p>\n<p><span class=\"text1noticias\"> <\/span><\/p>\n<p><span class=\"text1noticias\">Durante la reuni\u00f3n, celebrada en la sede de AMET, el general Bello Arias fue enf\u00e1tico en afirmar que sin una efectiva supervisi\u00f3n \u00abno habr\u00e1 una correcta viabilizaci\u00f3n\u00bb en el citado corredor, que opera desde septiembre del 2015.<\/span><\/p>\n<p><span class=\"text1noticias\"> <\/span><\/p>\n<p><span class=\"text1noticias\"> La medida ha permitido mejorar de manera significativa el tr\u00e1nsito con destino al municipio Santo Domingo Este.<\/span><\/p>\n<p><span class=\"text1noticias\"> <\/span><\/p>\n<p><span class=\"text1noticias\">\u00abQuiero exhortarlos a todos y todas a asumir con firmeza sus responsabilidades y a no descuidarse en el servicio para que la circulaci\u00f3n del tr\u00e1nsito siga mejorando en el Corredor Paris\u00bb, precis\u00f3.<\/span><\/p>\n<p><span class=\"text1noticias\"> <\/span><\/p>\n<p><span class=\"text1noticias\">Record\u00f3 que dicho corredor opera desde mediado de septiembre del 2015 de lunes a viernes en horario de 4:00 de la tarde a 7:00 de la noche, iniciando en la calle Leopoldo Navarro y extendi\u00e9ndose hasta el Puente Juan Pablo Duarte por debajo del elevado de la 27 de Febrero.<\/span><\/p>\n<p><span class=\"text1noticias\"> <\/span><\/p>\n<p><span class=\"text1noticias\">Explic\u00f3 que a partir de esa fecha y horario, la rampa que da acceso al elevado de la 27 de Febrero, ubicada pr\u00f3ximo a la calle Federico Henr\u00edquez y Carvajal, est\u00e1 siendo cerrada para los conductores, quienes se benefician del referido corredor.<\/span><\/p>\n<p><span class=\"text1noticias\"> <\/span><\/p>\n<p><span class=\"text1noticias\">Indic\u00f3 que para garantizar la fluidez del tr\u00e1nsito en dicho corredor fueron designados varios oficiales superiores, subalternos y alistados de la AMET.<\/span><\/p>\n<p><span class=\"text1noticias\"> <\/span><\/p>\n<p><span class=\"text1noticias\">El general Bello Arias record\u00f3 que previo a la implementaci\u00f3n del Corredor Paris intercambi\u00f3 impresiones con las pasadas autoridades del Ayuntamiento del Distrito Nacional, comerciantes y  representantes de la Asociaci\u00f3n de Buhoneros de esa <\/span>zona.<\/p>\n<\/p>\n<h6> 2016-09-14 08:51:57 <\/h6>\n<p><!--\n<link rel=\"stylesheet\" href=\"css\/bootstrap.min.css\">\n\n\n<ul class=\"pagination\">\n\t    \n\t\n\n<li >\n\t<a href='?page_no=12050'>Previous<\/a>\n\t<\/li>\n\n\n       \n    \n\n<li><a href='?page_no=1'>1<\/a><\/li>\n\n\n\n<li><a href='?page_no=2'>2<\/a><\/li>\n\n\n\n<li><a>...<\/a><\/li>\n\n\n\n<li><a href='?page_no=12049'>12049<\/a><\/li>\n\n\n\n<li><a href='?page_no=12050'>12050<\/a><\/li>\n\n\n\n<li class='active'><a>12051<\/a><\/li>\n\n\n\n<li><a href='?page_no=12052'>12052<\/a><\/li>\n\n\n\n<li><a href='?page_no=12053'>12053<\/a><\/li>\n\n\n\n<li><a>...<\/a><\/li>\n\n\n\n<li><a href='?page_no=56169'>56169<\/a><\/li>\n\n\n\n<li><a href='?page_no=56170'>56170<\/a><\/li>\n\n    \n\t\n\n<li >\n\t<a href='?page_no=12052'>Next<\/a>\n\t<\/li>\n\n\n    \n\n<li><a href='?page_no=56170'>Last &rsaquo;&rsaquo;<\/a><\/li>\n\n<\/ul>\n\n\n--><br \/>\n<\/body><\/p>\n","protected":false},"excerpt":{"rendered":"<p>Santo Domingo, R. D., 14 de septiembre.- El director de la Autoridad Metropolitana de Transporte (AMET), general Frener Bello Arias, sostuvo una reuni\u00f3n con el personal que tiene la responsabilidad de garantizar el buen funcionamiento del \u00abCorredor Paris\u00bb, con el objetivo de seguir fortaleciendo las acciones que permitan mejorar la circulaci\u00f3n vial en direcci\u00f3n oeste-este [&hellip;]<\/p>\n","protected":false},"author":3,"featured_media":0,"comment_status":"open","ping_status":"open","sticky":false,"template":"","format":"standard","meta":{"footnotes":""},"categories":[20],"tags":[],"class_list":["post-217540","post","type-post","status-publish","format-standard","hentry","category-dominicana-hoy"],"_links":{"self":[{"href":"https:\/\/diariodominicano.com\/index.php?rest_route=\/wp\/v2\/posts\/217540","targetHints":{"allow":["GET"]}}],"collection":[{"href":"https:\/\/diariodominicano.com\/index.php?rest_route=\/wp\/v2\/posts"}],"about":[{"href":"https:\/\/diariodominicano.com\/index.php?rest_route=\/wp\/v2\/types\/post"}],"author":[{"embeddable":true,"href":"https:\/\/diariodominicano.com\/index.php?rest_route=\/wp\/v2\/users\/3"}],"replies":[{"embeddable":true,"href":"https:\/\/diariodominicano.com\/index.php?rest_route=%2Fwp%2Fv2%2Fcomments&post=217540"}],"version-history":[{"count":0,"href":"https:\/\/diariodominicano.com\/index.php?rest_route=\/wp\/v2\/posts\/217540\/revisions"}],"wp:attachment":[{"href":"https:\/\/diariodominicano.com\/index.php?rest_route=%2Fwp%2Fv2%2Fmedia&parent=217540"}],"wp:term":[{"taxonomy":"category","embeddable":true,"href":"https:\/\/diariodominicano.com\/index.php?rest_route=%2Fwp%2Fv2%2Fcategories&post=217540"},{"taxonomy":"post_tag","embeddable":true,"href":"https:\/\/diariodominicano.com\/index.php?rest_route=%2Fwp%2Fv2%2Ftags&post=217540"}],"curies":[{"name":"wp","href":"https:\/\/api.w.org\/{rel}","templated":true}]}}