{"id":217539,"date":"2016-09-14T09:32:43","date_gmt":"2016-09-14T09:32:43","guid":{"rendered":"http:\/\/diariodominicano.ddns.net\/?p=217539"},"modified":"2016-09-14T09:32:43","modified_gmt":"2016-09-14T09:32:43","slug":"director-amet-recibe-alcalde-santo-domingo-este","status":"publish","type":"post","link":"https:\/\/diariodominicano.com\/?p=217539","title":{"rendered":"Director AMET recibe alcalde Santo Domingo Este"},"content":{"rendered":"<p><body><\/p>\n<p><img decoding=\"async\" src=\"img3\/amet ayuntamiento 14-9.jpg\" \/>  <\/p>\n<p><span class=\"text1noticias\">Santo Domingo, R. D., 14 de septiembre.- El director de la Autoridad Metropolitana de Transporte (AMET), general Frener Bello Arias, recibi\u00f3 la visita del alcalde de Santo Domingo Este, Alfredo Mart\u00ednez, con quien pas\u00f3 balance a las acciones que son implementadas y acordaron realizar un levantamiento en todo el municipio para identificar los puntos cr\u00edticos y buscar soluciones duraderas a las distintas problem\u00e1ticas del tr\u00e1nsito.<\/span><\/p>\n<p><span class=\"text1noticias\"> <\/span><\/p>\n<p><span class=\"text1noticias\">De igual forma, Bello Arias, en representaci\u00f3n de la AMET, y Mart\u00ednez, por el cabildo Santo Domingo Este, asumieron el compromiso de aunar esfuerzos para evitar los embotellamientos que se registran en zonas como la carretera Mella con Charles de Gaulle y en distintos tramos de la Marginal Las Am\u00e9ricas, donde operan paradas de transporte p\u00fablico y de motoconchistas.<\/span><\/p>\n<p><span class=\"text1noticias\"> <\/span><\/p>\n<p><span class=\"text1noticias\">\u00abHaremos todo lo que sea necesario para mejorar el tr\u00e1nsito y prevenir accidentes\u00bb, manifestaron por separado el director de la AMET y el alcalde de Santo Domingo Este.<\/span><\/p>\n<p><span class=\"text1noticias\"> <\/span><\/p>\n<p><span class=\"text1noticias\">En la reuni\u00f3n, celebrada en la sede del organismo encargado de regular el tr\u00e1nsito, se acord\u00f3 sostener reuniones permanentes todas las semanas en las cuales participen t\u00e9cnicos de la AMET y del cabildo, quienes de manera conjunta tendr\u00e1n la responsabilidad de buscar las soluciones que permitan agilizar el tr\u00e1nsito.<\/span><\/p>\n<p><span class=\"text1noticias\"> <\/span><\/p>\n<p><span class=\"text1noticias\">Acordaron, adem\u00e1s, dar continuidad a una serie de proyectos en la zona oriental que previamente se hab\u00edan socializado con el fenecido alcalde Juan de los Santos.<\/span><\/p>\n<p><span class=\"text1noticias\">\u00abTenemos la voluntad de mejorar la circulaci\u00f3n vial y vamos a trabajar como un solo equipo para buscar soluciones\u00bb, coincidieron el general Bello Arias y el alcalde Mart\u00ednez.<\/span><\/p>\n<p><span class=\"text1noticias\"> <\/span><\/p>\n<p><span class=\"text1noticias\">De manera individual el general Bello Arias sostuvo que estar\u00e1 listo para implementar las medidas que sean adoptadas por la Sala Capitular de Santo Domingo Este y anunci\u00f3 que reforzar\u00e1 los servicios en las zonas que sean identificadas como vulnerables.<\/span><\/p>\n<p><span class=\"text1noticias\"> <\/span><\/p>\n<p><span class=\"text1noticias\">Mientras que Mart\u00ednez dijo que \u00abtenemos que salir bien ante todos los desaf\u00edos en cuento a la regularizaci\u00f3n del tr\u00e1nsito y recuperaci\u00f3n de espacios p\u00fablicos\u00bb.<\/span><\/p>\n<p><span class=\"text1noticias\">En la reuni\u00f3n participaron, adem\u00e1s, el arquitecto Ysidro Romano, Director de Ingenier\u00eda y Obras Municipales y el se\u00f1or Luis Alba, expertos en asuntos via<\/span>les.<\/p>\n<\/p>\n<h6> 2016-09-14 09:32:43 <\/h6>\n<p><!--\n<link rel=\"stylesheet\" href=\"css\/bootstrap.min.css\">\n\n\n<ul class=\"pagination\">\n\t    \n\t\n\n<li >\n\t<a href='?page_no=12049'>Previous<\/a>\n\t<\/li>\n\n\n       \n    \n\n<li><a href='?page_no=1'>1<\/a><\/li>\n\n\n\n<li><a href='?page_no=2'>2<\/a><\/li>\n\n\n\n<li><a>...<\/a><\/li>\n\n\n\n<li><a href='?page_no=12048'>12048<\/a><\/li>\n\n\n\n<li><a href='?page_no=12049'>12049<\/a><\/li>\n\n\n\n<li class='active'><a>12050<\/a><\/li>\n\n\n\n<li><a href='?page_no=12051'>12051<\/a><\/li>\n\n\n\n<li><a href='?page_no=12052'>12052<\/a><\/li>\n\n\n\n<li><a>...<\/a><\/li>\n\n\n\n<li><a href='?page_no=56169'>56169<\/a><\/li>\n\n\n\n<li><a href='?page_no=56170'>56170<\/a><\/li>\n\n    \n\t\n\n<li >\n\t<a href='?page_no=12051'>Next<\/a>\n\t<\/li>\n\n\n    \n\n<li><a href='?page_no=56170'>Last &rsaquo;&rsaquo;<\/a><\/li>\n\n<\/ul>\n\n\n--><br \/>\n<\/body><\/p>\n","protected":false},"excerpt":{"rendered":"<p>Santo Domingo, R. D., 14 de septiembre.- El director de la Autoridad Metropolitana de Transporte (AMET), general Frener Bello Arias, recibi\u00f3 la visita del alcalde de Santo Domingo Este, Alfredo Mart\u00ednez, con quien pas\u00f3 balance a las acciones que son implementadas y acordaron realizar un levantamiento en todo el municipio para identificar los puntos cr\u00edticos [&hellip;]<\/p>\n","protected":false},"author":3,"featured_media":0,"comment_status":"open","ping_status":"open","sticky":false,"template":"","format":"standard","meta":{"footnotes":""},"categories":[20],"tags":[],"class_list":["post-217539","post","type-post","status-publish","format-standard","hentry","category-dominicana-hoy"],"_links":{"self":[{"href":"https:\/\/diariodominicano.com\/index.php?rest_route=\/wp\/v2\/posts\/217539","targetHints":{"allow":["GET"]}}],"collection":[{"href":"https:\/\/diariodominicano.com\/index.php?rest_route=\/wp\/v2\/posts"}],"about":[{"href":"https:\/\/diariodominicano.com\/index.php?rest_route=\/wp\/v2\/types\/post"}],"author":[{"embeddable":true,"href":"https:\/\/diariodominicano.com\/index.php?rest_route=\/wp\/v2\/users\/3"}],"replies":[{"embeddable":true,"href":"https:\/\/diariodominicano.com\/index.php?rest_route=%2Fwp%2Fv2%2Fcomments&post=217539"}],"version-history":[{"count":0,"href":"https:\/\/diariodominicano.com\/index.php?rest_route=\/wp\/v2\/posts\/217539\/revisions"}],"wp:attachment":[{"href":"https:\/\/diariodominicano.com\/index.php?rest_route=%2Fwp%2Fv2%2Fmedia&parent=217539"}],"wp:term":[{"taxonomy":"category","embeddable":true,"href":"https:\/\/diariodominicano.com\/index.php?rest_route=%2Fwp%2Fv2%2Fcategories&post=217539"},{"taxonomy":"post_tag","embeddable":true,"href":"https:\/\/diariodominicano.com\/index.php?rest_route=%2Fwp%2Fv2%2Ftags&post=217539"}],"curies":[{"name":"wp","href":"https:\/\/api.w.org\/{rel}","templated":true}]}}