{"id":217537,"date":"2016-09-14T10:42:10","date_gmt":"2016-09-14T10:42:10","guid":{"rendered":"http:\/\/diariodominicano.ddns.net\/?p=217537"},"modified":"2016-09-14T10:42:10","modified_gmt":"2016-09-14T10:42:10","slug":"gildan-reconoce-la-excelencia-academica-de-4-mil-500-estudiantes","status":"publish","type":"post","link":"https:\/\/diariodominicano.com\/?p=217537","title":{"rendered":"Gildan reconoce la excelencia acad\u00e9mica de 4 mil 500 estudiantes&#13;"},"content":{"rendered":"<p><body><\/p>\n<p><img decoding=\"async\" src=\"img3\/estudiantes 14-9.jpg\" \/><br \/><img decoding=\"async\" src=\"img3\/gildra 14-9.jpg\" \/>  <\/p>\n<p><span class=\"text1noticias\">Santo Domingo, R. D., 14 de septiembre.- Gildan, en conjunto con el Ministerio de Educaci\u00f3n, reconocieron a m\u00e1s de 4,500 estudiantespertenecientes a su programa de escuelas apadrinadas llamado Educando.<\/span><\/p>\n<p><span class=\"text1noticias\"> <\/span><\/p>\n<p><span class=\"text1noticias\"> El programa, que se desarrolla por octavo a\u00f1oconsecutivo, beneficia a estudiantes de las comunidades de Guerra, Bayaguana, Boca Chica y Batey Esperanza, que obtuvieron calificaciones sobresalientes durante el a\u00f1o acad\u00e9mico 2015-2016, adicional al reconocimiento acad\u00e9mico.<\/span><\/p>\n<p><span class=\"text1noticias\"> <\/span><\/p>\n<p><span class=\"text1noticias\">Todos los estudiantes de las escuelas apadrinadas de las comunidades donde Gildan tiene presencia recibieron mochilas, cuadernos, l\u00e1pices de colores, estuches, entre otros \u00fatiles escolares.<\/span><\/p>\n<p><span class=\"text1noticias\"> <\/span><\/p>\n<p><span class=\"text1noticias\">Esta iniciativa provee herramientas b\u00e1sicas e incentivos a los estudiantes que les permiten iniciar y concluir exitosamente su a\u00f1o escolar, adem\u00e1s de promover la integraci\u00f3n activa de los padres en el proceso educativo de sus hijos e incentivar, a trav\u00e9s de los docentes, un ambiente escolar limpio y seguro bajo el programa de educaci\u00f3n ambiental, Eco-Escuelas.<\/span><\/p>\n<p><span class=\"text1noticias\"> <\/span><\/p>\n<p><span class=\"text1noticias\">El ingeniero Freddy Barrantes, Director y Gerente Pa\u00eds, para Gildan manifest\u00f3: \u00abHoy celebramos junto a ustedes que ni\u00f1os y ni\u00f1as vencieron las barreras de nuestra sociedad, dieron lo mejor de s\u00ed para ser ejemplo en sus centros educativos, en sus hogares, demostrando que s\u00ed se puede.\u00bb<\/span><\/p>\n<p><span class=\"text1noticias\"> <\/span><\/p>\n<p><span class=\"text1noticias\">El se\u00f1or Barrantes dijo adem\u00e1s que al dar apertura a un nuevo a\u00f1o escolar, se brinda la oportunidad de crecer como personas y como comunidad. \u00abLo hacemos con alegr\u00eda y esperanza, lo cual nos impulsa a lograr los objetivos que nos propongamos, orientados hac\u00eda una formaci\u00f3n integral, no solo en los aprendizajes acad\u00e9micos, muy especialmente en la tarea de reforzar y recuperar la vivencia y la transmisi\u00f3n de valores y principios humanos y \u00e9ticos.\u00bb<\/span><\/p>\n<p><span class=\"text1noticias\"> <\/span><\/p>\n<p><span class=\"text1noticias\">El programa Educando es tambi\u00e9n extensivo a nivel de bachillerato en el Polit\u00e9cnico Eugenio de Jes\u00fas Marcano Fondeur, de la comunidad de Mata de Palma, en el que se han implementado nuevas iniciativas para el fortalecimiento del programa como T\u00e9cnico en Reciclaje, talleres de bisuter\u00eda y pedrer\u00eda para el emprendimiento de los estudiantes.<\/span><\/p>\n<p><span class=\"text1noticias\"> <\/span><\/p>\n<p><span class=\"text1noticias\">La actividad de reconocimiento se realiz\u00f3 en el Centro Tecnol\u00f3gico Comunitario del municipio de Guerra y cont\u00f3 con la participaci\u00f3n de importantes autoridades del Ministerio de Educaci\u00f3n, sector empresarial, l\u00edderes comunitarios, estudiantes, directores de escuelas, regionales y distritales, as\u00ed como residentes de las zonas.<\/span><\/p>\n<p><span class=\"text1noticias\"> <\/span><\/p>\n<p><span class=\"text1noticias\"> <\/span><\/p>\n<p><span class=\"text1noticias\">Acerca de Gildan<\/span><\/p>\n<p><span class=\"text1noticias\">Gildan es una empresa global de manufactura, verticalmente integrada que fabrica y comercializa prendas de vestir b\u00e1sicas de calidad. Gildan\u00ae es la marca l\u00edder de ropa deportiva para el mercado de prendas deportivas estampadas de Estados Unidos y Canad\u00e1. Con aproximadamente 43,000 empleados alrededor del mundo, Gildan posee y opera instalaciones de gran escala, altamente eficientes, social y ambientalmente responsables en Norteam\u00e9rica, Centroam\u00e9rica y la Cuenca del Caribe, as\u00ed como un centro de manufactura en Bangladesh para apoyar su crecimiento planificado en Asia y Europa. Para m\u00e1s informaci\u00f3n sobre la compa\u00f1\u00eda favor visite la p\u00e1gina web de Gildan www.gildan.com, y m\u00e1s informaci\u00f3n sobre sus pr\u00e1cticas de ciudadan\u00eda corporativa puede encontrarse en www.genuinegildan.com.<\/span><\/p>\n<p><span class=\"text1noticias\"> <\/span><\/p>\n<p><span class=\"text1noticias\"> <\/span><\/p>\n<\/p>\n<h6> 2016-09-14 10:42:10 <\/h6>\n<p><!--\n<link rel=\"stylesheet\" href=\"css\/bootstrap.min.css\">\n\n\n<ul class=\"pagination\">\n\t    \n\t\n\n<li >\n\t<a href='?page_no=12048'>Previous<\/a>\n\t<\/li>\n\n\n       \n    \n\n<li><a href='?page_no=1'>1<\/a><\/li>\n\n\n\n<li><a href='?page_no=2'>2<\/a><\/li>\n\n\n\n<li><a>...<\/a><\/li>\n\n\n\n<li><a href='?page_no=12047'>12047<\/a><\/li>\n\n\n\n<li><a href='?page_no=12048'>12048<\/a><\/li>\n\n\n\n<li class='active'><a>12049<\/a><\/li>\n\n\n\n<li><a href='?page_no=12050'>12050<\/a><\/li>\n\n\n\n<li><a href='?page_no=12051'>12051<\/a><\/li>\n\n\n\n<li><a>...<\/a><\/li>\n\n\n\n<li><a href='?page_no=56169'>56169<\/a><\/li>\n\n\n\n<li><a href='?page_no=56170'>56170<\/a><\/li>\n\n    \n\t\n\n<li >\n\t<a href='?page_no=12050'>Next<\/a>\n\t<\/li>\n\n\n    \n\n<li><a href='?page_no=56170'>Last &rsaquo;&rsaquo;<\/a><\/li>\n\n<\/ul>\n\n\n--><br \/>\n<\/body><\/p>\n","protected":false},"excerpt":{"rendered":"<p>Santo Domingo, R. D., 14 de septiembre.- Gildan, en conjunto con el Ministerio de Educaci\u00f3n, reconocieron a m\u00e1s de 4,500 estudiantespertenecientes a su programa de escuelas apadrinadas llamado Educando. El programa, que se desarrolla por octavo a\u00f1oconsecutivo, beneficia a estudiantes de las comunidades de Guerra, Bayaguana, Boca Chica y Batey Esperanza, que obtuvieron calificaciones sobresalientes [&hellip;]<\/p>\n","protected":false},"author":3,"featured_media":0,"comment_status":"open","ping_status":"open","sticky":false,"template":"","format":"standard","meta":{"footnotes":""},"categories":[20],"tags":[],"class_list":["post-217537","post","type-post","status-publish","format-standard","hentry","category-dominicana-hoy"],"_links":{"self":[{"href":"https:\/\/diariodominicano.com\/index.php?rest_route=\/wp\/v2\/posts\/217537","targetHints":{"allow":["GET"]}}],"collection":[{"href":"https:\/\/diariodominicano.com\/index.php?rest_route=\/wp\/v2\/posts"}],"about":[{"href":"https:\/\/diariodominicano.com\/index.php?rest_route=\/wp\/v2\/types\/post"}],"author":[{"embeddable":true,"href":"https:\/\/diariodominicano.com\/index.php?rest_route=\/wp\/v2\/users\/3"}],"replies":[{"embeddable":true,"href":"https:\/\/diariodominicano.com\/index.php?rest_route=%2Fwp%2Fv2%2Fcomments&post=217537"}],"version-history":[{"count":0,"href":"https:\/\/diariodominicano.com\/index.php?rest_route=\/wp\/v2\/posts\/217537\/revisions"}],"wp:attachment":[{"href":"https:\/\/diariodominicano.com\/index.php?rest_route=%2Fwp%2Fv2%2Fmedia&parent=217537"}],"wp:term":[{"taxonomy":"category","embeddable":true,"href":"https:\/\/diariodominicano.com\/index.php?rest_route=%2Fwp%2Fv2%2Fcategories&post=217537"},{"taxonomy":"post_tag","embeddable":true,"href":"https:\/\/diariodominicano.com\/index.php?rest_route=%2Fwp%2Fv2%2Ftags&post=217537"}],"curies":[{"name":"wp","href":"https:\/\/api.w.org\/{rel}","templated":true}]}}