{"id":217536,"date":"2016-09-14T11:11:53","date_gmt":"2016-09-14T11:11:53","guid":{"rendered":"http:\/\/diariodominicano.ddns.net\/?p=217536"},"modified":"2016-09-14T11:11:53","modified_gmt":"2016-09-14T11:11:53","slug":"alcalde-dn-se-reune-con-edesur-dominicana-en-palacio-municipal","status":"publish","type":"post","link":"https:\/\/diariodominicano.com\/?p=217536","title":{"rendered":"Alcalde DN se re\u00fane con Edesur Dominicana en Palacio Municipal"},"content":{"rendered":"<p><body><\/p>\n<p><img decoding=\"async\" src=\"img3\/david collado 14-9.jpg\" \/>  <\/p>\n<p><span class=\"text1noticias\">Santo Domingo, R. D., 14 de septiembre.- Con la finalidad de estrechar relaciones entre la Alcald\u00eda de Santo Domingo y Edesur Dominicana, el alcalde David Collado, sostuvo una reuni\u00f3n con el administrador de Edesur ingeniero Radham\u00e9s Del Carmen y funcionarios del municipio y el sector el\u00e9ctrico, en donde se comprometieron a realizar un trabajo coordinado para desarrollar y potenciar la iluminaci\u00f3n de la ciudad.<\/span><\/p>\n<p><span class=\"text1noticias\"> <\/span><\/p>\n<p><span class=\"text1noticias\">En su participaci\u00f3n, el Alcalde de Santo Domingo David Collado, reiter\u00f3 el compromiso de su gesti\u00f3n para iluminar la ciudad, por lo que consider\u00f3 necesario trabajar hombro con hombro con el sector el\u00e9ctrico para potenciar la inversi\u00f3n de los proyectos; seg\u00fan una nota ofrecida por la direcci\u00f3n de Comunicaci\u00f3n de Edesur.<\/span><\/p>\n<p><span class=\"text1noticias\"> <\/span><\/p>\n<p><span class=\"text1noticias\">Reconoci\u00f3 el conocimiento t\u00e9cnico de la actual gesti\u00f3n de Edesur, lo que ser\u00e1 de gran aporte para poder comenzar a trabajar y ver resultados en el menor tiempo posible y expres\u00f3 su deseo de concretizar un acuerdo entre ambas entidades, que permita trabajar al un\u00edsono en beneficio de la ciudad.<\/span><\/p>\n<p><span class=\"text1noticias\"> <\/span><\/p>\n<p><span class=\"text1noticias\">Asimismo, Del Carmen, asegur\u00f3 que la empresa que preside dar\u00e1 todo el apoyo t\u00e9cnico para estos proyectos que buscan cambiar positivamente la ciudad y propuso una mesa de trabajo que permita aunar esfuerzos entre ambas entidades.<\/span><\/p>\n<p><span class=\"text1noticias\"> <\/span><\/p>\n<p><span class=\"text1noticias\">Al t\u00e9rmino, se concluy\u00f3 que las reuniones entre los funcionarios de la Alcald\u00eda y Edesur Dominicana ser\u00e1n habituales y que m\u00e1s que encuentros protocolares, ser\u00e1n reuniones operativas y de seguimiento a los proyectos, a trav\u00e9s de la mesa mixta de t\u00e9cnicos de ambas instituciones<\/span>.<\/p>\n<\/p>\n<h6> 2016-09-14 11:11:53 <\/h6>\n<p><!--\n<link rel=\"stylesheet\" href=\"css\/bootstrap.min.css\">\n\n\n<ul class=\"pagination\">\n\t    \n\t\n\n<li >\n\t<a href='?page_no=12047'>Previous<\/a>\n\t<\/li>\n\n\n       \n    \n\n<li><a href='?page_no=1'>1<\/a><\/li>\n\n\n\n<li><a href='?page_no=2'>2<\/a><\/li>\n\n\n\n<li><a>...<\/a><\/li>\n\n\n\n<li><a href='?page_no=12046'>12046<\/a><\/li>\n\n\n\n<li><a href='?page_no=12047'>12047<\/a><\/li>\n\n\n\n<li class='active'><a>12048<\/a><\/li>\n\n\n\n<li><a href='?page_no=12049'>12049<\/a><\/li>\n\n\n\n<li><a href='?page_no=12050'>12050<\/a><\/li>\n\n\n\n<li><a>...<\/a><\/li>\n\n\n\n<li><a href='?page_no=56169'>56169<\/a><\/li>\n\n\n\n<li><a href='?page_no=56170'>56170<\/a><\/li>\n\n    \n\t\n\n<li >\n\t<a href='?page_no=12049'>Next<\/a>\n\t<\/li>\n\n\n    \n\n<li><a href='?page_no=56170'>Last &rsaquo;&rsaquo;<\/a><\/li>\n\n<\/ul>\n\n\n--><br \/>\n<\/body><\/p>\n","protected":false},"excerpt":{"rendered":"<p>Santo Domingo, R. D., 14 de septiembre.- Con la finalidad de estrechar relaciones entre la Alcald\u00eda de Santo Domingo y Edesur Dominicana, el alcalde David Collado, sostuvo una reuni\u00f3n con el administrador de Edesur ingeniero Radham\u00e9s Del Carmen y funcionarios del municipio y el sector el\u00e9ctrico, en donde se comprometieron a realizar un trabajo coordinado [&hellip;]<\/p>\n","protected":false},"author":3,"featured_media":0,"comment_status":"open","ping_status":"open","sticky":false,"template":"","format":"standard","meta":{"footnotes":""},"categories":[20],"tags":[],"class_list":["post-217536","post","type-post","status-publish","format-standard","hentry","category-dominicana-hoy"],"_links":{"self":[{"href":"https:\/\/diariodominicano.com\/index.php?rest_route=\/wp\/v2\/posts\/217536","targetHints":{"allow":["GET"]}}],"collection":[{"href":"https:\/\/diariodominicano.com\/index.php?rest_route=\/wp\/v2\/posts"}],"about":[{"href":"https:\/\/diariodominicano.com\/index.php?rest_route=\/wp\/v2\/types\/post"}],"author":[{"embeddable":true,"href":"https:\/\/diariodominicano.com\/index.php?rest_route=\/wp\/v2\/users\/3"}],"replies":[{"embeddable":true,"href":"https:\/\/diariodominicano.com\/index.php?rest_route=%2Fwp%2Fv2%2Fcomments&post=217536"}],"version-history":[{"count":0,"href":"https:\/\/diariodominicano.com\/index.php?rest_route=\/wp\/v2\/posts\/217536\/revisions"}],"wp:attachment":[{"href":"https:\/\/diariodominicano.com\/index.php?rest_route=%2Fwp%2Fv2%2Fmedia&parent=217536"}],"wp:term":[{"taxonomy":"category","embeddable":true,"href":"https:\/\/diariodominicano.com\/index.php?rest_route=%2Fwp%2Fv2%2Fcategories&post=217536"},{"taxonomy":"post_tag","embeddable":true,"href":"https:\/\/diariodominicano.com\/index.php?rest_route=%2Fwp%2Fv2%2Ftags&post=217536"}],"curies":[{"name":"wp","href":"https:\/\/api.w.org\/{rel}","templated":true}]}}