{"id":217535,"date":"2016-09-14T12:26:07","date_gmt":"2016-09-14T12:26:07","guid":{"rendered":"http:\/\/diariodominicano.ddns.net\/?p=217535"},"modified":"2016-09-14T12:26:07","modified_gmt":"2016-09-14T12:26:07","slug":"anuncian-medidas-de-seguridad-durante-xlx-feria-internacional-del-libro","status":"publish","type":"post","link":"https:\/\/diariodominicano.com\/?p=217535","title":{"rendered":"Anuncian medidas de seguridad durante XlX Feria Internacional del Libro"},"content":{"rendered":"<p><body><\/p>\n<p><img decoding=\"async\" src=\"img3\/feria del libro 14-9.jpg\" \/>  <\/p>\n<p><span class=\"text1noticias\">Santo Domingo, R. D., 14 de septiembre.- Durante la celebraci\u00f3n de la XIX Feria Internacional del Libro Santo Domingo 2016 (FILSD2016), que se celebrar\u00e1 a partir del lunes 19 de septiembre, en la \u00abPlaza de la Cultura Juan Pablo Duarte\u00bb, regir\u00e1 un dispositivo de seguridad para facilitar el acceso y asistir a las miles de personas que se den cita al magno acontecimiento literario.<\/span><\/p>\n<p><span class=\"text1noticias\"> <\/span><\/p>\n<p><span class=\"text1noticias\">El Ministerio de Cultura (MINC) y la Direcci\u00f3n General de la Feria del Libro informaron que cientos de agentes de los organismos de seguridad del Estado participar\u00e1n en la vigilancia y apoyo del p\u00fablico.<\/span><\/p>\n<p><span class=\"text1noticias\"> <\/span><\/p>\n<p><span class=\"text1noticias\">Instituciones y organismos<\/span><\/p>\n<p><span class=\"text1noticias\"> <\/span><\/p>\n<p><span class=\"text1noticias\">Entre las instituciones y organismos participantes est\u00e1n: el Ministerio de Defensa, Polic\u00eda Nacional, Autoridad Metropolitana de Transporte (AMET), Defensa Civil, Cruz Roja Dominicana, Cuerpo de Bomberos y el Sistema Nacional 911.<\/span><\/p>\n<p><span class=\"text1noticias\"> <\/span><\/p>\n<p><span class=\"text1noticias\">En una nota informativa de la direcci\u00f3n de Prensa del Ministerio de Cultura, se informa que los detalles finales del operativo fueron conocidos durante una reuni\u00f3n realizada el martes, en la Sala Ram\u00f3n Oviedo, ubicada en la sede de ese ente estatal.<\/span><\/p>\n<p><span class=\"text1noticias\"> <\/span><\/p>\n<p><span class=\"text1noticias\">La reuni\u00f3n, encabezada por Brunildo Soto, director administrativo del MINC, cont\u00f3 con la presencia de Yovanny P\u00e9rez, coordinador de seguridad del evento; el general de brigada, Jorge Luis Duluc Pumarol, supervisor de Seguridad, y Julio Galv\u00e1n, coordinador operativo. Por la Polic\u00eda Nacional asisti\u00f3 el coronel Yonny Soto Abreu, comandante de Operaciones Especiales.<\/span><\/p>\n<p><span class=\"text1noticias\"> <\/span><\/p>\n<p><span class=\"text1noticias\">Seguridad y vigilancia dentro y fuera del recinto<\/span><\/p>\n<p><span class=\"text1noticias\"> <\/span><\/p>\n<p><span class=\"text1noticias\">Como parte del plan de seguridad, se ha previsto que decenas de agentes patrullen dentro y fuera del recinto; instalaciones de c\u00e1maras de vigilancia, un centro de atenci\u00f3n de primeros auxilios, ambulancias, personal m\u00e9dico y socorristas, entre otros.<\/span><\/p>\n<p><span class=\"text1noticias\"> <\/span><\/p>\n<p><span class=\"text1noticias\">Igualmente, se indic\u00f3 que las personas que acudan a la FILSD2016 dispondr\u00e1n de los estacionamientos ubicadas en el Centro Ol\u00edmpico Juan Pablo Duarte y en el Palacio de Bellas Artes.<\/span><\/p>\n<p><span class=\"text1noticias\"> <\/span><\/p>\n<p><span class=\"text1noticias\">Agentes de AMET tendr\u00e1n el control del tr\u00e1nsito en los alrededores de la Plaza de la Cultura para evitar congestionamientos en toda el \u00e1rea, durante los d\u00edas de celebraci\u00f3n del evento que se destaca por la difusi\u00f3n, exhibici\u00f3n y ventas de libros en sus diferentes g\u00e9neros.<\/span><\/p>\n<p><span class=\"text1noticias\"> <\/span><\/p>\n<p><span class=\"text1noticias\">Gran Jornada Literaria<\/span><\/p>\n<p><span class=\"text1noticias\"> <\/span><\/p>\n<p><span class=\"text1noticias\">En la FILSD2016, que se extender\u00e1 hasta al 2 de septiembre, participar\u00e1n 209 sellos editoriales que expondr\u00e1n sus obras literarias en unos 90 stands habilitados en la Plaza de la Cultura.<\/span><\/p>\n<p><span class=\"text1noticias\"> <\/span><\/p>\n<p><span class=\"text1noticias\">En dicha actividad, ser\u00e1n puestas a circular 41 obras literarias de autores dominicanos que han sido editadas por el Ministerio de Cultura y 13 escritores ser\u00e1n objetos de reconocimientos con dedicatoria de calles en el recinto ferial.<\/span><\/p>\n<p><span class=\"text1noticias\"> <\/span><\/p>\n<p><span class=\"text1noticias\">Intelectuales de once pa\u00edses, entre ellos Espa\u00f1a, Italia, Israel, Venezuela, M\u00e9xico, Uruguay, Cuba, Per\u00fa, Argentina, Puerto Rico y Estados Unidos han confirmado su asistencia a la feria.<\/span><\/p>\n<p><span class=\"text1noticias\"> <\/span><\/p>\n<p><span class=\"text1noticias\">Un programa de coloquios y conferencias literarias se ejecutar\u00e1 durante el desarrollo de la FIL, a la que han confirmado su asistencia decenas de escritores nacionales, entre ellos de la di\u00e1spora, as\u00ed como intelectuales de Am\u00e9rica Latina, Estados Unidos y Europa.<\/span><\/p>\n<p><span class=\"text1noticias\"> <\/span><\/p>\n<p><span class=\"text1noticias\">La FILSD2016 es dedicada a la poetisa Salom\u00e9 Ure\u00f1a y el pa\u00eds invitado es Rep\u00fablica Dominicana, con \u00e9nfasis especial en los escritores de la di\u00e1spora.<\/span><\/p>\n<\/p>\n<h6> 2016-09-14 12:26:07 <\/h6>\n<p><!--\n<link rel=\"stylesheet\" href=\"css\/bootstrap.min.css\">\n\n\n<ul class=\"pagination\">\n\t    \n\t\n\n<li >\n\t<a href='?page_no=12046'>Previous<\/a>\n\t<\/li>\n\n\n       \n    \n\n<li><a href='?page_no=1'>1<\/a><\/li>\n\n\n\n<li><a href='?page_no=2'>2<\/a><\/li>\n\n\n\n<li><a>...<\/a><\/li>\n\n\n\n<li><a href='?page_no=12045'>12045<\/a><\/li>\n\n\n\n<li><a href='?page_no=12046'>12046<\/a><\/li>\n\n\n\n<li class='active'><a>12047<\/a><\/li>\n\n\n\n<li><a href='?page_no=12048'>12048<\/a><\/li>\n\n\n\n<li><a href='?page_no=12049'>12049<\/a><\/li>\n\n\n\n<li><a>...<\/a><\/li>\n\n\n\n<li><a href='?page_no=56169'>56169<\/a><\/li>\n\n\n\n<li><a href='?page_no=56170'>56170<\/a><\/li>\n\n    \n\t\n\n<li >\n\t<a href='?page_no=12048'>Next<\/a>\n\t<\/li>\n\n\n    \n\n<li><a href='?page_no=56170'>Last &rsaquo;&rsaquo;<\/a><\/li>\n\n<\/ul>\n\n\n--><br \/>\n<\/body><\/p>\n","protected":false},"excerpt":{"rendered":"<p>Santo Domingo, R. D., 14 de septiembre.- Durante la celebraci\u00f3n de la XIX Feria Internacional del Libro Santo Domingo 2016 (FILSD2016), que se celebrar\u00e1 a partir del lunes 19 de septiembre, en la \u00abPlaza de la Cultura Juan Pablo Duarte\u00bb, regir\u00e1 un dispositivo de seguridad para facilitar el acceso y asistir a las miles de [&hellip;]<\/p>\n","protected":false},"author":3,"featured_media":0,"comment_status":"open","ping_status":"open","sticky":false,"template":"","format":"standard","meta":{"footnotes":""},"categories":[20],"tags":[],"class_list":["post-217535","post","type-post","status-publish","format-standard","hentry","category-dominicana-hoy"],"_links":{"self":[{"href":"https:\/\/diariodominicano.com\/index.php?rest_route=\/wp\/v2\/posts\/217535","targetHints":{"allow":["GET"]}}],"collection":[{"href":"https:\/\/diariodominicano.com\/index.php?rest_route=\/wp\/v2\/posts"}],"about":[{"href":"https:\/\/diariodominicano.com\/index.php?rest_route=\/wp\/v2\/types\/post"}],"author":[{"embeddable":true,"href":"https:\/\/diariodominicano.com\/index.php?rest_route=\/wp\/v2\/users\/3"}],"replies":[{"embeddable":true,"href":"https:\/\/diariodominicano.com\/index.php?rest_route=%2Fwp%2Fv2%2Fcomments&post=217535"}],"version-history":[{"count":0,"href":"https:\/\/diariodominicano.com\/index.php?rest_route=\/wp\/v2\/posts\/217535\/revisions"}],"wp:attachment":[{"href":"https:\/\/diariodominicano.com\/index.php?rest_route=%2Fwp%2Fv2%2Fmedia&parent=217535"}],"wp:term":[{"taxonomy":"category","embeddable":true,"href":"https:\/\/diariodominicano.com\/index.php?rest_route=%2Fwp%2Fv2%2Fcategories&post=217535"},{"taxonomy":"post_tag","embeddable":true,"href":"https:\/\/diariodominicano.com\/index.php?rest_route=%2Fwp%2Fv2%2Ftags&post=217535"}],"curies":[{"name":"wp","href":"https:\/\/api.w.org\/{rel}","templated":true}]}}