{"id":217534,"date":"2016-09-14T13:04:01","date_gmt":"2016-09-14T13:04:01","guid":{"rendered":"http:\/\/diariodominicano.ddns.net\/?p=217534"},"modified":"2016-09-14T13:04:01","modified_gmt":"2016-09-14T13:04:01","slug":"inician-inscripciones-para-ninos-y-adultos-de-condiciones-especiales","status":"publish","type":"post","link":"https:\/\/diariodominicano.com\/?p=217534","title":{"rendered":"Inician inscripciones para ni\u00f1os y adultos de condiciones especiales"},"content":{"rendered":"<p><body><\/p>\n<p><img decoding=\"async\" src=\"img3\/especiales 14-9.jpg\" \/>  <\/p>\n<p><span class=\"text1noticias\">Neiba, Bahoruco, R. D., 14 de septiembre.- La escuela de Educaci\u00f3n Especial y Vocacional para Sordomudos, en la regi\u00f3n sur del pa\u00eds, informa que las inscripciones est\u00e1n abiertas para recibir a los ni\u00f1os y adultos con esta situaci\u00f3n especial.<\/span><\/p>\n<p><span class=\"text1noticias\"> <\/span><\/p>\n<p><span class=\"text1noticias\">La escuela est\u00e1 ubicada en la iglesia Asamblea de Dios en la calle Luis Felipe Gonz\u00e1lez, esquina Cambronal, en esta ciudad de Neiba, bajo la direcci\u00f3n del Prof. Silvio Pe\u00f1a y el colaborador Lic. Delsiris Cuevas, quienes exhortan a los padres llevar sus hijos para que aprendan su lenguaje universal, de manera que as\u00ed puedan obtener mejores oportunidades laborales y de estudios.<\/span><\/p>\n<p><span class=\"text1noticias\"> <\/span><\/p>\n<p><span class=\"text1noticias\">Las clases son gratuitas, debido a que est\u00e1 reconocida por el MINERD.<\/span><\/p>\n<p><span class=\"text1noticias\"> <\/span><\/p>\n<p><span class=\"text1noticias\">Los requisitos para la inscripci\u00f3n del ni\u00f1o o adulto son, 2 fotos dos x dos, copia de c\u00e9dula de padre y madre. Al igual comunicaron que en caso que no tengan ninguno de estos, asistan a tomar sus clases.<\/span><\/p>\n<p><span class=\"text1noticias\"> <\/span><\/p>\n<p><span class=\"text1noticias\">El  director de dicha escuela hace el llamado a las autoridades de los dem\u00e1s municipios de la regi\u00f3n, en especial se refirieron a los m\u00e1s cercanos, Galv\u00e1n y Villa Jaragua, Elvin Perdomo y Lic. Alfredo Carrasco respectivamente, para que subsidien el transporte a los ni\u00f1os y adultos que tienen esta situaci\u00f3n, en las mencionadas comunidades.<\/span><\/p>\n<p><span class=\"text1noticias\"> <\/span><\/p>\n<p><span class=\"text1noticias\">Horarios de labores y Contacto.<\/span><\/p>\n<p><span class=\"text1noticias\"> <\/span><\/p>\n<p><span class=\"text1noticias\">Lunes a viernes de 8:00 am a 12:00 pm, para ni\u00f1os y adolescentes.  Jueves y viernes de 2:00 a 5:00 pm, para adultos.<\/span><\/p>\n<p><span class=\"text1noticias\"> <\/span><\/p>\n<p><span class=\"text1noticias\">Seg\u00fan expres\u00f3 el director Pe\u00f1a, est\u00e1 evaluando la propuesta del Ministerio de Educaci\u00f3n de pasar a Jornada Extendida. Contacto de oficina 809-527<\/span>-3605.<\/p>\n<h6> 2016-09-14 13:04:01 <\/h6>\n<p><!--\n<link rel=\"stylesheet\" href=\"css\/bootstrap.min.css\">\n\n\n<ul class=\"pagination\">\n\t    \n\t\n\n<li >\n\t<a href='?page_no=12045'>Previous<\/a>\n\t<\/li>\n\n\n       \n    \n\n<li><a href='?page_no=1'>1<\/a><\/li>\n\n\n\n<li><a href='?page_no=2'>2<\/a><\/li>\n\n\n\n<li><a>...<\/a><\/li>\n\n\n\n<li><a href='?page_no=12044'>12044<\/a><\/li>\n\n\n\n<li><a href='?page_no=12045'>12045<\/a><\/li>\n\n\n\n<li class='active'><a>12046<\/a><\/li>\n\n\n\n<li><a href='?page_no=12047'>12047<\/a><\/li>\n\n\n\n<li><a href='?page_no=12048'>12048<\/a><\/li>\n\n\n\n<li><a>...<\/a><\/li>\n\n\n\n<li><a href='?page_no=56169'>56169<\/a><\/li>\n\n\n\n<li><a href='?page_no=56170'>56170<\/a><\/li>\n\n    \n\t\n\n<li >\n\t<a href='?page_no=12047'>Next<\/a>\n\t<\/li>\n\n\n    \n\n<li><a href='?page_no=56170'>Last &rsaquo;&rsaquo;<\/a><\/li>\n\n<\/ul>\n\n\n--><br \/>\n<\/body><\/p>\n","protected":false},"excerpt":{"rendered":"<p>Neiba, Bahoruco, R. D., 14 de septiembre.- La escuela de Educaci\u00f3n Especial y Vocacional para Sordomudos, en la regi\u00f3n sur del pa\u00eds, informa que las inscripciones est\u00e1n abiertas para recibir a los ni\u00f1os y adultos con esta situaci\u00f3n especial. La escuela est\u00e1 ubicada en la iglesia Asamblea de Dios en la calle Luis Felipe Gonz\u00e1lez, [&hellip;]<\/p>\n","protected":false},"author":3,"featured_media":0,"comment_status":"open","ping_status":"open","sticky":false,"template":"","format":"standard","meta":{"footnotes":""},"categories":[20],"tags":[],"class_list":["post-217534","post","type-post","status-publish","format-standard","hentry","category-dominicana-hoy"],"_links":{"self":[{"href":"https:\/\/diariodominicano.com\/index.php?rest_route=\/wp\/v2\/posts\/217534","targetHints":{"allow":["GET"]}}],"collection":[{"href":"https:\/\/diariodominicano.com\/index.php?rest_route=\/wp\/v2\/posts"}],"about":[{"href":"https:\/\/diariodominicano.com\/index.php?rest_route=\/wp\/v2\/types\/post"}],"author":[{"embeddable":true,"href":"https:\/\/diariodominicano.com\/index.php?rest_route=\/wp\/v2\/users\/3"}],"replies":[{"embeddable":true,"href":"https:\/\/diariodominicano.com\/index.php?rest_route=%2Fwp%2Fv2%2Fcomments&post=217534"}],"version-history":[{"count":0,"href":"https:\/\/diariodominicano.com\/index.php?rest_route=\/wp\/v2\/posts\/217534\/revisions"}],"wp:attachment":[{"href":"https:\/\/diariodominicano.com\/index.php?rest_route=%2Fwp%2Fv2%2Fmedia&parent=217534"}],"wp:term":[{"taxonomy":"category","embeddable":true,"href":"https:\/\/diariodominicano.com\/index.php?rest_route=%2Fwp%2Fv2%2Fcategories&post=217534"},{"taxonomy":"post_tag","embeddable":true,"href":"https:\/\/diariodominicano.com\/index.php?rest_route=%2Fwp%2Fv2%2Ftags&post=217534"}],"curies":[{"name":"wp","href":"https:\/\/api.w.org\/{rel}","templated":true}]}}