{"id":217531,"date":"2016-09-14T22:52:10","date_gmt":"2016-09-14T22:52:10","guid":{"rendered":"http:\/\/diariodominicano.ddns.net\/?p=217531"},"modified":"2016-09-14T22:52:10","modified_gmt":"2016-09-14T22:52:10","slug":"senado-aprueba-resolucion-de-rechazo-a-la-destitucion-de-la-presidenta-dilma-rousseff-de-brasil","status":"publish","type":"post","link":"https:\/\/diariodominicano.com\/?p=217531","title":{"rendered":"Senado aprueba resoluci\u00f3n de rechazo a la destituci\u00f3n de la presidenta Dilma Rousseff de Brasil"},"content":{"rendered":"<p><body><\/p>\n<p><img decoding=\"async\" src=\"img3\/SESION14 DE SEPTIEMBRE.JPG\" \/>  <\/p>\n<p><strong>La iniciativa indica en uno de sus considerandos que el Senado de la Rep\u00fablica se suma a las voces de condena energ\u00e9tica y rechaza todas las formas de golpe de Estado o de desestabilizaci\u00f3n pol\u00edtica, que se puedan interactuar en nuestros pa\u00edses latinoamericanos, con la finalidad de violentar nuestras democracias e irrespetar la soberan\u00eda popular.<\/strong><\/p>\n<p><strong> <\/strong><\/p>\n<p><strong> <\/strong><\/p>\n<p><strong>SANTO DOMINGO, RD, 14 de Septiembre de 2016.-<\/strong>  El Senado aprob\u00f3 este mi\u00e9rcoles una resoluci\u00f3n en rechazo al golpe de Estado a la Presidenta de la Rep\u00fablica Federativa de Brasil, Dilma Rousseff Silva.<\/p>\n<\/p>\n<p>La iniciativa indica en uno de sus considerandos que el Senado de la Rep\u00fablica se suma a las voces de condena energ\u00e9tica y rechaza todas las formas de golpe de Estado o de desestabilizaci\u00f3n pol\u00edtica, que se puedan interactuar en nuestros pa\u00edses latinoamericanos, con la finalidad de violentar nuestras democracias e irrespetar la soberan\u00eda popular.<\/p>\n<\/p>\n<p>Asimismo expresar el rechazo a la violencia y discriminaci\u00f3n pol\u00edtica ejercida contra la ex presidenta por razones de g\u00e9nero y la conculcaci\u00f3n a sus derechos humanos.<\/p>\n<\/p>\n<p>Refiere que lo sucedido en la Rep\u00fablica Federativa del Brasil, donde fuerzas econ\u00f3micas afectadas por la implementaci\u00f3n de medidas de amplia base y mejoramiento en las condiciones de vida de m\u00e1s de 28 millones de ciudadanos que salieron de la pobreza, empezaron a respirar.<\/p>\n<\/p>\n<p>En la sesi\u00f3n tambi\u00e9n fue sancionada una resoluci\u00f3n instando al Congreso de los Estados Unidos de Am\u00e9rica a levantar el bloqueo Comercial, Econ\u00f3mico y Financiero a la Rep\u00fablica de Cuba.<\/p>\n<\/p>\n<p>En su segundo considerando se\u00f1ala que la Asamblea General de Naciones Unidas y la Organizaci\u00f3n de Estados Americanos se han pronunciado en contra del embargo o bloqueo a Cuba, el cual se ha implementado a trav\u00e9s de la denominada Ley Helms Burton de 1996, la que violenta los principios del Derecho Internacional vigente y los principios de la Organizaci\u00f3n Internacional de Comercio.<\/p>\n<\/p>\n<p>Ambas iniciativas son de la autor\u00eda del senador por la provincia La Vega, Euclides S\u00e1nchez. El senador Prin Pujals Nolasco solicit\u00f3 al pleno senatorial que ambas iniciativas fueran incluidas en el orden del d\u00eda.<\/p>\n<\/p>\n<p>Los legisladores aprobaron tambi\u00e9n una resoluci\u00f3n de apoyo a la Rep\u00fablica de China Taiw\u00e1n por una mayor y significativa participaci\u00f3n de las agencias especializadas en la ONU.<\/p>\n<\/p>\n<p>La iniciativa es de la autor\u00eda del presidente del Senado, Reinaldo Pared P\u00e9rez y Prin Pujals Nolasco.<\/p>\n<\/p>\n<p>Informe comisi\u00f3n eval\u00faa aspirantes miembros JCE<\/p>\n<\/p>\n<p>El senador Rafael Calder\u00f3n, miembro de la Comisi\u00f3n Especial del Senado designada para evaluar los aspirantes a miembros y suplentes de la Junta Central Electoral (JCE), para el periodo 2016-2020,  present\u00f3 un informe al pleno senatorial sobre los trabajos realizados por dicha comisi\u00f3n.<\/p>\n<\/p>\n<p>En el informe, Calder\u00f3n refiri\u00f3 que a partir de este jueves, desde las 10:00 de la ma\u00f1ana hasta la 1:00 de la tarde, se iniciar\u00e1n las entrevistas con diez de los candidatos que tengan todos sus documentos y curriculum debidamente organizado.<\/p>\n<p>El legislador dijo, adem\u00e1s, que estas entrevistas continuar\u00e1n pasada la fecha l\u00edmite para depositar las solicitudes que ser\u00e1 hasta el lunes 19 de septiembre.<\/p>\n<\/p>\n<p>Se\u00f1al\u00f3 que los miembros de la Comisi\u00f3n Especial realizar\u00e1n un trabajo responsable, garantizando un ejercicio transparente.<\/p>\n<\/p>\n<p>La sesi\u00f3n de este mi\u00e9rcoles fue dirigida por el vicepresidente del Senado, Dionis S\u00e1nchez Carrasco.<\/p>\n<h6> 2016-09-14 22:52:10 <\/h6>\n<p><!--\n<link rel=\"stylesheet\" href=\"css\/bootstrap.min.css\">\n\n\n<ul class=\"pagination\">\n\t    \n\t\n\n<li >\n\t<a href='?page_no=12042'>Previous<\/a>\n\t<\/li>\n\n\n       \n    \n\n<li><a href='?page_no=1'>1<\/a><\/li>\n\n\n\n<li><a href='?page_no=2'>2<\/a><\/li>\n\n\n\n<li><a>...<\/a><\/li>\n\n\n\n<li><a href='?page_no=12041'>12041<\/a><\/li>\n\n\n\n<li><a href='?page_no=12042'>12042<\/a><\/li>\n\n\n\n<li class='active'><a>12043<\/a><\/li>\n\n\n\n<li><a href='?page_no=12044'>12044<\/a><\/li>\n\n\n\n<li><a href='?page_no=12045'>12045<\/a><\/li>\n\n\n\n<li><a>...<\/a><\/li>\n\n\n\n<li><a href='?page_no=56169'>56169<\/a><\/li>\n\n\n\n<li><a href='?page_no=56170'>56170<\/a><\/li>\n\n    \n\t\n\n<li >\n\t<a href='?page_no=12044'>Next<\/a>\n\t<\/li>\n\n\n    \n\n<li><a href='?page_no=56170'>Last &rsaquo;&rsaquo;<\/a><\/li>\n\n<\/ul>\n\n\n--><br \/>\n<\/body><\/p>\n","protected":false},"excerpt":{"rendered":"<p>La iniciativa indica en uno de sus considerandos que el Senado de la Rep\u00fablica se suma a las voces de condena energ\u00e9tica y rechaza todas las formas de golpe de Estado o de desestabilizaci\u00f3n pol\u00edtica, que se puedan interactuar en nuestros pa\u00edses latinoamericanos, con la finalidad de violentar nuestras democracias e irrespetar la soberan\u00eda popular. [&hellip;]<\/p>\n","protected":false},"author":3,"featured_media":0,"comment_status":"open","ping_status":"open","sticky":false,"template":"","format":"standard","meta":{"footnotes":""},"categories":[20],"tags":[],"class_list":["post-217531","post","type-post","status-publish","format-standard","hentry","category-dominicana-hoy"],"_links":{"self":[{"href":"https:\/\/diariodominicano.com\/index.php?rest_route=\/wp\/v2\/posts\/217531","targetHints":{"allow":["GET"]}}],"collection":[{"href":"https:\/\/diariodominicano.com\/index.php?rest_route=\/wp\/v2\/posts"}],"about":[{"href":"https:\/\/diariodominicano.com\/index.php?rest_route=\/wp\/v2\/types\/post"}],"author":[{"embeddable":true,"href":"https:\/\/diariodominicano.com\/index.php?rest_route=\/wp\/v2\/users\/3"}],"replies":[{"embeddable":true,"href":"https:\/\/diariodominicano.com\/index.php?rest_route=%2Fwp%2Fv2%2Fcomments&post=217531"}],"version-history":[{"count":0,"href":"https:\/\/diariodominicano.com\/index.php?rest_route=\/wp\/v2\/posts\/217531\/revisions"}],"wp:attachment":[{"href":"https:\/\/diariodominicano.com\/index.php?rest_route=%2Fwp%2Fv2%2Fmedia&parent=217531"}],"wp:term":[{"taxonomy":"category","embeddable":true,"href":"https:\/\/diariodominicano.com\/index.php?rest_route=%2Fwp%2Fv2%2Fcategories&post=217531"},{"taxonomy":"post_tag","embeddable":true,"href":"https:\/\/diariodominicano.com\/index.php?rest_route=%2Fwp%2Fv2%2Ftags&post=217531"}],"curies":[{"name":"wp","href":"https:\/\/api.w.org\/{rel}","templated":true}]}}