{"id":217530,"date":"2016-09-15T02:04:23","date_gmt":"2016-09-15T02:04:23","guid":{"rendered":"http:\/\/diariodominicano.ddns.net\/?p=217530"},"modified":"2016-09-15T02:04:23","modified_gmt":"2016-09-15T02:04:23","slug":"presidente-danilo-medina-designa-nuevos-funcionarios","status":"publish","type":"post","link":"https:\/\/diariodominicano.com\/?p=217530","title":{"rendered":"Presidente Danilo Medina designa nuevos funcionarios"},"content":{"rendered":"<p><body><\/p>\n<p><img decoding=\"async\" src=\"img3\/daniloer.jpg\" \/>  <\/p>\n<p><strong> <\/strong><\/p>\n<p><strong> <\/strong><\/p>\n<p><strong><span class=\"text1noticias\">El presidente Danilo Medina emiti\u00f3 ayer el decreto 246-16.  (Fuente Externa)<\/span><\/strong><\/p>\n<\/p>\n<p><strong><span class=\"text1noticias\">SANTO DOMINGO, RD, (Servicios DICOM) 14 de Septiembre de 2016.-<\/span><\/strong><span class=\"text1noticias\"> El presidente Danilo Medina nombr\u00f3 44 nuevos funcionarios en la administraci\u00f3n p\u00fablica. La medida est\u00e1 contenida en el decreto 246-16, emitido este mi\u00e9rcoles. Alejandro Herrera fue ratificado como director del Instituto Dominicano de Aviaci\u00f3n Civil (IDAC), Omar Caama\u00f1o fue designado Contralor General de la Rep\u00fablica, mientras que Rufino Acosta es el nuevo director de Contabilidad Gubernamental y Carlos Antonio Castillo ser\u00e1 el c\u00f3nsul general de la Rep\u00fablica Dominicana en Nueva York.<\/span><\/p>\n<\/p>\n<p><span class=\"text1noticias\">V\u00edctor G\u00f3mez Casanova es el nuevo director de la Autoridad Portuaria Dominicana en tanto que Lidio Cadet pasa a ser el presidente de la Comisi\u00f3n de \u00c9tica e Integridad Gubernamental y Antonia Altagracia Guaba, directora del Plan Social de la Presidencia.<\/span><\/p>\n<\/p>\n<p><span class=\"text1noticias\">Adem\u00e1s, Ram\u00f3n Rodr\u00edguez (Monchy) fue designado en la Direcci\u00f3n General de Pasaportes; Julio Mar\u00ed\u00f1ez, director del Instituto de Desarrollo y Cr\u00e9dito y Cooperativo (Idecoop); C\u00e9sar Prieto, superintendente de Electricidad; Mayobanex Escotto, director del Instituto Nacional de la Vivienda (INVI); Domingo Contreras, director de Programas Especiales de la Presidencia; Rafael Peguero Peralta, presidente del Consejo Nacional de Drogas (CND) y Fidias Aristy como asesor del Poder Ejecutivo para Asuntos de Drogas.<\/span><\/p>\n<\/p>\n<p><span class=\"text1noticias\">Alexandra Izquierdo es la directora de la Oficina Nacional de Estad\u00edstica; Antonio Pe\u00f1a Mirabal , director general del Centro de Apoyo Log\u00edstico Promese Cal.<\/span><\/p>\n<\/p>\n<p><span class=\"text1noticias\">Miguel Mej\u00eda fue ratificado como ministro sin cartera para Pol\u00edticas de Integraci\u00f3n Regional y Nicol\u00e1s Calder\u00f3n, pasa a ser el director de los Comedores Econ\u00f3micos.<\/span><\/p>\n<\/p>\n<p><span class=\"text1noticias\">Jos\u00e9 Antonio Rodr\u00edguez fue nombrado embajador dominicano ante la UNESCO; Maribel Acosta qued\u00f3 designada subdirectora del Instituto Nacional de Bienestar Estudiantil y Xenia Garc\u00eda, ser\u00e1 la viceministra de la Presidencia para Pol\u00edticas de Transparencia Institucional. <\/span><\/p>\n<\/p>\n<h6> 2016-09-15 02:04:23 <\/h6>\n<p><!--\n<link rel=\"stylesheet\" href=\"css\/bootstrap.min.css\">\n\n\n<ul class=\"pagination\">\n\t    \n\t\n\n<li >\n\t<a href='?page_no=12041'>Previous<\/a>\n\t<\/li>\n\n\n       \n    \n\n<li><a href='?page_no=1'>1<\/a><\/li>\n\n\n\n<li><a href='?page_no=2'>2<\/a><\/li>\n\n\n\n<li><a>...<\/a><\/li>\n\n\n\n<li><a href='?page_no=12040'>12040<\/a><\/li>\n\n\n\n<li><a href='?page_no=12041'>12041<\/a><\/li>\n\n\n\n<li class='active'><a>12042<\/a><\/li>\n\n\n\n<li><a href='?page_no=12043'>12043<\/a><\/li>\n\n\n\n<li><a href='?page_no=12044'>12044<\/a><\/li>\n\n\n\n<li><a>...<\/a><\/li>\n\n\n\n<li><a href='?page_no=56169'>56169<\/a><\/li>\n\n\n\n<li><a href='?page_no=56170'>56170<\/a><\/li>\n\n    \n\t\n\n<li >\n\t<a href='?page_no=12043'>Next<\/a>\n\t<\/li>\n\n\n    \n\n<li><a href='?page_no=56170'>Last &rsaquo;&rsaquo;<\/a><\/li>\n\n<\/ul>\n\n\n--><br \/>\n<\/body><\/p>\n","protected":false},"excerpt":{"rendered":"<p>El presidente Danilo Medina emiti\u00f3 ayer el decreto 246-16. (Fuente Externa) SANTO DOMINGO, RD, (Servicios DICOM) 14 de Septiembre de 2016.- El presidente Danilo Medina nombr\u00f3 44 nuevos funcionarios en la administraci\u00f3n p\u00fablica. La medida est\u00e1 contenida en el decreto 246-16, emitido este mi\u00e9rcoles. Alejandro Herrera fue ratificado como director del Instituto Dominicano de Aviaci\u00f3n [&hellip;]<\/p>\n","protected":false},"author":3,"featured_media":0,"comment_status":"open","ping_status":"open","sticky":false,"template":"","format":"standard","meta":{"footnotes":""},"categories":[20],"tags":[],"class_list":["post-217530","post","type-post","status-publish","format-standard","hentry","category-dominicana-hoy"],"_links":{"self":[{"href":"https:\/\/diariodominicano.com\/index.php?rest_route=\/wp\/v2\/posts\/217530","targetHints":{"allow":["GET"]}}],"collection":[{"href":"https:\/\/diariodominicano.com\/index.php?rest_route=\/wp\/v2\/posts"}],"about":[{"href":"https:\/\/diariodominicano.com\/index.php?rest_route=\/wp\/v2\/types\/post"}],"author":[{"embeddable":true,"href":"https:\/\/diariodominicano.com\/index.php?rest_route=\/wp\/v2\/users\/3"}],"replies":[{"embeddable":true,"href":"https:\/\/diariodominicano.com\/index.php?rest_route=%2Fwp%2Fv2%2Fcomments&post=217530"}],"version-history":[{"count":0,"href":"https:\/\/diariodominicano.com\/index.php?rest_route=\/wp\/v2\/posts\/217530\/revisions"}],"wp:attachment":[{"href":"https:\/\/diariodominicano.com\/index.php?rest_route=%2Fwp%2Fv2%2Fmedia&parent=217530"}],"wp:term":[{"taxonomy":"category","embeddable":true,"href":"https:\/\/diariodominicano.com\/index.php?rest_route=%2Fwp%2Fv2%2Fcategories&post=217530"},{"taxonomy":"post_tag","embeddable":true,"href":"https:\/\/diariodominicano.com\/index.php?rest_route=%2Fwp%2Fv2%2Ftags&post=217530"}],"curies":[{"name":"wp","href":"https:\/\/api.w.org\/{rel}","templated":true}]}}