{"id":217529,"date":"2016-09-15T10:41:40","date_gmt":"2016-09-15T10:41:40","guid":{"rendered":"http:\/\/diariodominicano.ddns.net\/?p=217529"},"modified":"2016-09-15T10:41:40","modified_gmt":"2016-09-15T10:41:40","slug":"embajador-brewster-felicita-al-ministro-de-trabajo-durante-encuentro","status":"publish","type":"post","link":"https:\/\/diariodominicano.com\/?p=217529","title":{"rendered":"Embajador Brewster felicita al Ministro de Trabajo durante encuentro"},"content":{"rendered":"<p><body><\/p>\n<p><img decoding=\"async\" src=\"img3\/felicita 15-9.jpg\" \/>  <\/p>\n<p><span class=\"text1noticias\">Santo Domingo, R. D., 15 de septiembre.- El ministro de Trabajo, Jos\u00e9 Ram\u00f3n Fadul Fadul y el embajador de Estados Unidos, James W. Brewster, sostuvieron un encuentro este mi\u00e9rcoles en  la sede principal del Ministerio de Trabajo, durante el cual el diplom\u00e1tico felicit\u00f3 las labores y acciones emprendidas por el funcionario dominicano.<\/span><\/p>\n<p><span class=\"text1noticias\"> <\/span><\/p>\n<p><span class=\"text1noticias\">Tras augurar \u00e9xito al Ministro en sus nuevas funciones al frente del MT, el embajador Brewster garantiz\u00f3 su apoyo para impulsar acciones conjuntas, tendentes a fortalecer los v\u00ednculos que permitan crear propuestas  viables, dirigidas a fomentar el empleo, aumentar las capacitaciones y garantizar la seguridad en el trabajo.<\/span><\/p>\n<p><span class=\"text1noticias\"> <\/span><\/p>\n<p><span class=\"text1noticias\">De su lado, Jos\u00e9 Ram\u00f3n Fadul Fadul,  agradeci\u00f3 la visita de cortes\u00eda y acercamiento del Jefe de la misi\u00f3n diplom\u00e1tica de Estados Unidos en el pa\u00eds, asegurando que aunar\u00e1n esfuerzos  para dar continuidad a las metas trazadas entre ambas entidades, recordando que el pasado 31 de agosto, tambi\u00e9n se reuni\u00f3  en su despacho con representantes de la Embajada.<\/span><\/p>\n<p><span class=\"text1noticias\"> <\/span><\/p>\n<p><span class=\"text1noticias\">James Brewster asisti\u00f3 al encuentro acompa\u00f1ado de Stacey Maupin, oficial de la Secci\u00f3n Pol\u00edtica, y Patrick Dunn, encargado de Negocios.<\/span><\/p>\n<p><span class=\"text1noticias\"> <\/span><\/p>\n<h6> 2016-09-15 10:41:40 <\/h6>\n<p><!--\n<link rel=\"stylesheet\" href=\"css\/bootstrap.min.css\">\n\n\n<ul class=\"pagination\">\n\t    \n\t\n\n<li >\n\t<a href='?page_no=12040'>Previous<\/a>\n\t<\/li>\n\n\n       \n    \n\n<li><a href='?page_no=1'>1<\/a><\/li>\n\n\n\n<li><a href='?page_no=2'>2<\/a><\/li>\n\n\n\n<li><a>...<\/a><\/li>\n\n\n\n<li><a href='?page_no=12039'>12039<\/a><\/li>\n\n\n\n<li><a href='?page_no=12040'>12040<\/a><\/li>\n\n\n\n<li class='active'><a>12041<\/a><\/li>\n\n\n\n<li><a href='?page_no=12042'>12042<\/a><\/li>\n\n\n\n<li><a href='?page_no=12043'>12043<\/a><\/li>\n\n\n\n<li><a>...<\/a><\/li>\n\n\n\n<li><a href='?page_no=56169'>56169<\/a><\/li>\n\n\n\n<li><a href='?page_no=56170'>56170<\/a><\/li>\n\n    \n\t\n\n<li >\n\t<a href='?page_no=12042'>Next<\/a>\n\t<\/li>\n\n\n    \n\n<li><a href='?page_no=56170'>Last &rsaquo;&rsaquo;<\/a><\/li>\n\n<\/ul>\n\n\n--><br \/>\n<\/body><\/p>\n","protected":false},"excerpt":{"rendered":"<p>Santo Domingo, R. D., 15 de septiembre.- El ministro de Trabajo, Jos\u00e9 Ram\u00f3n Fadul Fadul y el embajador de Estados Unidos, James W. Brewster, sostuvieron un encuentro este mi\u00e9rcoles en la sede principal del Ministerio de Trabajo, durante el cual el diplom\u00e1tico felicit\u00f3 las labores y acciones emprendidas por el funcionario dominicano. Tras augurar \u00e9xito [&hellip;]<\/p>\n","protected":false},"author":3,"featured_media":0,"comment_status":"open","ping_status":"open","sticky":false,"template":"","format":"standard","meta":{"footnotes":""},"categories":[20],"tags":[],"class_list":["post-217529","post","type-post","status-publish","format-standard","hentry","category-dominicana-hoy"],"_links":{"self":[{"href":"https:\/\/diariodominicano.com\/index.php?rest_route=\/wp\/v2\/posts\/217529","targetHints":{"allow":["GET"]}}],"collection":[{"href":"https:\/\/diariodominicano.com\/index.php?rest_route=\/wp\/v2\/posts"}],"about":[{"href":"https:\/\/diariodominicano.com\/index.php?rest_route=\/wp\/v2\/types\/post"}],"author":[{"embeddable":true,"href":"https:\/\/diariodominicano.com\/index.php?rest_route=\/wp\/v2\/users\/3"}],"replies":[{"embeddable":true,"href":"https:\/\/diariodominicano.com\/index.php?rest_route=%2Fwp%2Fv2%2Fcomments&post=217529"}],"version-history":[{"count":0,"href":"https:\/\/diariodominicano.com\/index.php?rest_route=\/wp\/v2\/posts\/217529\/revisions"}],"wp:attachment":[{"href":"https:\/\/diariodominicano.com\/index.php?rest_route=%2Fwp%2Fv2%2Fmedia&parent=217529"}],"wp:term":[{"taxonomy":"category","embeddable":true,"href":"https:\/\/diariodominicano.com\/index.php?rest_route=%2Fwp%2Fv2%2Fcategories&post=217529"},{"taxonomy":"post_tag","embeddable":true,"href":"https:\/\/diariodominicano.com\/index.php?rest_route=%2Fwp%2Fv2%2Ftags&post=217529"}],"curies":[{"name":"wp","href":"https:\/\/api.w.org\/{rel}","templated":true}]}}