{"id":217526,"date":"2016-09-15T11:48:27","date_gmt":"2016-09-15T11:48:27","guid":{"rendered":"http:\/\/diariodominicano.ddns.net\/?p=217526"},"modified":"2016-09-15T11:48:27","modified_gmt":"2016-09-15T11:48:27","slug":"dac-deposita-ofrenda-floral-en-la-plaza-de-queretaro","status":"publish","type":"post","link":"https:\/\/diariodominicano.com\/?p=217526","title":{"rendered":"DAC deposita ofrenda floral en la Plaza de Quer\u00e9taro"},"content":{"rendered":"<p><body><\/p>\n<p><img decoding=\"async\" src=\"img3\/IDAC 15-9.jpg\" \/>  <\/p>\n<p> <span class=\"text1noticias\">Santo Domingo, R. D., 15 de septiembre.- En lo que es una tradici\u00f3n, el Instituto Dominicano de Aviaci\u00f3n Civil (IDAC) deposit\u00f3 una ofrenda floral en la Plaza de Quer\u00e9taro, con motivo de la celebraci\u00f3n del aniversario del Grito de Independencia de los Estados Unidos mexicanos, encabezada por el confirmado director general, Dr. Alejandro Herrera.<\/span><\/p>\n<p><span class=\"text1noticias\"> <\/span><\/p>\n<p><span class=\"text1noticias\">La representaci\u00f3n de M\u00e9xico en el acto celebrado a primeras horas de este jueves la encabez\u00f3 el embajador del pa\u00eds azteca, Se\u00f1or Carlos Tirado, quien agradeci\u00f3 el gesto de la direcci\u00f3n del IDAC, de impulsar el respeto y cari\u00f1o hacia el pueblo mexicano.<\/span><\/p>\n<p><span class=\"text1noticias\"> <\/span><\/p>\n<p><span class=\"text1noticias\">\u00abEn nombre de todos los mexicanos, agradecemos el gesto de la direcci\u00f3n general del IDAC, de sus funcionarios y  todo su personal, por este homenaje que brindan a nuestro pa\u00eds en esta plaza, al celebrar nuestra independencia\u00bb, dijo el embajador Tirado destacando el v\u00ednculo de hermandad entre M\u00e9xico y Rep\u00fablica Dominicana.<\/span><\/p>\n<p><span class=\"text1noticias\"> <\/span><\/p>\n<p><span class=\"text1noticias\">Se hizo portavoz del agradecimiento de M\u00e9xico por mantener viva la herencia de ese pa\u00eds mediante una plaza en la explanada frontal de la sede principal del IDAC en la avenida M\u00e9xico esquina 30 de Marzo.<\/span><\/p>\n<p><span class=\"text1noticias\"> <\/span><\/p>\n<p><span class=\"text1noticias\">La Plaza de Quer\u00e9taro, lugar de la ofrenda, fue inaugurada en 1988, y cada a\u00f1o, desde la llegada al IDAC de Alejandro Herrera, se rinde homenaje a los hombres y mujeres que dieron su vida para liberar al pa\u00eds azteca.<\/span><\/p>\n<p><span class=\"text1noticias\"> <\/span><\/p>\n<p><span class=\"text1noticias\">M\u00e9xico conquist\u00f3 su independencia de Espa\u00f1a en una larga guerra que se extendi\u00f3 desde el Grito de Dolores, en septiembre de 1810, hasta la entrada del ej\u00e9rcito independentista a Ciudad de M\u00e9xico, el 27 de septiembre de 1821.<\/span><\/p>\n<p><span class=\"text1noticias\"> <\/span><\/p>\n<p><span class=\"text1noticias\">Al acto de ofrenda floral asistieron funcionarios de la embajada de M\u00e9xico y del Instituto Dominicano de Aviaci\u00f3n C<\/span>ivil.<\/p>\n<h6> 2016-09-15 11:48:27 <\/h6>\n<p><!--\n<link rel=\"stylesheet\" href=\"css\/bootstrap.min.css\">\n\n\n<ul class=\"pagination\">\n\t    \n\t\n\n<li >\n\t<a href='?page_no=12038'>Previous<\/a>\n\t<\/li>\n\n\n       \n    \n\n<li><a href='?page_no=1'>1<\/a><\/li>\n\n\n\n<li><a href='?page_no=2'>2<\/a><\/li>\n\n\n\n<li><a>...<\/a><\/li>\n\n\n\n<li><a href='?page_no=12037'>12037<\/a><\/li>\n\n\n\n<li><a href='?page_no=12038'>12038<\/a><\/li>\n\n\n\n<li class='active'><a>12039<\/a><\/li>\n\n\n\n<li><a href='?page_no=12040'>12040<\/a><\/li>\n\n\n\n<li><a href='?page_no=12041'>12041<\/a><\/li>\n\n\n\n<li><a>...<\/a><\/li>\n\n\n\n<li><a href='?page_no=56169'>56169<\/a><\/li>\n\n\n\n<li><a href='?page_no=56170'>56170<\/a><\/li>\n\n    \n\t\n\n<li >\n\t<a href='?page_no=12040'>Next<\/a>\n\t<\/li>\n\n\n    \n\n<li><a href='?page_no=56170'>Last &rsaquo;&rsaquo;<\/a><\/li>\n\n<\/ul>\n\n\n--><br \/>\n<\/body><\/p>\n","protected":false},"excerpt":{"rendered":"<p>Santo Domingo, R. D., 15 de septiembre.- En lo que es una tradici\u00f3n, el Instituto Dominicano de Aviaci\u00f3n Civil (IDAC) deposit\u00f3 una ofrenda floral en la Plaza de Quer\u00e9taro, con motivo de la celebraci\u00f3n del aniversario del Grito de Independencia de los Estados Unidos mexicanos, encabezada por el confirmado director general, Dr. Alejandro Herrera. La [&hellip;]<\/p>\n","protected":false},"author":3,"featured_media":0,"comment_status":"open","ping_status":"open","sticky":false,"template":"","format":"standard","meta":{"footnotes":""},"categories":[20],"tags":[],"class_list":["post-217526","post","type-post","status-publish","format-standard","hentry","category-dominicana-hoy"],"_links":{"self":[{"href":"https:\/\/diariodominicano.com\/index.php?rest_route=\/wp\/v2\/posts\/217526","targetHints":{"allow":["GET"]}}],"collection":[{"href":"https:\/\/diariodominicano.com\/index.php?rest_route=\/wp\/v2\/posts"}],"about":[{"href":"https:\/\/diariodominicano.com\/index.php?rest_route=\/wp\/v2\/types\/post"}],"author":[{"embeddable":true,"href":"https:\/\/diariodominicano.com\/index.php?rest_route=\/wp\/v2\/users\/3"}],"replies":[{"embeddable":true,"href":"https:\/\/diariodominicano.com\/index.php?rest_route=%2Fwp%2Fv2%2Fcomments&post=217526"}],"version-history":[{"count":0,"href":"https:\/\/diariodominicano.com\/index.php?rest_route=\/wp\/v2\/posts\/217526\/revisions"}],"wp:attachment":[{"href":"https:\/\/diariodominicano.com\/index.php?rest_route=%2Fwp%2Fv2%2Fmedia&parent=217526"}],"wp:term":[{"taxonomy":"category","embeddable":true,"href":"https:\/\/diariodominicano.com\/index.php?rest_route=%2Fwp%2Fv2%2Fcategories&post=217526"},{"taxonomy":"post_tag","embeddable":true,"href":"https:\/\/diariodominicano.com\/index.php?rest_route=%2Fwp%2Fv2%2Ftags&post=217526"}],"curies":[{"name":"wp","href":"https:\/\/api.w.org\/{rel}","templated":true}]}}