{"id":217525,"date":"2016-09-15T12:25:46","date_gmt":"2016-09-15T12:25:46","guid":{"rendered":"http:\/\/diariodominicano.ddns.net\/?p=217525"},"modified":"2016-09-15T12:25:46","modified_gmt":"2016-09-15T12:25:46","slug":"edesur-y-cdeee-inician-trabajos-rehabilitacion-de-redes-electricas","status":"publish","type":"post","link":"https:\/\/diariodominicano.com\/?p=217525","title":{"rendered":"EDESUR y CDEEE inician trabajos Rehabilitaci\u00f3n de Redes El\u00e9ctricas"},"content":{"rendered":"<p><body><\/p>\n<p><img decoding=\"async\" src=\"img3\/Edesur15-9.jpg\" \/><br \/><img decoding=\"async\" src=\"img3\/publicoedesur15-9.jpg\" \/>  <\/p>\n<p>San Crist\u00f3bal, R. D., 15 de septiembre.- EDESUR Dominicana, junto a la Corporaci\u00f3n Dominicana de Empresas El\u00e9ctricas Estatales (CDEEE) y el Banco Interamericano de Desarrollo (BID), celebraron el acto de inicio de los trabajos del Programa de Rehabilitaci\u00f3n de Redes El\u00e9ctricas en el circuito MVIE102, de la provincia San Crist\u00f3bal, que mejorar\u00e1 la calidad de vida a unas 63,000 personas en cinco comunidades, con una inversi\u00f3n de 9.5 millones de d\u00f3lares.<\/p>\n<\/p>\n<p>El Administrador Gerente General de EDESUR, Ing. Radham\u00e9s Del Carmen encabez\u00f3 el acto en que participaron adem\u00e1s otras autoridades del sector el\u00e9ctrico y de la provincia.<\/p>\n<\/p>\n<p>En el acto, Del Carmen indic\u00f3 que el proyecto en este circuito ser\u00e1 ejecutado en coordinaci\u00f3n con la CDEEE, con el financiamiento del BID, beneficiando a las comunidades de Villa Federico, La Jeringa, Las Flores, y los barrios Mosc\u00fa y 5 de Abril.<\/p>\n<\/p>\n<p>Explic\u00f3 que el proyecto consiste en la rehabilitaci\u00f3n de unos 41.12 kil\u00f3metros de redes de media y baja tensi\u00f3n, la instalaci\u00f3n de 822 luminarias de alumbrado p\u00fablico y 314 transformadores, as\u00ed como la normalizaci\u00f3n de 11,957 clientes; de los cuales 5,584 tendr\u00e1n la tecnolog\u00eda prepago y 6,373 postpago.<\/p>\n<\/p>\n<p>Tambi\u00e9n detall\u00f3 que en la actualidad en la zona de intervenci\u00f3n del proyecto las p\u00e9rdidas respecto al cobro son del 70%, igual a 27.24 gigavatios hora al a\u00f1o, equivalente a US$4.09 MM. En ese sentido, resalt\u00f3 su expectativa de que al concluir los trabajos haya una cobranza ascendente al 95%, para lograr la recuperaci\u00f3n anual de 22.8 gigavatios hora, equivalente a US$3.42MM, de manera que se retorne la inversi\u00f3n en un tiempo promedio de 2.8 a\u00f1os.<\/p>\n<\/p>\n<p>Del Carmen asegur\u00f3 que la nueva EDESUR cumplir\u00e1 con su compromiso de mejorar la calidad del servicio en su \u00e1rea de concesi\u00f3n, enfatizando que es necesario que los ciudadanos tambi\u00e9n cumplan con su parte, pagando la energ\u00eda y utiliz\u00e1ndola de manera eficiente para que lo que consuman mensualmente se ajuste a su presupuesto, y as\u00ed garantizar la sostenibilidad del proyecto y el desarrollo de las comunidades.<\/p>\n<\/p>\n<p>\u00abDesde que comenzamos a dirigir esta gesti\u00f3n en la nueva EDESUR apostamos a San Crist\u00f3bal, por eso estamos haciendo estas inversiones en esta provincia. La semana pasada iniciamos un proyecto similar en Haina, hoy nos ha tocado estar aqu\u00ed para iniciar estos trabajos que esperamos est\u00e9n concluidos en un plazo no mayor de entre 13 a 15 meses\u00bb, apunt\u00f3 Radham\u00e9s Del Carmen.<\/p>\n<\/p>\n<p>Refiri\u00f3 otros proyectos como el alumbrado de las principales entradas y salidas de esta ciudad hacia Santo Domingo, lo que garantiza la continuidad del Plan de Seguridad Ciudadana implementado por el Gobierno Central.<\/p>\n<\/p>\n<p>Del mismo modo, Marilyn Brito, Coordinadora de la Unidad Ejecutora de Proyectos de la CDEEE, resalt\u00f3 las oportunidades que ofrece el Programa de Rehabilitaci\u00f3n de Redes El\u00e9ctricas a las comunidades al trabajar por una mejora en su servicio, e invit\u00f3 a los presentes residentes en las zonas a intervenir a participar de forma activa en las propuestas que trae el Programa a sus comunidades.<\/p>\n<\/p>\n<p>El Programa de Rehabilitaci\u00f3n de Redes El\u00e9ctricas es una iniciativa conjunta de la CDEEE junto a EDESUR, EDENORTE y EDEESTE, con la misi\u00f3n de rehabilitar la red de distribuci\u00f3n el\u00e9ctrica, reducir las p\u00e9rdidas y mejorar el servicio para conseguir un sector financieramente sostenible y garantizar el desarrollo del pa\u00eds. En total trabajar\u00e1 la rehabilitaci\u00f3n de las redes en 63 circuitos a nivel nacional, con el apoyo del BID, el Fondo OPEP para el Desarrollo Internacional (OFID), el Banco Mundial, y el Banco Europeo de Inversiones.<\/p>\n<h6> 2016-09-15 12:25:46 <\/h6>\n<p><!--\n<link rel=\"stylesheet\" href=\"css\/bootstrap.min.css\">\n\n\n<ul class=\"pagination\">\n\t    \n\t\n\n<li >\n\t<a href='?page_no=12037'>Previous<\/a>\n\t<\/li>\n\n\n       \n    \n\n<li><a href='?page_no=1'>1<\/a><\/li>\n\n\n\n<li><a href='?page_no=2'>2<\/a><\/li>\n\n\n\n<li><a>...<\/a><\/li>\n\n\n\n<li><a href='?page_no=12036'>12036<\/a><\/li>\n\n\n\n<li><a href='?page_no=12037'>12037<\/a><\/li>\n\n\n\n<li class='active'><a>12038<\/a><\/li>\n\n\n\n<li><a href='?page_no=12039'>12039<\/a><\/li>\n\n\n\n<li><a href='?page_no=12040'>12040<\/a><\/li>\n\n\n\n<li><a>...<\/a><\/li>\n\n\n\n<li><a href='?page_no=56169'>56169<\/a><\/li>\n\n\n\n<li><a href='?page_no=56170'>56170<\/a><\/li>\n\n    \n\t\n\n<li >\n\t<a href='?page_no=12039'>Next<\/a>\n\t<\/li>\n\n\n    \n\n<li><a href='?page_no=56170'>Last &rsaquo;&rsaquo;<\/a><\/li>\n\n<\/ul>\n\n\n--><br \/>\n<\/body><\/p>\n","protected":false},"excerpt":{"rendered":"<p>San Crist\u00f3bal, R. D., 15 de septiembre.- EDESUR Dominicana, junto a la Corporaci\u00f3n Dominicana de Empresas El\u00e9ctricas Estatales (CDEEE) y el Banco Interamericano de Desarrollo (BID), celebraron el acto de inicio de los trabajos del Programa de Rehabilitaci\u00f3n de Redes El\u00e9ctricas en el circuito MVIE102, de la provincia San Crist\u00f3bal, que mejorar\u00e1 la calidad de [&hellip;]<\/p>\n","protected":false},"author":3,"featured_media":0,"comment_status":"open","ping_status":"open","sticky":false,"template":"","format":"standard","meta":{"footnotes":""},"categories":[20],"tags":[],"class_list":["post-217525","post","type-post","status-publish","format-standard","hentry","category-dominicana-hoy"],"_links":{"self":[{"href":"https:\/\/diariodominicano.com\/index.php?rest_route=\/wp\/v2\/posts\/217525","targetHints":{"allow":["GET"]}}],"collection":[{"href":"https:\/\/diariodominicano.com\/index.php?rest_route=\/wp\/v2\/posts"}],"about":[{"href":"https:\/\/diariodominicano.com\/index.php?rest_route=\/wp\/v2\/types\/post"}],"author":[{"embeddable":true,"href":"https:\/\/diariodominicano.com\/index.php?rest_route=\/wp\/v2\/users\/3"}],"replies":[{"embeddable":true,"href":"https:\/\/diariodominicano.com\/index.php?rest_route=%2Fwp%2Fv2%2Fcomments&post=217525"}],"version-history":[{"count":0,"href":"https:\/\/diariodominicano.com\/index.php?rest_route=\/wp\/v2\/posts\/217525\/revisions"}],"wp:attachment":[{"href":"https:\/\/diariodominicano.com\/index.php?rest_route=%2Fwp%2Fv2%2Fmedia&parent=217525"}],"wp:term":[{"taxonomy":"category","embeddable":true,"href":"https:\/\/diariodominicano.com\/index.php?rest_route=%2Fwp%2Fv2%2Fcategories&post=217525"},{"taxonomy":"post_tag","embeddable":true,"href":"https:\/\/diariodominicano.com\/index.php?rest_route=%2Fwp%2Fv2%2Ftags&post=217525"}],"curies":[{"name":"wp","href":"https:\/\/api.w.org\/{rel}","templated":true}]}}