{"id":217524,"date":"2016-09-15T13:02:30","date_gmt":"2016-09-15T13:02:30","guid":{"rendered":"http:\/\/diariodominicano.ddns.net\/?p=217524"},"modified":"2016-09-15T13:02:30","modified_gmt":"2016-09-15T13:02:30","slug":"despacho-de-la-primera-dama-celebrara-dia-mundial-por-la-paz","status":"publish","type":"post","link":"https:\/\/diariodominicano.com\/?p=217524","title":{"rendered":"Despacho de la Primera Dama celebrar\u00e1 D\u00eda Mundial por la Paz"},"content":{"rendered":"<p><body><\/p>\n<p><img decoding=\"async\" src=\"img3\/Cunidaddama15-9.jpg\" \/>  <\/p>\n<p><span class=\"text1noticias\">Santo Domingo, R. D., 15 de septiembre.- El Despacho de la Primera Dama a trav\u00e9s de su programa \u00abComunidades Inteligentes\u00bb, realizar\u00e1 un acto conmemorativo a la paz denominado \u00abEn paz se vive mejor\u00bb.<\/span><\/p>\n<p><span class=\"text1noticias\"> <\/span><\/p>\n<p><span class=\"text1noticias\">El acto que tendr\u00e1 lugar el pr\u00f3ximo mi\u00e9rcoles 21 de los corrientes, a las 6:00 de la tarde, en la explanada del Monumento de los H\u00e9roes de la Restauraci\u00f3n en Santiago, en ocasi\u00f3n de la celebraci\u00f3n del D\u00eda Mundial de la Paz.<\/span><\/p>\n<p><span class=\"text1noticias\"> <\/span><\/p>\n<p><span class=\"text1noticias\"> La actividad cuenta con el apoyo del arzobispado y la alcald\u00eda de Santiago de los Caballeros, cuyos titulares, monse\u00f1or F\u00e9lix Bret\u00f3n y Abel Mart\u00ednez, respectivamente, estar\u00e1n presentes.<\/span><\/p>\n<p><span class=\"text1noticias\"> <\/span><\/p>\n<p><span class=\"text1noticias\">Compromiso<\/span><\/p>\n<p><span class=\"text1noticias\">El Despacho de la Primera Dama C\u00e1ndida Montilla de Medina con su programa \u00abComunidades Inteligentes\u00bb, ha estado formando l\u00edderes comunitarios y promotores sociales \u00abPor una cultura de Paz\u00bb en todo el pa\u00eds.<\/span><\/p>\n<p><span class=\"text1noticias\"> <\/span><\/p>\n<p><span class=\"text1noticias\">El coordinador del Programa, Francisco Garc\u00eda Bethencourt, resalta que el objetivo es desarrollar a trav\u00e9s de las acciones, capacidades que favorezcan la auto gesti\u00f3n del propio cambio de la gente y de su entorno.<\/span><\/p>\n<p><span class=\"text1noticias\"> <\/span><\/p>\n<p><span class=\"text1noticias\">Con tales pr\u00e1cticas se busca la adopci\u00f3n de una nueva cultura en convivencia, expresada en la soluci\u00f3n pac\u00edfica de conflictos, el perd\u00f3n, el amor y las relaciones sociales saludables.<\/span><\/p>\n<p><span class=\"text1noticias\"> <\/span><\/p>\n<p><span class=\"text1noticias\">Celebraci\u00f3n por una cultura de paz<\/span><\/p>\n<p><span class=\"text1noticias\">Francisco Garc\u00eda Bethencourt se\u00f1ala que \u00abinstaurar una Cultura de Paz en el pa\u00eds requiere la voluntad comprometida y la participaci\u00f3n activa de todas las instituciones p\u00fablicas y de la sociedad civil, militares, eclesiales y empresariales\u00bb.<\/span><\/p>\n<p><span class=\"text1noticias\"> <\/span><\/p>\n<p><span class=\"text1noticias\">La Cultura de Paz fue definida por la Asamblea General de la Organizaci\u00f3n de las Naciones Unidas (ONU) como un conjunto de valores, actitudes, comportamientos y estilos de vida que rechazan la violencia.<\/span><\/p>\n<p><span class=\"text1noticias\">Estas acciones previenen los conflictos atacando sus ra\u00edces, a trav\u00e9s de di\u00e1logo y la negociaci\u00f3n entre individuos, grupos y Estados y en esta l\u00ednea se adopt\u00f3 en el 1981, el 21 de septiembre como el D\u00eda Mundial por l<\/span>a Paz.<\/p>\n<h6> 2016-09-15 13:02:30 <\/h6>\n<p><!--\n<link rel=\"stylesheet\" href=\"css\/bootstrap.min.css\">\n\n\n<ul class=\"pagination\">\n\t    \n\t\n\n<li >\n\t<a href='?page_no=12036'>Previous<\/a>\n\t<\/li>\n\n\n       \n    \n\n<li><a href='?page_no=1'>1<\/a><\/li>\n\n\n\n<li><a href='?page_no=2'>2<\/a><\/li>\n\n\n\n<li><a>...<\/a><\/li>\n\n\n\n<li><a href='?page_no=12035'>12035<\/a><\/li>\n\n\n\n<li><a href='?page_no=12036'>12036<\/a><\/li>\n\n\n\n<li class='active'><a>12037<\/a><\/li>\n\n\n\n<li><a href='?page_no=12038'>12038<\/a><\/li>\n\n\n\n<li><a href='?page_no=12039'>12039<\/a><\/li>\n\n\n\n<li><a>...<\/a><\/li>\n\n\n\n<li><a href='?page_no=56169'>56169<\/a><\/li>\n\n\n\n<li><a href='?page_no=56170'>56170<\/a><\/li>\n\n    \n\t\n\n<li >\n\t<a href='?page_no=12038'>Next<\/a>\n\t<\/li>\n\n\n    \n\n<li><a href='?page_no=56170'>Last &rsaquo;&rsaquo;<\/a><\/li>\n\n<\/ul>\n\n\n--><br \/>\n<\/body><\/p>\n","protected":false},"excerpt":{"rendered":"<p>Santo Domingo, R. D., 15 de septiembre.- El Despacho de la Primera Dama a trav\u00e9s de su programa \u00abComunidades Inteligentes\u00bb, realizar\u00e1 un acto conmemorativo a la paz denominado \u00abEn paz se vive mejor\u00bb. El acto que tendr\u00e1 lugar el pr\u00f3ximo mi\u00e9rcoles 21 de los corrientes, a las 6:00 de la tarde, en la explanada del [&hellip;]<\/p>\n","protected":false},"author":3,"featured_media":0,"comment_status":"open","ping_status":"open","sticky":false,"template":"","format":"standard","meta":{"footnotes":""},"categories":[20],"tags":[],"class_list":["post-217524","post","type-post","status-publish","format-standard","hentry","category-dominicana-hoy"],"_links":{"self":[{"href":"https:\/\/diariodominicano.com\/index.php?rest_route=\/wp\/v2\/posts\/217524","targetHints":{"allow":["GET"]}}],"collection":[{"href":"https:\/\/diariodominicano.com\/index.php?rest_route=\/wp\/v2\/posts"}],"about":[{"href":"https:\/\/diariodominicano.com\/index.php?rest_route=\/wp\/v2\/types\/post"}],"author":[{"embeddable":true,"href":"https:\/\/diariodominicano.com\/index.php?rest_route=\/wp\/v2\/users\/3"}],"replies":[{"embeddable":true,"href":"https:\/\/diariodominicano.com\/index.php?rest_route=%2Fwp%2Fv2%2Fcomments&post=217524"}],"version-history":[{"count":0,"href":"https:\/\/diariodominicano.com\/index.php?rest_route=\/wp\/v2\/posts\/217524\/revisions"}],"wp:attachment":[{"href":"https:\/\/diariodominicano.com\/index.php?rest_route=%2Fwp%2Fv2%2Fmedia&parent=217524"}],"wp:term":[{"taxonomy":"category","embeddable":true,"href":"https:\/\/diariodominicano.com\/index.php?rest_route=%2Fwp%2Fv2%2Fcategories&post=217524"},{"taxonomy":"post_tag","embeddable":true,"href":"https:\/\/diariodominicano.com\/index.php?rest_route=%2Fwp%2Fv2%2Ftags&post=217524"}],"curies":[{"name":"wp","href":"https:\/\/api.w.org\/{rel}","templated":true}]}}