{"id":217523,"date":"2016-09-15T13:07:58","date_gmt":"2016-09-15T13:07:58","guid":{"rendered":"http:\/\/diariodominicano.ddns.net\/?p=217523"},"modified":"2016-09-15T13:07:58","modified_gmt":"2016-09-15T13:07:58","slug":"sns-reinicia-encuentros-con-directores-de-salud-y-de-hospitales-en-visita-al-suroeste","status":"publish","type":"post","link":"https:\/\/diariodominicano.com\/?p=217523","title":{"rendered":"SNS reinicia encuentros con directores de salud y de hospitales en visita al suroeste"},"content":{"rendered":"<p><body><\/p>\n<p><img decoding=\"async\" src=\"img3\/salud 15-9.jpg\" \/>  <\/p>\n<p><span class=\"text1noticias\">Independencia, R. D.,  15 septiembre.- El titular del Servicio Nacional de Salud (SNS) reinici\u00f3 hoy su recorrido por las regionales de salud en un recorrido por el suroeste que abarc\u00f3 las provincias Bahoruco, Independencia, Barahona y San Juan.<\/span><\/p>\n<p><span class=\"text1noticias\"> <\/span><\/p>\n<p><span class=\"text1noticias\">El recorrido inici\u00f3 en el hospital materno infantil San Bartolom\u00e9 del municipio de Neyba, que por sus condiciones, el presidente Danilo Medina orden\u00f3 que se construya un nuevo hospital para beneficio de la poblaci\u00f3n. <\/span><\/p>\n<p><span class=\"text1noticias\"> <\/span><\/p>\n<p><span class=\"text1noticias\">El doctor Rodr\u00edguez Monegro se desplaz\u00f3 luego al hospital de la Descubierta que consta de 40 camas y donde conoci\u00f3 de primera fuente el proceso de reconstrucci\u00f3n que est\u00e1 a cargo de la Oficina Supervisora de Obras del Estado (OISOE).<\/span><\/p>\n<p><span class=\"text1noticias\"> <\/span><\/p>\n<p><span class=\"text1noticias\">En Jiman\u00ed, recorri\u00f3 las diferentes \u00e1reas del hospital General Melenciano, tambi\u00e9n en proceso de reconstrucci\u00f3n en su totalidad.<\/span><\/p>\n<p><span class=\"text1noticias\">Recorrido en Barahona<\/span><\/p>\n<p><span class=\"text1noticias\"> <\/span><\/p>\n<p><span class=\"text1noticias\">El incumbente se dirigi\u00f3 luego al hospital Jaime Mota de Barahona, intervenido en algunas de sus \u00e1reas y que con una ocupaci\u00f3n de un 65 por ciento, presta todos los servicios caracter\u00edsticos de un centro de salud.<\/span><\/p>\n<p><span class=\"text1noticias\"> <\/span><\/p>\n<p><span class=\"text1noticias\">En esta provincia, doctor Rodr\u00edguez Monegro posteriormente realiz\u00f3 un encuentro con el personal directivo de la Regional de Salud IV, que dirige el doctor Luis P\u00e9rez donde se congregaron los directores de sus 14 hospitales, un regional, tres provinciales y diez municipales; quienes participaron junto a sus administradores, gerentes asistenciales y de \u00e1rea.<\/span><\/p>\n<p><span class=\"text1noticias\"> <\/span><\/p>\n<p><span class=\"text1noticias\">En el encuentro, el titular del SNS destac\u00f3 que por la cobertura de salud, el primer nivel de atenci\u00f3n es un logro porque \u00abha permitido mejorar el servicio sanitario en las comunidades que conforman esta regional de salud\u00bb.<\/span><\/p>\n<p><span class=\"text1noticias\"> <\/span><\/p>\n<p><span class=\"text1noticias\">En la actualidad, la Regional IV, ultima detalles para la entrega de los centros de Atenci\u00f3n de Villa Jaragua en Bahoruco y Pedernales, igualmente est\u00e1 en espera de que la OISOE entregue el centro Diagn\u00f3stico que funcionar\u00e1 en Jiman\u00ed.<\/span><\/p>\n<p><span class=\"text1noticias\"> <\/span><\/p>\n<p><span class=\"text1noticias\">Ponder\u00f3 que desde el punto de vista gerencial y financiero, la SRS IV sea sostenible, que paga su n\u00f3mina y ha adquirido tres camionetas con recursos propios y ha reparado veh\u00edculos de importancia para la regional. <\/span><\/p>\n<p><span class=\"text1noticias\"> <\/span><\/p>\n<p><span class=\"text1noticias\">Encuentro en San Juan <\/span><\/p>\n<p><span class=\"text1noticias\"> <\/span><\/p>\n<p><span class=\"text1noticias\">En su visita a San Juan de la Maguana, el funcionario de la salud supervis\u00f3 el hospital Alejandro Cabral, que registra un 67 por ciento de ocupaci\u00f3n y que forma parte de los centros de salud priorizados por el gobierno para terminarse a final de este a\u00f1o. <\/span><\/p>\n<p><span class=\"text1noticias\"> <\/span><\/p>\n<p><span class=\"text1noticias\">Sobre el centro de salud, Rodr\u00edguez Monegro asegur\u00f3 que ser\u00e1 equipado adecuadamente y se designar\u00e1 al personal necesario para que ofrezca servicios sanitarios de calidad a la poblaci\u00f3n de toda la regi\u00f3n.<\/span><\/p>\n<p><span class=\"text1noticias\"> <\/span><\/p>\n<p><span class=\"text1noticias\">Finalmente encabez\u00f3 la reuni\u00f3n con el SRS VI, que dirige el doctor H\u00e9ctor Guerrero, donde participaron los directores de sus 13 hospitales, que incluye un provincial, dos regionales y diez municipales junto al personal t\u00e9cnico.<\/span><\/p>\n<p><span class=\"text1noticias\"> <\/span><\/p>\n<p><span class=\"text1noticias\">Objetivo de los encuentros con los SRS<\/span><\/p>\n<p><span class=\"text1noticias\"> <\/span><\/p>\n<p><span class=\"text1noticias\">Desde que inici\u00f3 su gesti\u00f3n y en la medida de los compromisos, el titular del SNS ha realizado encuentros con el personal t\u00e9cnico de los SRS con el objetivo de socializar con los directores de salud y de los hospitales sobre los retos y desaf\u00edos del sector en t\u00e9rminos generales y la motivaci\u00f3n a duplicar esfuerzos en sus capacidades de respuesta a las necesidades de salud de la poblaci\u00f3n.<\/span><\/p>\n<p><span class=\"text1noticias\"> <\/span><\/p>\n<p><span class=\"text1noticias\">En su participaci\u00f3n, Rodr\u00edguez Monegro, destaca que el SNS ofrece acompa\u00f1amiento a trav\u00e9s de los Servicios Regionales de Salud,  les motiva a utilizar de forma racional e inteligente los recursos y a trabajar en beneficio de los m\u00e1s necesitados que demandan servicios de las redes sanitarias.<\/span><\/p>\n<p><span class=\"text1noticias\"> <\/span><\/p>\n<p><span class=\"text1noticias\">Otros de los temas abordados son la eficientizaci\u00f3n del sistema de salud, incremento de la inversi\u00f3n, utilizaci\u00f3n racional e inteligente de los recursos disponibles, un sistema de gesti\u00f3n profesional y competente, aplicaci\u00f3n de una pol\u00edtica de recursos humanos y salarial conveniente y humanizaci\u00f3n de la atenci\u00f3n, que a su juicio son elementos determinantes para hacer realidad la \u00aba\u00f1orada transformaci\u00f3n del sistema sanitario\u00bb, indic\u00f3.<\/span><\/p>\n<p><span class=\"text1noticias\"> <\/span><\/p>\n<p><span class=\"text1noticias\">La infraestructura, de manos con la  tecnolog\u00eda apropiada y horarios de consultas suficientes que respondan a la demanda, se suman al conjunto de acciones que transformar\u00edan la gesti\u00f3n en salud de los SRS.<\/span><\/p>\n<p><span class=\"text1noticias\"> <\/span><\/p>\n<p><span class=\"text1noticias\">Acompa\u00f1ar a las regionales para que gestionen de forma integral y que provean directamente los servicios de salud, y proveerles las herramientas para que mejoren la calidad de los servicios, tambi\u00e9n forman parte de la misi\u00f3n  fundamental del SNS, seg\u00fan explica.<\/span><\/p>\n<p><span class=\"text1noticias\"> <\/span><\/p>\n<p><span class=\"text1noticias\">En torno al tema administrativo y financiero en los hospitales, sostiene que deben estar dirigidos por profesionales de esas \u00e1reas que cumplan con las normativas de la administraci\u00f3n p\u00fablica y asegur\u00f3 que profesionalizar la gesti\u00f3n de direcci\u00f3n  de los  hospitales es una de las priori<\/span>dades del SNS.  <\/p>\n<\/p>\n<h6> 2016-09-15 13:07:58 <\/h6>\n<p><!--\n<link rel=\"stylesheet\" href=\"css\/bootstrap.min.css\">\n\n\n<ul class=\"pagination\">\n\t    \n\t\n\n<li >\n\t<a href='?page_no=12035'>Previous<\/a>\n\t<\/li>\n\n\n       \n    \n\n<li><a href='?page_no=1'>1<\/a><\/li>\n\n\n\n<li><a href='?page_no=2'>2<\/a><\/li>\n\n\n\n<li><a>...<\/a><\/li>\n\n\n\n<li><a href='?page_no=12034'>12034<\/a><\/li>\n\n\n\n<li><a href='?page_no=12035'>12035<\/a><\/li>\n\n\n\n<li class='active'><a>12036<\/a><\/li>\n\n\n\n<li><a href='?page_no=12037'>12037<\/a><\/li>\n\n\n\n<li><a href='?page_no=12038'>12038<\/a><\/li>\n\n\n\n<li><a>...<\/a><\/li>\n\n\n\n<li><a href='?page_no=56169'>56169<\/a><\/li>\n\n\n\n<li><a href='?page_no=56170'>56170<\/a><\/li>\n\n    \n\t\n\n<li >\n\t<a href='?page_no=12037'>Next<\/a>\n\t<\/li>\n\n\n    \n\n<li><a href='?page_no=56170'>Last &rsaquo;&rsaquo;<\/a><\/li>\n\n<\/ul>\n\n\n--><br \/>\n<\/body><\/p>\n","protected":false},"excerpt":{"rendered":"<p>Independencia, R. D., 15 septiembre.- El titular del Servicio Nacional de Salud (SNS) reinici\u00f3 hoy su recorrido por las regionales de salud en un recorrido por el suroeste que abarc\u00f3 las provincias Bahoruco, Independencia, Barahona y San Juan. El recorrido inici\u00f3 en el hospital materno infantil San Bartolom\u00e9 del municipio de Neyba, que por sus [&hellip;]<\/p>\n","protected":false},"author":3,"featured_media":0,"comment_status":"open","ping_status":"open","sticky":false,"template":"","format":"standard","meta":{"footnotes":""},"categories":[20],"tags":[],"class_list":["post-217523","post","type-post","status-publish","format-standard","hentry","category-dominicana-hoy"],"_links":{"self":[{"href":"https:\/\/diariodominicano.com\/index.php?rest_route=\/wp\/v2\/posts\/217523","targetHints":{"allow":["GET"]}}],"collection":[{"href":"https:\/\/diariodominicano.com\/index.php?rest_route=\/wp\/v2\/posts"}],"about":[{"href":"https:\/\/diariodominicano.com\/index.php?rest_route=\/wp\/v2\/types\/post"}],"author":[{"embeddable":true,"href":"https:\/\/diariodominicano.com\/index.php?rest_route=\/wp\/v2\/users\/3"}],"replies":[{"embeddable":true,"href":"https:\/\/diariodominicano.com\/index.php?rest_route=%2Fwp%2Fv2%2Fcomments&post=217523"}],"version-history":[{"count":0,"href":"https:\/\/diariodominicano.com\/index.php?rest_route=\/wp\/v2\/posts\/217523\/revisions"}],"wp:attachment":[{"href":"https:\/\/diariodominicano.com\/index.php?rest_route=%2Fwp%2Fv2%2Fmedia&parent=217523"}],"wp:term":[{"taxonomy":"category","embeddable":true,"href":"https:\/\/diariodominicano.com\/index.php?rest_route=%2Fwp%2Fv2%2Fcategories&post=217523"},{"taxonomy":"post_tag","embeddable":true,"href":"https:\/\/diariodominicano.com\/index.php?rest_route=%2Fwp%2Fv2%2Ftags&post=217523"}],"curies":[{"name":"wp","href":"https:\/\/api.w.org\/{rel}","templated":true}]}}