{"id":217522,"date":"2016-09-15T15:28:07","date_gmt":"2016-09-15T15:28:07","guid":{"rendered":"http:\/\/diariodominicano.ddns.net\/?p=217522"},"modified":"2016-09-15T15:28:07","modified_gmt":"2016-09-15T15:28:07","slug":"vicepresidenta-impone-medalla-bien-por-ti-al-padre-linares","status":"publish","type":"post","link":"https:\/\/diariodominicano.com\/?p=217522","title":{"rendered":"&#13;Vicepresidenta impone medalla Bien por Ti al padre Linares"},"content":{"rendered":"<p><body><\/p>\n<p><img decoding=\"async\" src=\"img3\/hablalndovice1-1-jpg.jpg\" \/><br \/><img decoding=\"async\" src=\"img3\/viceunopadre.jpg\" \/><br \/><img decoding=\"async\" src=\"img3\/vicegrupo2.jpg\" \/>  <\/p>\n<\/p>\n<\/p>\n<p><span class=\"text1noticias\">SANTO DOMINGO, 15 de septiembre de 2016.- La Vicepresidenta de la Rep\u00fablica, doctora Margarita Cede\u00f1o, otorg\u00f3 la medalla Bien por Ti al sacerdote salesiano Juan Linares, por su trayectoria de m\u00e1s de 40 a\u00f1os de trabajo en defensa de la ni\u00f1ez, la juventud y los m\u00e1s necesitados del pa\u00eds.<\/span><\/p>\n<\/p>\n<p><span class=\"text1noticias\">La doctora Margarita Cede\u00f1o reconoci\u00f3 al religioso en sus oficinas del Gabinete de Coordinaci\u00f3n de Pol\u00edticas Sociales en v\u00edsperas de su salida del pa\u00eds, quien regresar\u00e1 a su natal Espa\u00f1a a realizar tareas en torno a la formaci\u00f3n de voluntariados internacionales.<\/span><\/p>\n<\/p>\n<p><span class=\"text1noticias\">\u00abReconocemos al padre Linares por ser una de las personas m\u00e1s dignas y por su ejemplo de vida  en la promoci\u00f3n de valores\u00bb, expres\u00f3 la Vicemandataria.<\/span><\/p>\n<\/p>\n<p><span class=\"text1noticias\">Manifest\u00f3 la alegr\u00eda de imponer la medalla Bien por Ti a quien calific\u00f3 como un  estandarte de pol\u00edtica social.<\/span><\/p>\n<\/p>\n<p><span class=\"text1noticias\">\u00abUsted tiene viva la esperanza de un mundo mejor, la confianza en los ni\u00f1os y j\u00f3venes, sobre todo, darles acogida en momentos dif\u00edciles, como cuando est\u00e1n en situaci\u00f3n de calle. Es un gran honor que Dios me da, el de poner la presea en su pecho\u00bb, resalt\u00f3.<\/span><\/p>\n<\/p>\n<p><span class=\"text1noticias\">De su lado, el padre Linares dijo que el reconocimiento se le hace al carisma salesiano, y pidi\u00f3 a la Vicepresidenta continuar trabajando por los despose\u00eddos para que el pa\u00eds logre reducir la pobreza, y que los dominicanos y dominicanas puedan vivir m\u00e1s felices.<\/span><\/p>\n<\/p>\n<p><span class=\"text1noticias\">\u00abNo eleg\u00ed estar aqu\u00ed, pero le doy gracias a Dios que haya sido en Rep\u00fablica Dominicana, donde realic\u00e9 mi vocaci\u00f3n salesiana, donde he pasado unos a\u00f1os felices, nada m\u00e1s que 40, trabajando en diversos frentes donde me he encontrado gente maravillosa, se\u00f1al\u00f3 el sacerdote.  <\/span><\/p>\n<\/p>\n<p><span class=\"text1noticias\">Al momento de recibir la condecoraci\u00f3n, el padre Linares estuvo acompa\u00f1ado por el presidente de la Federaci\u00f3n de Exalumnos de Don Bosco (FEDEBOSCO), licenciado Luis Ventura;  la directora del programa Progresando con Solidaridad, doctora Altagracia Suriel; el delegado inspectorial de la Familia Salesiana, padre Jos\u00e9 Pastor Ram\u00edrez; el secretario Inspectorial de los Salesianos,  padre Wilson Rosario, as\u00ed como exalumnos Salesianos, cooperadores y miembros de la Fundaci\u00f3n Salesiana Don Bosco.<\/span><\/p>\n<\/p>\n<p><span class=\"text1noticias\">La medalla<\/span><\/p>\n<p><span class=\"text1noticias\">La medalla Bien por Ti es un reconocimiento otorgado a personalidades que han puesto en alto los valores humanos y sociales. Forma parte de la Estrategia Nacional por una Sociedad en Valores, que promueve la vicepresidenta Margarita Cede\u00f1o.<\/span><\/p>\n<\/p>\n<p><span class=\"text1noticias\">Sobre el padre Linares<\/span><\/p>\n<p><span class=\"text1noticias\">El padre Linares lleg\u00f3 en 1967 al Colegio Don Bosco, desempe\u00f1\u00e1ndose como maestro de f\u00edsica y matem\u00e1ticas hasta julio de 1970. Despu\u00e9s de ordenarse sacerdote en Espa\u00f1a regresa a Santo Domingo en agosto de 1976 al barrio Mar\u00eda Auxiliadora como responsable del centro juvenil y de la catequesis, director general de la obra, director de la escuela nocturna y miembro fundador del Instituto Salesiano de Formaci\u00f3n Laical ISAFOLA.<\/span><\/p>\n<\/p>\n<p><span class=\"text1noticias\">El 8 de diciembre de 1986 funda Canillitas con Don Bosco. En 1989 fue el creador del Campamento Nacional Felices con Don Bosco. En 1990 fue designado por el rector general superior de los salesianos en las Antillas.  Posteriormente, en 1993 hasta el 1995, fue presidente de la Conferencia Dominicana de Religiosos (CONDOR).  En 1995, el Arzobispo de Santo Domingo, lo nombra miembro del Consejo Presbiteral hasta que cesa en las funciones de Provincial de los Salesianos en 1996.<\/span><\/p>\n<\/p>\n<p><span class=\"text1noticias\">En el a\u00f1o 1997 vuelve al sector de Mar\u00eda Auxiliadora, nombrado como coordinador del \u00e1rea de marginaci\u00f3n de las Antillas.  Ya en 1999 es elegido coordinador del sector Marginaci\u00f3n en Am\u00e9rica Latina hasta el 2009.<\/span><\/p>\n<\/p>\n<p><span class=\"text1noticias\">En el a\u00f1o 2000 funda la Red Muchachos y Muchachas con Don Bosco, que re\u00fane a todas las obras de los salesianos que trabajan con los ni\u00f1os, ni\u00f1as y j\u00f3venes en situaciones de marginaci\u00f3n y riesgo, donde fue director hasta julio del 2011. En ese mismo a\u00f1o es nombrado director de la Fundaci\u00f3n Salesiana Don Bosco y delegado responsable de los Antiguos Alumnos de los Colegios y obras de los Salesianos en las Antillas. En ese mismo a\u00f1o el peri\u00f3dico Diario Libre le otorga la distinci\u00f3n de Hombre del A\u00f1o por sus aportes a la sociedad dominicana.<\/span><\/p>\n<\/p>\n<h6> 2016-09-15 15:28:07 <\/h6>\n<p><!--\n<link rel=\"stylesheet\" href=\"css\/bootstrap.min.css\">\n\n\n<ul class=\"pagination\">\n\t    \n\t\n\n<li >\n\t<a href='?page_no=12034'>Previous<\/a>\n\t<\/li>\n\n\n       \n    \n\n<li><a href='?page_no=1'>1<\/a><\/li>\n\n\n\n<li><a href='?page_no=2'>2<\/a><\/li>\n\n\n\n<li><a>...<\/a><\/li>\n\n\n\n<li><a href='?page_no=12033'>12033<\/a><\/li>\n\n\n\n<li><a href='?page_no=12034'>12034<\/a><\/li>\n\n\n\n<li class='active'><a>12035<\/a><\/li>\n\n\n\n<li><a href='?page_no=12036'>12036<\/a><\/li>\n\n\n\n<li><a href='?page_no=12037'>12037<\/a><\/li>\n\n\n\n<li><a>...<\/a><\/li>\n\n\n\n<li><a href='?page_no=56169'>56169<\/a><\/li>\n\n\n\n<li><a href='?page_no=56170'>56170<\/a><\/li>\n\n    \n\t\n\n<li >\n\t<a href='?page_no=12036'>Next<\/a>\n\t<\/li>\n\n\n    \n\n<li><a href='?page_no=56170'>Last &rsaquo;&rsaquo;<\/a><\/li>\n\n<\/ul>\n\n\n--><br \/>\n<\/body><\/p>\n","protected":false},"excerpt":{"rendered":"<p>SANTO DOMINGO, 15 de septiembre de 2016.- La Vicepresidenta de la Rep\u00fablica, doctora Margarita Cede\u00f1o, otorg\u00f3 la medalla Bien por Ti al sacerdote salesiano Juan Linares, por su trayectoria de m\u00e1s de 40 a\u00f1os de trabajo en defensa de la ni\u00f1ez, la juventud y los m\u00e1s necesitados del pa\u00eds. La doctora Margarita Cede\u00f1o reconoci\u00f3 al [&hellip;]<\/p>\n","protected":false},"author":3,"featured_media":0,"comment_status":"open","ping_status":"open","sticky":false,"template":"","format":"standard","meta":{"footnotes":""},"categories":[20],"tags":[],"class_list":["post-217522","post","type-post","status-publish","format-standard","hentry","category-dominicana-hoy"],"_links":{"self":[{"href":"https:\/\/diariodominicano.com\/index.php?rest_route=\/wp\/v2\/posts\/217522","targetHints":{"allow":["GET"]}}],"collection":[{"href":"https:\/\/diariodominicano.com\/index.php?rest_route=\/wp\/v2\/posts"}],"about":[{"href":"https:\/\/diariodominicano.com\/index.php?rest_route=\/wp\/v2\/types\/post"}],"author":[{"embeddable":true,"href":"https:\/\/diariodominicano.com\/index.php?rest_route=\/wp\/v2\/users\/3"}],"replies":[{"embeddable":true,"href":"https:\/\/diariodominicano.com\/index.php?rest_route=%2Fwp%2Fv2%2Fcomments&post=217522"}],"version-history":[{"count":0,"href":"https:\/\/diariodominicano.com\/index.php?rest_route=\/wp\/v2\/posts\/217522\/revisions"}],"wp:attachment":[{"href":"https:\/\/diariodominicano.com\/index.php?rest_route=%2Fwp%2Fv2%2Fmedia&parent=217522"}],"wp:term":[{"taxonomy":"category","embeddable":true,"href":"https:\/\/diariodominicano.com\/index.php?rest_route=%2Fwp%2Fv2%2Fcategories&post=217522"},{"taxonomy":"post_tag","embeddable":true,"href":"https:\/\/diariodominicano.com\/index.php?rest_route=%2Fwp%2Fv2%2Ftags&post=217522"}],"curies":[{"name":"wp","href":"https:\/\/api.w.org\/{rel}","templated":true}]}}